{"id":131022,"date":"2021-12-27T11:49:46","date_gmt":"2021-12-27T14:49:46","guid":{"rendered":"https:\/\/senoticias.com.br\/se\/?p=131022"},"modified":"2021-12-27T12:02:00","modified_gmt":"2021-12-27T15:02:00","slug":"policia-militar-prende-dupla-por-porte-ilegal-de-arma-de-fogo-e-trafico-de-drogas-em-sao-cristovao","status":"publish","type":"post","link":"https:\/\/senoticias.com.br\/se\/policia-militar-prende-dupla-por-porte-ilegal-de-arma-de-fogo-e-trafico-de-drogas-em-sao-cristovao\/","title":{"rendered":"Pol\u00edcia Militar prende dupla por porte ilegal de arma de fogo e tr\u00e1fico de drogas em S\u00e3o Crist\u00f3v\u00e3o"},"content":{"rendered":"\n<p><\/p>\n\n\n\n<p>Na noite desse domingo (26), policiais do Grupamento Especial T\u00e1tico de Motos (Getam) prenderam dois homens por porte ilegal de arma de fogo e tr\u00e1fico de drogas, durante policiamento no bairro Madre Paulina, munic\u00edpio de S\u00e3o Crist\u00f3v\u00e3o.<\/p>\n\n\n\n<figure class=\"wp-block-image size-large\"><img loading=\"lazy\" decoding=\"async\" width=\"590\" height=\"391\" src=\"https:\/\/senoticias.com.br\/se\/wp-content\/uploads\/2014\/08\/Getam-marcio-garcez.jpg\" alt=\"\" class=\"wp-image-68053\" srcset=\"https:\/\/senoticias.com.br\/se\/wp-content\/uploads\/2014\/08\/Getam-marcio-garcez.jpg 590w, https:\/\/senoticias.com.br\/se\/wp-content\/uploads\/2014\/08\/Getam-marcio-garcez-300x198.jpg 300w, https:\/\/senoticias.com.br\/se\/wp-content\/uploads\/2014\/08\/Getam-marcio-garcez-342x226.jpg 342w\" sizes=\"(max-width: 590px) 100vw, 590px\" \/><figcaption> Na a\u00e7\u00e3o, ocorrida no Bairro Madre Paulina, foram apreendidos 84 papelotes de maconha, um rev\u00f3lver e muni\u00e7\u00f5es (Getam)  &#8211; Foto: arquivo\/SSP\/SE<\/figcaption><\/figure>\n\n\n\n<p>Segundo relato policial, os militares do Getam realizavam o patrulhamento de rotina naquele munic\u00edpio, quando foram informados por populares sobre um intenso tr\u00e1fico de drogas na Rua O, do bairro Madre Paulina. Ainda de acordo com a den\u00fancia, o com\u00e9rcio dos entorpecentes estava sendo realizado por dois homens e, um deles, portava uma arma de fogo.<\/p>\n\n\n\n<p>A partir dessas informa\u00e7\u00f5es, as equipes intensificaram as rondas no local e localizaram os dois suspeitos. Ao avistarem a viatura, os homens tentaram se esconder em um terreno, mas foram interceptados pelos policiais logo em seguida. Durante abordagem, um deles foi flagrado com nove trouxinhas de maconha. Questionado sobre a origem da droga, ele confessou que havia mais 75 papelotes da mesma subst\u00e2ncia escondidos em uma lata de metal, totalizando 84 papelotes de maconha apreendidos. Ainda durante a revista pessoal, os policiais tamb\u00e9m encontraram um rev\u00f3lver calibre 38 com seis muni\u00e7\u00f5es, al\u00e9m de 10 cartuchos calibre 12, em posse do segundo suspeito.<\/p>\n\n\n\n<p>Ap\u00f3s os flagrantes, a dupla informou que havia adquirido os entorpecentes por meio de um indiv\u00edduo que residia no mesmo loteamento. Os militares foram averiguar a informa\u00e7\u00e3o e perceberam que o suspeito tinha sa\u00eddo da casa pouco antes da chegada das equipes. Na \u00e2nsia de fugir do flagrante, o homem deixou o im\u00f3vel aberto. No local, os PMs encontraram um tablete de coca\u00edna pesando 90 gramas, papel alum\u00ednio e documento pessoais.<\/p>\n\n\n\n<p>A dupla foi presa e encaminhada, juntamente com o material apreendido, \u00e0 Central de Flagrantes.<\/p>\n\n\n\n<p><em><strong>Quer receber as principais not\u00edcias do<\/strong>&nbsp;<strong>SE Not\u00edcias<\/strong>&nbsp;<strong>no seu<\/strong>&nbsp;<strong>WhatsApp?<\/strong>&nbsp;<strong><a href=\"https:\/\/api.whatsapp.com\/send?phone=5579991715289\">Clique aqui<\/a><\/strong>.<\/em><\/p>\n\n\n\n<p><strong><em>Acompanhe tamb\u00e9m o SE Not\u00edcias no&nbsp;<a rel=\"noreferrer noopener\" href=\"https:\/\/twitter.com\/Senoticias\" target=\"_blank\">Twitter<\/a>,&nbsp;<a rel=\"noreferrer noopener\" href=\"https:\/\/www.facebook.com\/senoticias1\" target=\"_blank\">Facebook<\/a>&nbsp;e no&nbsp;<a rel=\"noreferrer noopener\" href=\"https:\/\/www.instagram.com\/senoticias\/\" target=\"_blank\">Instagram<\/a><\/em><\/strong><\/p>\n\n\n\n<p>Fonte: Ascom PM\/SE<\/p>\n","protected":false},"excerpt":{"rendered":"<p>Na noite desse domingo (26), policiais do Grupamento Especial T\u00e1tico de Motos (Getam) prenderam dois homens por porte ilegal de arma de fogo e tr\u00e1fico de drogas, durante policiamento no bairro Madre Paulina, munic\u00edpio de S\u00e3o Crist\u00f3v\u00e3o. Segundo relato policial, os militares do Getam realizavam o patrulhamento de rotina naquele munic\u00edpio, quando foram informados por [&hellip;]<\/p>\n","protected":false},"author":6557,"featured_media":0,"comment_status":"closed","ping_status":"closed","sticky":false,"template":"","format":"standard","meta":{"footnotes":""},"categories":[15,7],"tags":[11815,575,35634,86],"class_list":{"0":"post-131022","1":"post","2":"type-post","3":"status-publish","4":"format-standard","6":"category-destaques","7":"category-policia","8":"tag-central-de-flagrantes","9":"tag-getam","10":"tag-madre-paulina","11":"tag-policia-militar"},"_links":{"self":[{"href":"https:\/\/senoticias.com.br\/se\/wp-json\/wp\/v2\/posts\/131022"}],"collection":[{"href":"https:\/\/senoticias.com.br\/se\/wp-json\/wp\/v2\/posts"}],"about":[{"href":"https:\/\/senoticias.com.br\/se\/wp-json\/wp\/v2\/types\/post"}],"author":[{"embeddable":true,"href":"https:\/\/senoticias.com.br\/se\/wp-json\/wp\/v2\/users\/6557"}],"replies":[{"embeddable":true,"href":"https:\/\/senoticias.com.br\/se\/wp-json\/wp\/v2\/comments?post=131022"}],"version-history":[{"count":0,"href":"https:\/\/senoticias.com.br\/se\/wp-json\/wp\/v2\/posts\/131022\/revisions"}],"wp:attachment":[{"href":"https:\/\/senoticias.com.br\/se\/wp-json\/wp\/v2\/media?parent=131022"}],"wp:term":[{"taxonomy":"category","embeddable":true,"href":"https:\/\/senoticias.com.br\/se\/wp-json\/wp\/v2\/categories?post=131022"},{"taxonomy":"post_tag","embeddable":true,"href":"https:\/\/senoticias.com.br\/se\/wp-json\/wp\/v2\/tags?post=131022"}],"curies":[{"name":"wp","href":"https:\/\/api.w.org\/{rel}","templated":true}]}}