{"id":130991,"date":"2021-12-24T10:22:45","date_gmt":"2021-12-24T13:22:45","guid":{"rendered":"https:\/\/senoticias.com.br\/se\/?p=130991"},"modified":"2021-12-24T10:25:56","modified_gmt":"2021-12-24T13:25:56","slug":"vereadores-aprovam-orcamento-de-r295-bilhoes-para-aracaju-em-2022","status":"publish","type":"post","link":"https:\/\/senoticias.com.br\/se\/vereadores-aprovam-orcamento-de-r295-bilhoes-para-aracaju-em-2022\/","title":{"rendered":"Vereadores aprovam or\u00e7amento de R$2,95 bilh\u00f5es para Aracaju em 2022"},"content":{"rendered":"\n<p><\/p>\n\n\n\n<p>Os vereadores de Aracaju conclu\u00edram a aprecia\u00e7\u00e3o da Lei Or\u00e7ament\u00e1ria Anual (LOA). A vota\u00e7\u00e3o iniciou na quinta-feira, 23, e seguiu at\u00e9 o in\u00edcio da madrugada de sexta-feira, 24. Durante a 119\u00aa Sess\u00e3o Ordin\u00e1ria, o Plen\u00e1rio analisou 28 emendas, sendo 14 rejeitadas, seis aprovadas e oito retiradas.<\/p>\n\n\n\n<figure class=\"wp-block-image size-large\"><img loading=\"lazy\" decoding=\"async\" width=\"588\" height=\"410\" src=\"https:\/\/senoticias.com.br\/se\/wp-content\/uploads\/2021\/12\/Vereadores-de-Aracaju-SE-Noticias.jpg\" alt=\"\" class=\"wp-image-130992\" srcset=\"https:\/\/senoticias.com.br\/se\/wp-content\/uploads\/2021\/12\/Vereadores-de-Aracaju-SE-Noticias.jpg 588w, https:\/\/senoticias.com.br\/se\/wp-content\/uploads\/2021\/12\/Vereadores-de-Aracaju-SE-Noticias-300x209.jpg 300w\" sizes=\"(max-width: 588px) 100vw, 588px\" \/><figcaption>Durante a sess\u00e3o tamb\u00e9m foram analisadas 28 emendas, sendo 14 rejeitadas, seis aprovadas e oito retiradas &#8211; Foto: C\u00e9sar de Oliveira<\/figcaption><\/figure>\n\n\n\n<p>O Projeto de Lei n\u00ba 281\/2021, de autoria do Poder Executivo, que estima a receita e fixa a despesa do munic\u00edpio de Aracaju para o exerc\u00edcio de 2022, foi aprovado em 2\u00aa e 3\u00aa vota\u00e7\u00e3o e Reda\u00e7\u00e3o Final. O or\u00e7amento previsto para o pr\u00f3ximo ano \u00e9 de mais de R$2,95 bilh\u00f5es. Ao todo, foram protocoladas 180 emendas.<\/p>\n\n\n\n<p>Dentre as emendas aprovadas, estava a de n\u00ba 28, de autoria da Professora \u00c2ngela (PT), que garante o reajuste do piso salarial aos professores do magist\u00e9rio municipal. Tamb\u00e9m referente ao servidor, foi aprovada a emenda 176, de autoria do vereador Isac (PDT), que garante o reajuste e a aplica\u00e7\u00e3o do piso salarial dos agentes comunit\u00e1rios de endemias.<\/p>\n\n\n\n<p><strong>O que \u00e9 a LOA?<\/strong><\/p>\n\n\n\n<p>A Lei Or\u00e7ament\u00e1ria Anual (LOA) \u00e9 uma lei elaborada pelo Poder Executivo que estabelece as despesas e as receitas que ser\u00e3o realizadas no ano subsequente. Nesta lei, est\u00e1 contido um planejamento de gastos que define as obras e os servi\u00e7os que s\u00e3o priorit\u00e1rios para o Munic\u00edpio, levando em conta os recursos dispon\u00edveis.<\/p>\n\n\n\n<p><em><strong>Quer receber as principais not\u00edcias do<\/strong>&nbsp;<strong>SE Not\u00edcias<\/strong>&nbsp;<strong>no seu<\/strong>&nbsp;<strong>WhatsApp?<\/strong>&nbsp;<strong><a href=\"https:\/\/api.whatsapp.com\/send?phone=5579991715289\">Clique aqui<\/a><\/strong>.<\/em><\/p>\n\n\n\n<p><strong><em>Acompanhe tamb\u00e9m o SE Not\u00edcias no&nbsp;<a rel=\"noreferrer noopener\" href=\"https:\/\/twitter.com\/Senoticias\" target=\"_blank\">Twitter<\/a>,&nbsp;<a rel=\"noreferrer noopener\" href=\"https:\/\/www.facebook.com\/senoticias1\" target=\"_blank\">Facebook<\/a>&nbsp;e no&nbsp;<a rel=\"noreferrer noopener\" href=\"https:\/\/www.instagram.com\/senoticias\/\" target=\"_blank\">Instagram<\/a><\/em><\/strong><\/p>\n\n\n\n<p>por Ag\u00eancia C\u00e2mara Aracaju<\/p>\n\n\n\n<p><\/p>\n","protected":false},"excerpt":{"rendered":"<p>Os vereadores de Aracaju conclu\u00edram a aprecia\u00e7\u00e3o da Lei Or\u00e7ament\u00e1ria Anual (LOA). A vota\u00e7\u00e3o iniciou na quinta-feira, 23, e seguiu at\u00e9 o in\u00edcio da madrugada de sexta-feira, 24. Durante a 119\u00aa Sess\u00e3o Ordin\u00e1ria, o Plen\u00e1rio analisou 28 emendas, sendo 14 rejeitadas, seis aprovadas e oito retiradas. O Projeto de Lei n\u00ba 281\/2021, de autoria do [&hellip;]<\/p>\n","protected":false},"author":6557,"featured_media":0,"comment_status":"closed","ping_status":"closed","sticky":false,"template":"","format":"standard","meta":{"footnotes":""},"categories":[15,6,1],"tags":[35615,11664,35614,213,590],"class_list":{"0":"post-130991","1":"post","2":"type-post","3":"status-publish","4":"format-standard","6":"category-destaques","7":"category-politica","8":"category-sem-categoria","9":"tag-lei-orcamentaria-anual","10":"tag-loa","11":"tag-orcamento-2022","12":"tag-prefeitura-de-aracaju","13":"tag-vereadores-de-aracaju"},"_links":{"self":[{"href":"https:\/\/senoticias.com.br\/se\/wp-json\/wp\/v2\/posts\/130991"}],"collection":[{"href":"https:\/\/senoticias.com.br\/se\/wp-json\/wp\/v2\/posts"}],"about":[{"href":"https:\/\/senoticias.com.br\/se\/wp-json\/wp\/v2\/types\/post"}],"author":[{"embeddable":true,"href":"https:\/\/senoticias.com.br\/se\/wp-json\/wp\/v2\/users\/6557"}],"replies":[{"embeddable":true,"href":"https:\/\/senoticias.com.br\/se\/wp-json\/wp\/v2\/comments?post=130991"}],"version-history":[{"count":0,"href":"https:\/\/senoticias.com.br\/se\/wp-json\/wp\/v2\/posts\/130991\/revisions"}],"wp:attachment":[{"href":"https:\/\/senoticias.com.br\/se\/wp-json\/wp\/v2\/media?parent=130991"}],"wp:term":[{"taxonomy":"category","embeddable":true,"href":"https:\/\/senoticias.com.br\/se\/wp-json\/wp\/v2\/categories?post=130991"},{"taxonomy":"post_tag","embeddable":true,"href":"https:\/\/senoticias.com.br\/se\/wp-json\/wp\/v2\/tags?post=130991"}],"curies":[{"name":"wp","href":"https:\/\/api.w.org\/{rel}","templated":true}]}}