{"id":130957,"date":"2021-12-21T18:25:52","date_gmt":"2021-12-21T21:25:52","guid":{"rendered":"https:\/\/senoticias.com.br\/se\/?p=130957"},"modified":"2021-12-21T18:31:37","modified_gmt":"2021-12-21T21:31:37","slug":"comprovante-de-vacinacao-vigilancia-sanitaria-de-sao-cristovao-faz-fiscalizacao-em-academias","status":"publish","type":"post","link":"https:\/\/senoticias.com.br\/se\/comprovante-de-vacinacao-vigilancia-sanitaria-de-sao-cristovao-faz-fiscalizacao-em-academias\/","title":{"rendered":"Comprovante de vacina\u00e7\u00e3o: vigil\u00e2ncia sanit\u00e1ria de S\u00e3o Crist\u00f3v\u00e3o faz fiscaliza\u00e7\u00e3o em academias"},"content":{"rendered":"\n<p><\/p>\n\n\n\n<p>A Vigil\u00e2ncia Sanit\u00e1ria de S\u00e3o Crist\u00f3v\u00e3o iniciou nesta ter\u00e7a (21) uma s\u00e9rie de fiscaliza\u00e7\u00f5es nas academias do munic\u00edpio para verificar o cumprimento do decreto n\u00ba 467\/2021que disp\u00f5e sobre a obrigatoriedade de comprova\u00e7\u00e3o da vacina\u00e7\u00e3o contra COVID-19.<\/p>\n\n\n\n<figure class=\"wp-block-image size-large\"><img loading=\"lazy\" decoding=\"async\" width=\"581\" height=\"392\" src=\"https:\/\/senoticias.com.br\/se\/wp-content\/uploads\/2021\/12\/Vigilancia-sanitaria-se-noticias.jpeg\" alt=\"\" class=\"wp-image-130958\" srcset=\"https:\/\/senoticias.com.br\/se\/wp-content\/uploads\/2021\/12\/Vigilancia-sanitaria-se-noticias.jpeg 581w, https:\/\/senoticias.com.br\/se\/wp-content\/uploads\/2021\/12\/Vigilancia-sanitaria-se-noticias-300x202.jpeg 300w, https:\/\/senoticias.com.br\/se\/wp-content\/uploads\/2021\/12\/Vigilancia-sanitaria-se-noticias-90x60.jpeg 90w, https:\/\/senoticias.com.br\/se\/wp-content\/uploads\/2021\/12\/Vigilancia-sanitaria-se-noticias-180x120.jpeg 180w, https:\/\/senoticias.com.br\/se\/wp-content\/uploads\/2021\/12\/Vigilancia-sanitaria-se-noticias-95x64.jpeg 95w\" sizes=\"(max-width: 581px) 100vw, 581px\" \/><figcaption>Vigil\u00e2ncia sanit\u00e1ria de S\u00e3o Crist\u00f3v\u00e3o faz fiscaliza\u00e7\u00e3o em academias &#8211; Foto: Dane Santos\/PMSC<\/figcaption><\/figure>\n\n\n\n<p>As fiscaliza\u00e7\u00f5es t\u00eam como o objetivo verificar se os propriet\u00e1rios das academias do munic\u00edpio est\u00e3o cobrando dos usu\u00e1rios a apresenta\u00e7\u00e3o do cart\u00e3o de vacina para adentrar no estabelecimento. Em uma das academias fiscalizadas no Eduardo Gomes, as medidas de precau\u00e7\u00e3o estavam sendo aplicadas, com a solicita\u00e7\u00e3o da apresenta\u00e7\u00e3o do cart\u00e3o de vacina <strong>para todos os 400 alunos que frequentam o local.<\/strong><\/p>\n\n\n\n<p>\u201cDesde que a lei foi determinada, n\u00f3s estamos seguindo a lei. Seguimos rigorosamente, pois hoje a palavra-chave no mundo hoje \u00e9 sa\u00fade, ent\u00e3o queremos colaborar e nos comprometemos para que a pandemia seja erradicada e que tudo isso passe. A entrada aqui s\u00f3 \u00e9 permitida a partir do momento que o aluno apresenta o comprovante de vacina\u00e7\u00e3o\u201d, explicou Michel Braga, respons\u00e1vel pela academia.<\/p>\n\n\n\n<p>J\u00e1 outras academias ainda n\u00e3o estavam cumprindo o decreto, e permitindo que os alunos adentrassem sem comprova\u00e7\u00e3o da vacina\u00e7\u00e3o realizada. Nesses casos, a vigil\u00e2ncia sanit\u00e1ria orienta os respons\u00e1veis pelo estabelecimento, faz a entrega do decreto, e d\u00e1 um prazo de 30 dias para a devida adequa\u00e7\u00e3o ao decreto.<\/p>\n\n\n\n<p>\u201cFizemos a orienta\u00e7\u00e3o para que eles cobrem o cart\u00e3o de vacina de todos os alunos pois a falta disso \u00e9 passive de puni\u00e7\u00e3o. Estamos realizando as fiscaliza\u00e7\u00f5es nas academias da cidade no intuito de regularizar essa situa\u00e7\u00e3o. No prazo de 30 dias vamos retornar para ver se realmente eles est\u00e3o cumprindo a determina\u00e7\u00e3o da vigil\u00e2ncia sanit\u00e1ria\u201d, enfatizou Vald\u00e9rio Cruz, fiscal da Vigil\u00e2ncia Sanit\u00e1ria.<\/p>\n\n\n\n<p>Segundo C\u00e1tia Patr\u00edcia, Coordenadora da Vigil\u00e2ncia Sanit\u00e1ria de S\u00e3o Crist\u00f3v\u00e3o, a vigil\u00e2ncia Sanit\u00e1ria municipal atua considerando o princ\u00edpio da precau\u00e7\u00e3o e a necessidade de conter a dissemina\u00e7\u00e3o da COVID-19 \u201cEstamos aqui para garantir o adequado funcionamento dos servi\u00e7os de sa\u00fade e a preserva\u00e7\u00e3o da sa\u00fade p\u00fablica, fiscalizando todos os espa\u00e7os de atividades f\u00edsicas, e tamb\u00e9m clubes sociais, piscinas, circos, locais de visita\u00e7\u00e3o turisticamente e locais de uso coletivo para verificar a comprova\u00e7\u00e3o de vacina\u00e7\u00e3o contra a COVID-19 em cumprimento ao decreto\u201d, afirmou a coordenadora.<\/p>\n\n\n\n<p>As fiscaliza\u00e7\u00f5es continuam durante os pr\u00f3ximos dias, e o descumprimento da lei \u00e9 pass\u00edvel suspens\u00e3o das atividades do local por tempo determinado. A vacina\u00e7\u00e3o a ser comprovada corresponde a 1\u00b0 dose, a 2\u00b0 dose ou a dose \u00fanica, em raz\u00e3o do cronograma institu\u00eddo pela Secretaria Municipal da Sa\u00fade.<\/p>\n\n\n\n<p><em><strong>Quer receber as principais not\u00edcias do<\/strong>&nbsp;<strong>SE Not\u00edcias<\/strong>&nbsp;<strong>no seu<\/strong>&nbsp;<strong>WhatsApp?<\/strong>&nbsp;<strong><a href=\"https:\/\/api.whatsapp.com\/send?phone=5579991715289\">Clique aqui<\/a><\/strong>.<\/em><\/p>\n\n\n\n<p><strong><em>Acompanhe tamb\u00e9m o SE Not\u00edcias no\u00a0<a rel=\"noreferrer noopener\" href=\"https:\/\/twitter.com\/Senoticias\" target=\"_blank\">Twitter<\/a>,\u00a0<a rel=\"noreferrer noopener\" href=\"https:\/\/www.facebook.com\/senoticias1\" target=\"_blank\">Facebook<\/a>\u00a0e no\u00a0<a rel=\"noreferrer noopener\" href=\"https:\/\/www.instagram.com\/senoticias\/\" target=\"_blank\">Instagram<\/a><\/em><\/strong><\/p>\n\n\n\n<p>Fonte: ascom\/PMSC<\/p>\n","protected":false},"excerpt":{"rendered":"<p>A Vigil\u00e2ncia Sanit\u00e1ria de S\u00e3o Crist\u00f3v\u00e3o iniciou nesta ter\u00e7a (21) uma s\u00e9rie de fiscaliza\u00e7\u00f5es nas academias do munic\u00edpio para verificar o cumprimento do decreto n\u00ba 467\/2021que disp\u00f5e sobre a obrigatoriedade de comprova\u00e7\u00e3o da vacina\u00e7\u00e3o contra COVID-19. As fiscaliza\u00e7\u00f5es t\u00eam como o objetivo verificar se os propriet\u00e1rios das academias do munic\u00edpio est\u00e3o cobrando dos usu\u00e1rios a [&hellip;]<\/p>\n","protected":false},"author":6557,"featured_media":0,"comment_status":"closed","ping_status":"closed","sticky":false,"template":"","format":"standard","meta":{"footnotes":""},"categories":[15,6,1],"tags":[35591,14369,1304,15366],"class_list":{"0":"post-130957","1":"post","2":"type-post","3":"status-publish","4":"format-standard","6":"category-destaques","7":"category-politica","8":"category-sem-categoria","9":"tag-fiscalizacao-de-academias","10":"tag-pandemia","11":"tag-saude","12":"tag-vigilancia-sanitaria-de-sao-cristovao"},"_links":{"self":[{"href":"https:\/\/senoticias.com.br\/se\/wp-json\/wp\/v2\/posts\/130957"}],"collection":[{"href":"https:\/\/senoticias.com.br\/se\/wp-json\/wp\/v2\/posts"}],"about":[{"href":"https:\/\/senoticias.com.br\/se\/wp-json\/wp\/v2\/types\/post"}],"author":[{"embeddable":true,"href":"https:\/\/senoticias.com.br\/se\/wp-json\/wp\/v2\/users\/6557"}],"replies":[{"embeddable":true,"href":"https:\/\/senoticias.com.br\/se\/wp-json\/wp\/v2\/comments?post=130957"}],"version-history":[{"count":0,"href":"https:\/\/senoticias.com.br\/se\/wp-json\/wp\/v2\/posts\/130957\/revisions"}],"wp:attachment":[{"href":"https:\/\/senoticias.com.br\/se\/wp-json\/wp\/v2\/media?parent=130957"}],"wp:term":[{"taxonomy":"category","embeddable":true,"href":"https:\/\/senoticias.com.br\/se\/wp-json\/wp\/v2\/categories?post=130957"},{"taxonomy":"post_tag","embeddable":true,"href":"https:\/\/senoticias.com.br\/se\/wp-json\/wp\/v2\/tags?post=130957"}],"curies":[{"name":"wp","href":"https:\/\/api.w.org\/{rel}","templated":true}]}}