{"id":130890,"date":"2021-12-16T11:02:40","date_gmt":"2021-12-16T14:02:40","guid":{"rendered":"https:\/\/senoticias.com.br\/se\/?p=130890"},"modified":"2021-12-16T11:24:40","modified_gmt":"2021-12-16T14:24:40","slug":"policia-civil-prende-em-flagrante-autor-de-sequestro-de-crianca-em-poco-verde","status":"publish","type":"post","link":"https:\/\/senoticias.com.br\/se\/policia-civil-prende-em-flagrante-autor-de-sequestro-de-crianca-em-poco-verde\/","title":{"rendered":"Pol\u00edcia prende um dos suspeitos de participar de latroc\u00ednio de dono de lava-jato em Nossa Senhora do Socorro"},"content":{"rendered":"\n<p>O Departamento de Crimes Contra o Patrim\u00f4nio (Depatri) deu cumprimento ao mandado de pris\u00e3o de Jos\u00e9 Cleiton Concei\u00e7\u00e3o da Silva, identificado como um dos tr\u00eas autores do latroc\u00ednio que vitimou Jos\u00e9 Marcos Menezes dos Anjos, propriet\u00e1rio de um lava a jato localizado no conjunto Albano Franco, em Socorro. Jos\u00e9 Cleiton foi preso nessa quarta-feira (15), em Aracaju.<\/p>\n\n\n\n<figure class=\"wp-block-image size-large\"><img loading=\"lazy\" decoding=\"async\" width=\"592\" height=\"802\" src=\"https:\/\/senoticias.com.br\/se\/wp-content\/uploads\/2021\/12\/Suspeito-SE-Noticias.jpeg\" alt=\"\" class=\"wp-image-130892\" srcset=\"https:\/\/senoticias.com.br\/se\/wp-content\/uploads\/2021\/12\/Suspeito-SE-Noticias.jpeg 592w, https:\/\/senoticias.com.br\/se\/wp-content\/uploads\/2021\/12\/Suspeito-SE-Noticias-221x300.jpeg 221w\" sizes=\"(max-width: 592px) 100vw, 592px\" \/><figcaption>Segundo a Pol\u00edcia Civil, Jos\u00e9 Cleiton foi preso nessa quarta-feira (15), em Aracaju &#8211; Foto: SSP\/SE<\/figcaption><\/figure>\n\n\n\n<p>De acordo com a delegada Thereza Simony, as investiga\u00e7\u00f5es tiveram in\u00edcio logo ap\u00f3s a ocorr\u00eancia do crime, no dia 20 de novembro. \u201cDesde ent\u00e3o, a Pol\u00edcia Civil vem trabalhando no sentido de identificar e localizar os autores do crime. Na semana passada, divulgamos imagens que mostravam o momento em que os investigados iam ao lava a jato, cometiam o latroc\u00ednio, saiam correndo e entravam no ve\u00edculo\u201d, relembrou.<\/p>\n\n\n\n<p>Com a divulga\u00e7\u00e3o das imagens do caso, a Pol\u00edcia Civil chegou \u00e0 identifica\u00e7\u00e3o dos tr\u00eas suspeitos &#8211; <strong>Jos\u00e9 Cleiton Concei\u00e7\u00e3o da Silva, conhecido como \u201cCleitinho\u201d<\/strong>; Evaldo Gon\u00e7alves Lima, o \u201cGalego\u201d; e Jos\u00e9 Juliano Silva Soares, o \u201cChuck\u201d. Os tr\u00eas investigados s\u00e3o moradores de Nossa Senhora do Socorro.<\/p>\n\n\n\n<p>\u201cA partir da divulga\u00e7\u00e3o da identidade dos suspeitos, a Pol\u00edcia Civil recebeu diversas informa\u00e7\u00f5es <strong>via Disque-den\u00fancia (181)<\/strong> que resultaram na pris\u00e3o de Jos\u00e9 Cleiton. Ele foi ouvido, interrogado e confessou a autoria do crime. Ent\u00e3o, podemos dizer que existem ind\u00edcios suficientes da participa\u00e7\u00e3o dele no crime de latroc\u00ednio. Os demais envolvidos seguem sendo procurados pela pol\u00edcia\u201d, informou a delegada.<\/p>\n\n\n\n<p>A Pol\u00edcia Civil pede que informa\u00e7\u00f5es e den\u00fancias que possam levar \u00e0 localiza\u00e7\u00e3o de Evaldo Gon\u00e7alves Lima e de Jos\u00e9 Juliano Silva Soares devem ser repassadas por meio da ferramenta Disque-Den\u00fancia, no telefone 181. O sigilo do denunciante \u00e9 garantido.<\/p>\n\n\n\n<p><em><strong>Quer receber as principais not\u00edcias do<\/strong>&nbsp;<strong>SE Not\u00edcias<\/strong>&nbsp;<strong>no seu<\/strong>&nbsp;<strong>WhatsApp?<\/strong>&nbsp;<strong><a href=\"https:\/\/api.whatsapp.com\/send?phone=5579991715289\">Clique aqui<\/a><\/strong>.<\/em><\/p>\n\n\n\n<p><strong><em>Acompanhe tamb\u00e9m o SE Not\u00edcias no&nbsp;<a rel=\"noreferrer noopener\" href=\"https:\/\/twitter.com\/Senoticias\" target=\"_blank\">Twitter<\/a>,&nbsp;<a rel=\"noreferrer noopener\" href=\"https:\/\/www.facebook.com\/senoticias1\" target=\"_blank\">Facebook<\/a>&nbsp;e no&nbsp;<a rel=\"noreferrer noopener\" href=\"https:\/\/www.instagram.com\/senoticias\/\" target=\"_blank\">Instagram<\/a><\/em><\/strong><\/p>\n\n\n\n<p>Fonte: SSP\/SE<\/p>\n","protected":false},"excerpt":{"rendered":"<p>O Departamento de Crimes Contra o Patrim\u00f4nio (Depatri) deu cumprimento ao mandado de pris\u00e3o de Jos\u00e9 Cleiton Concei\u00e7\u00e3o da Silva, identificado como um dos tr\u00eas autores do latroc\u00ednio que vitimou Jos\u00e9 Marcos Menezes dos Anjos, propriet\u00e1rio de um lava a jato localizado no conjunto Albano Franco, em Socorro. Jos\u00e9 Cleiton foi preso nessa quarta-feira (15), [&hellip;]<\/p>\n","protected":false},"author":6557,"featured_media":0,"comment_status":"closed","ping_status":"closed","sticky":false,"template":"","format":"standard","meta":{"footnotes":""},"categories":[15,7,1],"tags":[35556,35557],"class_list":{"0":"post-130890","1":"post","2":"type-post","3":"status-publish","4":"format-standard","6":"category-destaques","7":"category-policia","8":"category-sem-categoria","9":"tag-crime-do-lava-jato","10":"tag-suspeitos-de-participar-de-latrocinio"},"_links":{"self":[{"href":"https:\/\/senoticias.com.br\/se\/wp-json\/wp\/v2\/posts\/130890"}],"collection":[{"href":"https:\/\/senoticias.com.br\/se\/wp-json\/wp\/v2\/posts"}],"about":[{"href":"https:\/\/senoticias.com.br\/se\/wp-json\/wp\/v2\/types\/post"}],"author":[{"embeddable":true,"href":"https:\/\/senoticias.com.br\/se\/wp-json\/wp\/v2\/users\/6557"}],"replies":[{"embeddable":true,"href":"https:\/\/senoticias.com.br\/se\/wp-json\/wp\/v2\/comments?post=130890"}],"version-history":[{"count":0,"href":"https:\/\/senoticias.com.br\/se\/wp-json\/wp\/v2\/posts\/130890\/revisions"}],"wp:attachment":[{"href":"https:\/\/senoticias.com.br\/se\/wp-json\/wp\/v2\/media?parent=130890"}],"wp:term":[{"taxonomy":"category","embeddable":true,"href":"https:\/\/senoticias.com.br\/se\/wp-json\/wp\/v2\/categories?post=130890"},{"taxonomy":"post_tag","embeddable":true,"href":"https:\/\/senoticias.com.br\/se\/wp-json\/wp\/v2\/tags?post=130890"}],"curies":[{"name":"wp","href":"https:\/\/api.w.org\/{rel}","templated":true}]}}