{"id":130887,"date":"2021-12-16T09:35:46","date_gmt":"2021-12-16T12:35:46","guid":{"rendered":"https:\/\/senoticias.com.br\/se\/?p=130887"},"modified":"2021-12-16T09:41:16","modified_gmt":"2021-12-16T12:41:16","slug":"tribunal-de-justica-adverte-juiz-que-teria-incentivado-aglomeracao-durante-a-pandemia","status":"publish","type":"post","link":"https:\/\/senoticias.com.br\/se\/tribunal-de-justica-adverte-juiz-que-teria-incentivado-aglomeracao-durante-a-pandemia\/","title":{"rendered":"Tribunal de Justi\u00e7a adverte juiz que &#8220;teria incentivado aglomera\u00e7\u00e3o&#8221; durante a pandemia"},"content":{"rendered":"\n<p><\/p>\n\n\n\n<p>Na manh\u00e3 desta quarta-feira, 15, o juiz Aldo Melo sofreu uma pena de advert\u00eancia na sess\u00e3o do pleno do Tribunal de Justi\u00e7a de Sergipe, por fazer uma postagem em suas redes sociais promovendo a desobedi\u00eancia de medidas restritivas que eram adotadas durante um momento cr\u00edtico da pandemia da Covid-19.<\/p>\n\n\n\n<figure class=\"wp-block-image size-large\"><img loading=\"lazy\" decoding=\"async\" width=\"540\" height=\"224\" src=\"https:\/\/senoticias.com.br\/se\/wp-content\/uploads\/2021\/12\/Aldo-juiz-SE-noticias.jpg\" alt=\"\" class=\"wp-image-130889\" srcset=\"https:\/\/senoticias.com.br\/se\/wp-content\/uploads\/2021\/12\/Aldo-juiz-SE-noticias.jpg 540w, https:\/\/senoticias.com.br\/se\/wp-content\/uploads\/2021\/12\/Aldo-juiz-SE-noticias-300x124.jpg 300w\" sizes=\"(max-width: 540px) 100vw, 540px\" \/><figcaption>Magistrado disse que n\u00e3o vai comentar o assunto &#8211; Print: arquivo\/G1SE<\/figcaption><\/figure>\n\n\n\n<p><strong>No m\u00eas de mar\u00e7o deste ano, o magistrado postou uma foto com outras pessoas e escreveu na legenda frases como \u2018hoje \u00e9 dia de aglomerar\u2019 e \u2018aglomera Brasil\u2019.<\/strong><\/p>\n\n\n\n<p>A pena de advert\u00eancia \u00e9 mais branda que pesa contra magistrados, mas \u00e9 levada em conta para promo\u00e7\u00e3o ou remo\u00e7\u00e3o na carreira.<\/p>\n\n\n\n<p>O magistrado disse que n\u00e3o vai comentar o assunto.<\/p>\n\n\n\n<p>Mat\u00e9ria reproduzida do<strong> <a href=\"https:\/\/g1.globo.com\/se\/sergipe\/noticia\/2021\/12\/15\/tjse-adverte-juiz-que-teria-incentivado-aglomeracao-durante-a-pandemia.ghtml\">G1<\/a> <\/strong>SE<\/p>\n","protected":false},"excerpt":{"rendered":"<p>Na manh\u00e3 desta quarta-feira, 15, o juiz Aldo Melo sofreu uma pena de advert\u00eancia na sess\u00e3o do pleno do Tribunal de Justi\u00e7a de Sergipe, por fazer uma postagem em suas redes sociais promovendo a desobedi\u00eancia de medidas restritivas que eram adotadas durante um momento cr\u00edtico da pandemia da Covid-19. No m\u00eas de mar\u00e7o deste ano, [&hellip;]<\/p>\n","protected":false},"author":6557,"featured_media":0,"comment_status":"closed","ping_status":"closed","sticky":false,"template":"","format":"standard","meta":{"footnotes":""},"categories":[15,6,1],"tags":[35555,4007],"class_list":{"0":"post-130887","1":"post","2":"type-post","3":"status-publish","4":"format-standard","6":"category-destaques","7":"category-politica","8":"category-sem-categoria","9":"tag-aldo-melo","10":"tag-tribunal-de-justica"},"_links":{"self":[{"href":"https:\/\/senoticias.com.br\/se\/wp-json\/wp\/v2\/posts\/130887"}],"collection":[{"href":"https:\/\/senoticias.com.br\/se\/wp-json\/wp\/v2\/posts"}],"about":[{"href":"https:\/\/senoticias.com.br\/se\/wp-json\/wp\/v2\/types\/post"}],"author":[{"embeddable":true,"href":"https:\/\/senoticias.com.br\/se\/wp-json\/wp\/v2\/users\/6557"}],"replies":[{"embeddable":true,"href":"https:\/\/senoticias.com.br\/se\/wp-json\/wp\/v2\/comments?post=130887"}],"version-history":[{"count":0,"href":"https:\/\/senoticias.com.br\/se\/wp-json\/wp\/v2\/posts\/130887\/revisions"}],"wp:attachment":[{"href":"https:\/\/senoticias.com.br\/se\/wp-json\/wp\/v2\/media?parent=130887"}],"wp:term":[{"taxonomy":"category","embeddable":true,"href":"https:\/\/senoticias.com.br\/se\/wp-json\/wp\/v2\/categories?post=130887"},{"taxonomy":"post_tag","embeddable":true,"href":"https:\/\/senoticias.com.br\/se\/wp-json\/wp\/v2\/tags?post=130887"}],"curies":[{"name":"wp","href":"https:\/\/api.w.org\/{rel}","templated":true}]}}