{"id":130881,"date":"2021-12-15T18:04:48","date_gmt":"2021-12-15T21:04:48","guid":{"rendered":"https:\/\/senoticias.com.br\/se\/?p=130881"},"modified":"2021-12-15T18:09:24","modified_gmt":"2021-12-15T21:09:24","slug":"governo-de-sergipe-disponibiliza-equipes-da-defesa-civil-para-auxiliar-cidades-atingidas-pelas-chuvas-no-sul-da-bahia","status":"publish","type":"post","link":"https:\/\/senoticias.com.br\/se\/governo-de-sergipe-disponibiliza-equipes-da-defesa-civil-para-auxiliar-cidades-atingidas-pelas-chuvas-no-sul-da-bahia\/","title":{"rendered":"Governo de Sergipe disponibiliza equipes da Defesa Civil para auxiliar cidades atingidas pelas chuvas no Sul da Bahia"},"content":{"rendered":"\n<p>Atendendo a uma solicita\u00e7\u00e3o da Secretaria Nacional de Prote\u00e7\u00e3o e Defesa Civil, o Governo do Estado encaminhou duas equipes com profissionais do Departamento Estadual de Prote\u00e7\u00e3o e Defesa Civil (Depec) para a cidade de Itamaraju, no Sul do Estado na Bahia, que vem a ser o posto de comando que atende 13 munic\u00edpios da regi\u00e3o que foram prejudicados, a fim de contribuir com os trabalhos de recupera\u00e7\u00e3o nos munic\u00edpios atingidos pelas chuvas nos \u00faltimos dias.<\/p>\n\n\n\n<figure class=\"wp-block-image size-large\"><img loading=\"lazy\" decoding=\"async\" width=\"599\" height=\"300\" src=\"https:\/\/senoticias.com.br\/se\/wp-content\/uploads\/2021\/12\/defesa-civill-se-noticias-e1639602174975.jpg\" alt=\"\" class=\"wp-image-130882\"\/><figcaption> A princ\u00edpio, os profissionais especializados em gest\u00e3o de desastres permanecer\u00e3o durante oito dias na cidade de Itamaraju &#8211; Foto: Defesa Civil<\/figcaption><\/figure>\n\n\n\n<p>Segundo o diretor do Depec, Tenente-coronel, Luciano Queiroz, t\u00e3o logo foi recebida a solicita\u00e7\u00e3o, o Governo do Estado se prontificou a disponibilizar ajuda. \u201cConforme o pedido da Secretaria Nacional, enviamos na manh\u00e3 de hoje, 15, duas viaturas com quatro t\u00e9cnicos especializados em gest\u00e3o de desastres, dois deles, engenheiros civis, sendo tr\u00eas da Defesa Civil Estadual e o Coordenador da Defesa Civil Municipal de Aracaju, que ir\u00e3o se somar aos profissionais de outros Estados para auxiliar nos trabalhos de apoio \u00e0s v\u00edtimas\u201d, explicou.<\/p>\n\n\n\n<p>Luciano Queiroz disse ainda que a estadia dos profissionais sergipanos pode se prolongar por mais de uma semana \u201cEntre o Norte de Minas Gerais e o Sul da Bahia 63 munic\u00edpios foram drasticamente afetados pelas fortes chuvas e tiveram a Situa\u00e7\u00e3o de Emerg\u00eancia reconhecida pelo Governo Federal. Nossas equipes estar\u00e3o dispon\u00edveis de hoje at\u00e9 o dia 22 de dezembro, podendo estender a perman\u00eancia de acordo com a necessidade l\u00e1 apresentada, sendo que todas as despesas dos servidores ser\u00e3o custeadas pela Secretaria Nacional de Prote\u00e7\u00e3o e Defesa Civil\u201d, ressaltou.<\/p>\n\n\n\n<p><em><strong>Quer receber as principais not\u00edcias do<\/strong>&nbsp;<strong>SE Not\u00edcias<\/strong>&nbsp;<strong>no seu<\/strong>&nbsp;<strong>WhatsApp?<\/strong>&nbsp;<strong><a href=\"https:\/\/api.whatsapp.com\/send?phone=5579991715289\">Clique aqui<\/a><\/strong>.<\/em><\/p>\n\n\n\n<p><strong><em>Acompanhe tamb\u00e9m o SE Not\u00edcias no&nbsp;<a rel=\"noreferrer noopener\" href=\"https:\/\/twitter.com\/Senoticias\" target=\"_blank\">Twitter<\/a>,&nbsp;<a rel=\"noreferrer noopener\" href=\"https:\/\/www.facebook.com\/senoticias1\" target=\"_blank\">Facebook<\/a>&nbsp;e no&nbsp;<a rel=\"noreferrer noopener\" href=\"https:\/\/www.instagram.com\/senoticias\/\" target=\"_blank\">Instagram<\/a><\/em><\/strong><\/p>\n\n\n\n<p><em>Fonte: <\/em>Ag\u00eancia Sergipe de Not\u00edcias<\/p>\n","protected":false},"excerpt":{"rendered":"<p>Atendendo a uma solicita\u00e7\u00e3o da Secretaria Nacional de Prote\u00e7\u00e3o e Defesa Civil, o Governo do Estado encaminhou duas equipes com profissionais do Departamento Estadual de Prote\u00e7\u00e3o e Defesa Civil (Depec) para a cidade de Itamaraju, no Sul do Estado na Bahia, que vem a ser o posto de comando que atende 13 munic\u00edpios da regi\u00e3o [&hellip;]<\/p>\n","protected":false},"author":6557,"featured_media":0,"comment_status":"closed","ping_status":"closed","sticky":false,"template":"","format":"standard","meta":{"footnotes":""},"categories":[15,6],"tags":[35526,6314,448],"class_list":{"0":"post-130881","1":"post","2":"type-post","3":"status-publish","4":"format-standard","6":"category-destaques","7":"category-politica","8":"tag-chuvas-na-bahia","9":"tag-defesa-civil","10":"tag-governo-de-sergipe"},"_links":{"self":[{"href":"https:\/\/senoticias.com.br\/se\/wp-json\/wp\/v2\/posts\/130881"}],"collection":[{"href":"https:\/\/senoticias.com.br\/se\/wp-json\/wp\/v2\/posts"}],"about":[{"href":"https:\/\/senoticias.com.br\/se\/wp-json\/wp\/v2\/types\/post"}],"author":[{"embeddable":true,"href":"https:\/\/senoticias.com.br\/se\/wp-json\/wp\/v2\/users\/6557"}],"replies":[{"embeddable":true,"href":"https:\/\/senoticias.com.br\/se\/wp-json\/wp\/v2\/comments?post=130881"}],"version-history":[{"count":0,"href":"https:\/\/senoticias.com.br\/se\/wp-json\/wp\/v2\/posts\/130881\/revisions"}],"wp:attachment":[{"href":"https:\/\/senoticias.com.br\/se\/wp-json\/wp\/v2\/media?parent=130881"}],"wp:term":[{"taxonomy":"category","embeddable":true,"href":"https:\/\/senoticias.com.br\/se\/wp-json\/wp\/v2\/categories?post=130881"},{"taxonomy":"post_tag","embeddable":true,"href":"https:\/\/senoticias.com.br\/se\/wp-json\/wp\/v2\/tags?post=130881"}],"curies":[{"name":"wp","href":"https:\/\/api.w.org\/{rel}","templated":true}]}}