{"id":130871,"date":"2021-12-15T11:50:57","date_gmt":"2021-12-15T14:50:57","guid":{"rendered":"https:\/\/senoticias.com.br\/se\/?p=130871"},"modified":"2021-12-15T12:32:15","modified_gmt":"2021-12-15T15:32:15","slug":"delegacia-de-protecao-animal-resgata-cachorros-em-situacao-de-abandono-na-zona-norte-de-aracaju","status":"publish","type":"post","link":"https:\/\/senoticias.com.br\/se\/delegacia-de-protecao-animal-resgata-cachorros-em-situacao-de-abandono-na-zona-norte-de-aracaju\/","title":{"rendered":"Delegacia de Prote\u00e7\u00e3o Animal resgata cachorros em situa\u00e7\u00e3o de abandono na Zona Norte de Aracaju"},"content":{"rendered":"\n<p>Equipes da Delegacia de Prote\u00e7\u00e3o Animal e Meio Ambiente (Depama) resgataram cinco filhotes, duas cadelas e dois cachorros que se encontravam em uma casa no conjunto Bugio, Zona Norte da capital. Os animais estavam, aparentemente, abandonados, sem \u00e1gua e sem comida, al\u00e9m de estarem em um ambiente repleto de fezes e com muita sujeira. O caso ocorreu nessa ter\u00e7a-feira (14).<\/p>\n\n\n\n<figure class=\"wp-block-image size-large\"><img loading=\"lazy\" decoding=\"async\" width=\"511\" height=\"627\" src=\"https:\/\/senoticias.com.br\/se\/wp-content\/uploads\/2021\/12\/Animais-SE-Noticias.jpg\" alt=\"\" class=\"wp-image-130873\" srcset=\"https:\/\/senoticias.com.br\/se\/wp-content\/uploads\/2021\/12\/Animais-SE-Noticias.jpg 511w, https:\/\/senoticias.com.br\/se\/wp-content\/uploads\/2021\/12\/Animais-SE-Noticias-244x300.jpg 244w\" sizes=\"(max-width: 511px) 100vw, 511px\" \/><figcaption>Animais estavam sem \u00e1gua, sem comida e estavam em um local sujo na resid\u00eancia- Foto; reprodu\u00e7\u00e3o\/v\u00eddeo<\/figcaption><\/figure>\n\n\n\n<p>De acordo com a delegada Georlize Teles, as informa\u00e7\u00f5es recebidas pela unidade policial apontaram que h\u00e1 mais de cinco dias ningu\u00e9m aparecia no local. Diante disso, a Depama fez levantamentos e confirmou que os animais estavam, efetivamente, em situa\u00e7\u00e3o de abandono. A unidade policial encaminhou tr\u00eas viaturas e as equipes da unidade policial fizeram o resgate dos animais.<\/p>\n\n\n\n<p>\u201cComo se trata de um crime, a equipe foi verificar se a den\u00fancia tinha fundamento. No local, constatou-se que o ambiente&nbsp;era de total insalubridade, pois estava muito sujo e, al\u00e9m de tudo, n\u00e3o encontraram \u00e1gua e alimento para os animais. O resgate foi feito e os animais foram trazidos para delegacia. Ser\u00e1 instaurado inqu\u00e9rito policial para apurar a responsabilidade do tutor do animal e verificar&nbsp;se houve maus-tratos\u201d, detalhou a delegada.<\/p>\n\n\n\n<p>Georlize Teles complementou citando que as condi\u00e7\u00f5es em que ocorreu o caso est\u00e3o sendo apuradas pelo Depama. \u201cN\u00e3o era um canil clandestino. O que apuramos de imediato \u00e9 que \u00e9 um rapaz,\u00a0que \u00e9 criador desses animais,\u00a0por algum modo e por alguma raz\u00e3o os abandonou. Estamos levantando todos os ind\u00edcios para aferir se efetivamente houve maus-tratos e os animais ir\u00e3o passar por atendimento m\u00e9dico\u201d, pontuou.<\/p>\n\n\n\n<p><em><strong>Quer receber as principais not\u00edcias do<\/strong>&nbsp;<strong>SE Not\u00edcias<\/strong>&nbsp;<strong>no seu<\/strong>&nbsp;<strong>WhatsApp?<\/strong>&nbsp;<strong><a href=\"https:\/\/api.whatsapp.com\/send?phone=5579991715289\">Clique aqui<\/a><\/strong>.<\/em><\/p>\n\n\n\n<p><strong><em>Acompanhe tamb\u00e9m o SE Not\u00edcias no\u00a0<a rel=\"noreferrer noopener\" href=\"https:\/\/twitter.com\/Senoticias\" target=\"_blank\">Twitter<\/a>,\u00a0<a rel=\"noreferrer noopener\" href=\"https:\/\/www.facebook.com\/senoticias1\" target=\"_blank\">Facebook<\/a>\u00a0e no\u00a0<a rel=\"noreferrer noopener\" href=\"https:\/\/www.instagram.com\/senoticias\/\" target=\"_blank\">Instagram<\/a><\/em><\/strong><\/p>\n\n\n\n<p>Fonte: SSP\/SE<\/p>\n","protected":false},"excerpt":{"rendered":"<p>Equipes da Delegacia de Prote\u00e7\u00e3o Animal e Meio Ambiente (Depama) resgataram cinco filhotes, duas cadelas e dois cachorros que se encontravam em uma casa no conjunto Bugio, Zona Norte da capital. Os animais estavam, aparentemente, abandonados, sem \u00e1gua e sem comida, al\u00e9m de estarem em um ambiente repleto de fezes e com muita sujeira. O [&hellip;]<\/p>\n","protected":false},"author":6557,"featured_media":0,"comment_status":"closed","ping_status":"closed","sticky":false,"template":"","format":"standard","meta":{"footnotes":""},"categories":[15,7,1],"tags":[],"class_list":{"0":"post-130871","1":"post","2":"type-post","3":"status-publish","4":"format-standard","6":"category-destaques","7":"category-policia","8":"category-sem-categoria"},"_links":{"self":[{"href":"https:\/\/senoticias.com.br\/se\/wp-json\/wp\/v2\/posts\/130871"}],"collection":[{"href":"https:\/\/senoticias.com.br\/se\/wp-json\/wp\/v2\/posts"}],"about":[{"href":"https:\/\/senoticias.com.br\/se\/wp-json\/wp\/v2\/types\/post"}],"author":[{"embeddable":true,"href":"https:\/\/senoticias.com.br\/se\/wp-json\/wp\/v2\/users\/6557"}],"replies":[{"embeddable":true,"href":"https:\/\/senoticias.com.br\/se\/wp-json\/wp\/v2\/comments?post=130871"}],"version-history":[{"count":0,"href":"https:\/\/senoticias.com.br\/se\/wp-json\/wp\/v2\/posts\/130871\/revisions"}],"wp:attachment":[{"href":"https:\/\/senoticias.com.br\/se\/wp-json\/wp\/v2\/media?parent=130871"}],"wp:term":[{"taxonomy":"category","embeddable":true,"href":"https:\/\/senoticias.com.br\/se\/wp-json\/wp\/v2\/categories?post=130871"},{"taxonomy":"post_tag","embeddable":true,"href":"https:\/\/senoticias.com.br\/se\/wp-json\/wp\/v2\/tags?post=130871"}],"curies":[{"name":"wp","href":"https:\/\/api.w.org\/{rel}","templated":true}]}}