{"id":130860,"date":"2021-12-14T19:01:00","date_gmt":"2021-12-14T22:01:00","guid":{"rendered":"https:\/\/senoticias.com.br\/se\/?p=130860"},"modified":"2021-12-14T19:19:13","modified_gmt":"2021-12-14T22:19:13","slug":"prefeitura-de-aracaju-anuncia-novo-reajuste-do-iptu-pela-inflacao-em-2022-veja-calendario","status":"publish","type":"post","link":"https:\/\/senoticias.com.br\/se\/prefeitura-de-aracaju-anuncia-novo-reajuste-do-iptu-pela-inflacao-em-2022-veja-calendario\/","title":{"rendered":"Prefeitura de Aracaju anuncia  corre\u00e7\u00e3o do IPTU pela infla\u00e7\u00e3o em 2022; veja calend\u00e1rio"},"content":{"rendered":"\n<p>A Prefeitura de Aracaju anunciou a corre\u00e7\u00e3o do Imposto Predial Territorial Urbano (IPTU) para 2022, que ser\u00e1 limitada \u00e0 varia\u00e7\u00e3o da infla\u00e7\u00e3o, em 10,05%, e o calend\u00e1rio de pagamento de todos os tributos municipais.<\/p>\n\n\n\n<figure class=\"wp-block-image size-large\"><img loading=\"lazy\" decoding=\"async\" width=\"580\" height=\"387\" src=\"https:\/\/senoticias.com.br\/se\/wp-content\/uploads\/2017\/01\/iptu-SE-Noticias-e1484524088562.jpg\" alt=\"\" class=\"wp-image-99522\"\/><figcaption>Foto meramente ilustrativa<\/figcaption><\/figure>\n\n\n\n<p>A medida foi publicada na edi\u00e7\u00e3o do Di\u00e1rio Oficial do Munic\u00edpio <strong>nesta segunda-feira (13)<\/strong>, por meio do Decreto N\u00ba 6.630, constando a defini\u00e7\u00e3o das datas para o vencimento da cota \u00fanica e das parcelas mensais.<\/p>\n\n\n\n<p><strong>IPTU<\/strong><\/p>\n\n\n\n<p>No caso do IPTU, os contribuintes ter\u00e3o at\u00e9 o dia 17 de janeiro para quitar o imposto em uma \u00fanica parcela, recebendo o seguinte benef\u00edcio: desconto de 7,5% para quem n\u00e3o possuir d\u00e9bitos com o munic\u00edpio, e de 2,5% no caso de estar inadimplente.<\/p>\n\n\n\n<p>O pagamento tamb\u00e9m poder\u00e1 ser feito em parcelas, previamente definidas em raz\u00e3o do valor do imposto, conforme estabelece o Decreto N\u00ba 6.631. Para quem optar pelo parcelamento, o vencimento da primeira parcela \u00e9 em 7 de fevereiro e, nos meses subsequentes, sempre no primeiro dia \u00fatil.<\/p>\n\n\n\n<p>As op\u00e7\u00f5es est\u00e3o dispon\u00edveis no carn\u00ea, cujo documento ser\u00e1 disponibilizado no <strong><a href=\"https:\/\/fazenda.aracaju.se.gov.br\/#\/publica\/contribuinte\/servicos\">portal da Secretaria Municipal da Fazenda, a partir de 1\u00ba de janeir<\/a><\/strong>o, e tamb\u00e9m entregue nas resid\u00eancias, via Correios.<\/p>\n\n\n\n<p><strong>ISS e Taxas<\/strong><\/p>\n\n\n\n<p>O Imposto Sobre Servi\u00e7o Of\u00edcio (ISS Of\u00edcio), voltado para os profissionais aut\u00f4nomos, e a Taxa de Localiza\u00e7\u00e3o e Funcionamento (TLF) ter\u00e3o vencimento da cota \u00fanica no dia 10 de mar\u00e7o, mesma data em que vence a primeira parcela, para quem optar pelo parcelamento. As demais parcelas vencem em 10 de junho, 12 de setembro e 12 de dezembro, datas que contemplam ambos os tributos.<\/p>\n\n\n\n<p><em><strong>Quer receber as principais not\u00edcias do<\/strong>&nbsp;<strong>SE Not\u00edcias<\/strong>&nbsp;<strong>no seu<\/strong>&nbsp;<strong>WhatsApp?<\/strong>&nbsp;<strong><a href=\"https:\/\/api.whatsapp.com\/send?phone=5579991715289\">Clique aqui<\/a><\/strong>.<\/em><\/p>\n\n\n\n<p><strong><em>Acompanhe tamb\u00e9m o SE Not\u00edcias no\u00a0<a rel=\"noreferrer noopener\" href=\"https:\/\/twitter.com\/Senoticias\" target=\"_blank\">Twitter<\/a>,\u00a0<a rel=\"noreferrer noopener\" href=\"https:\/\/www.facebook.com\/senoticias1\" target=\"_blank\">Facebook<\/a>\u00a0e no\u00a0<a rel=\"noreferrer noopener\" href=\"https:\/\/www.instagram.com\/senoticias\/\" target=\"_blank\">Instagram<\/a><\/em><\/strong><\/p>\n\n\n\n<p>Fonte: <strong><a href=\"https:\/\/a8se.com\/noticias\/sergipe\/aracaju-anuncia-reajuste-do-iptu-e-outros-tributos-para-2022-veja-calendario\/\">A8SE<\/a><\/strong>.com.br<\/p>\n","protected":false},"excerpt":{"rendered":"<p>A Prefeitura de Aracaju anunciou a corre\u00e7\u00e3o do Imposto Predial Territorial Urbano (IPTU) para 2022, que ser\u00e1 limitada \u00e0 varia\u00e7\u00e3o da infla\u00e7\u00e3o, em 10,05%, e o calend\u00e1rio de pagamento de todos os tributos municipais. A medida foi publicada na edi\u00e7\u00e3o do Di\u00e1rio Oficial do Munic\u00edpio nesta segunda-feira (13), por meio do Decreto N\u00ba 6.630, constando [&hellip;]<\/p>\n","protected":false},"author":6557,"featured_media":0,"comment_status":"closed","ping_status":"closed","sticky":false,"template":"","format":"standard","meta":{"footnotes":""},"categories":[15,6],"tags":[],"class_list":{"0":"post-130860","1":"post","2":"type-post","3":"status-publish","4":"format-standard","6":"category-destaques","7":"category-politica"},"_links":{"self":[{"href":"https:\/\/senoticias.com.br\/se\/wp-json\/wp\/v2\/posts\/130860"}],"collection":[{"href":"https:\/\/senoticias.com.br\/se\/wp-json\/wp\/v2\/posts"}],"about":[{"href":"https:\/\/senoticias.com.br\/se\/wp-json\/wp\/v2\/types\/post"}],"author":[{"embeddable":true,"href":"https:\/\/senoticias.com.br\/se\/wp-json\/wp\/v2\/users\/6557"}],"replies":[{"embeddable":true,"href":"https:\/\/senoticias.com.br\/se\/wp-json\/wp\/v2\/comments?post=130860"}],"version-history":[{"count":0,"href":"https:\/\/senoticias.com.br\/se\/wp-json\/wp\/v2\/posts\/130860\/revisions"}],"wp:attachment":[{"href":"https:\/\/senoticias.com.br\/se\/wp-json\/wp\/v2\/media?parent=130860"}],"wp:term":[{"taxonomy":"category","embeddable":true,"href":"https:\/\/senoticias.com.br\/se\/wp-json\/wp\/v2\/categories?post=130860"},{"taxonomy":"post_tag","embeddable":true,"href":"https:\/\/senoticias.com.br\/se\/wp-json\/wp\/v2\/tags?post=130860"}],"curies":[{"name":"wp","href":"https:\/\/api.w.org\/{rel}","templated":true}]}}