{"id":130858,"date":"2021-12-14T17:16:42","date_gmt":"2021-12-14T20:16:42","guid":{"rendered":"https:\/\/senoticias.com.br\/se\/?p=130858"},"modified":"2021-12-14T17:16:49","modified_gmt":"2021-12-14T20:16:49","slug":"deputado-luciano-pimentel-critica-politica-de-precos-da-petrobras","status":"publish","type":"post","link":"https:\/\/senoticias.com.br\/se\/deputado-luciano-pimentel-critica-politica-de-precos-da-petrobras\/","title":{"rendered":"Deputado Luciano Pimentel critica pol\u00edtica de pre\u00e7os da Petrobras"},"content":{"rendered":"\n<p>O deputado estadual Luciano Pimentel ocupou a tribuna da Assembleia Legislativa nesta ter\u00e7a-feira, 14, para criticar a pol\u00edtica de pre\u00e7os da Petrobras. De acordo com o parlamentar, o discurso da empresa diverge da pr\u00e1tica. Para ele, a estatal tem se mostrado \u00e1gil na hora de aplicar aumentos, mas n\u00e3o demonstra a mesma celeridade para reduzir o valor do combust\u00edvel.<\/p>\n\n\n\n<p>\u201cN\u00f3s ouvimos a diretoria da Petrobras dizer que o combust\u00edvel estava subindo porque a pol\u00edtica implementada pela gest\u00e3o era de acompanhar a quest\u00e3o cambial com o valor atrelado ao do barril do petr\u00f3leo em d\u00f3lar. Entretanto, estamos assistindo, j\u00e1 em um per\u00edodo curto, uma redu\u00e7\u00e3o do pre\u00e7o do barril do petr\u00f3leo e a Petrobras n\u00e3o tem utilizado aquilo que vem pregando, ou seja, de acompanhar o pre\u00e7o do barril\u201d, destacou.<\/p>\n\n\n\n<figure class=\"wp-block-image size-large\"><img loading=\"lazy\" decoding=\"async\" width=\"521\" height=\"347\" src=\"https:\/\/senoticias.com.br\/se\/wp-content\/uploads\/2021\/12\/Deputado-Luciano-Pimentel-SE-Noticias.jpg\" alt=\"\" class=\"wp-image-130859\" srcset=\"https:\/\/senoticias.com.br\/se\/wp-content\/uploads\/2021\/12\/Deputado-Luciano-Pimentel-SE-Noticias.jpg 521w, https:\/\/senoticias.com.br\/se\/wp-content\/uploads\/2021\/12\/Deputado-Luciano-Pimentel-SE-Noticias-300x200.jpg 300w, https:\/\/senoticias.com.br\/se\/wp-content\/uploads\/2021\/12\/Deputado-Luciano-Pimentel-SE-Noticias-90x60.jpg 90w, https:\/\/senoticias.com.br\/se\/wp-content\/uploads\/2021\/12\/Deputado-Luciano-Pimentel-SE-Noticias-180x120.jpg 180w, https:\/\/senoticias.com.br\/se\/wp-content\/uploads\/2021\/12\/Deputado-Luciano-Pimentel-SE-Noticias-95x64.jpg 95w\" sizes=\"(max-width: 521px) 100vw, 521px\" \/><figcaption>Luciano Pimentel critica pol\u00edtica de pre\u00e7os da Petrobras &#8211; Foto: Jadilson Sim\u00f5es\/Alese<\/figcaption><\/figure>\n\n\n\n<p>Ao apresentar dados da&nbsp; Ag\u00eancia Nacional de Petr\u00f3leo (ANP), referentes ao per\u00edodo de outubro de 2020 a outubro de 2021, Luciano Pimentel comparou a produ\u00e7\u00e3o de petr\u00f3leo no pa\u00eds, com um eletrocardiograma (exame para detectar o ritmo do cora\u00e7\u00e3o e o n\u00famero de batimentos por minuto).<\/p>\n\n\n\n<p>&#8220;Dever\u00edamos manter uma const\u00e2ncia ou at\u00e9 uma eleva\u00e7\u00e3o na produ\u00e7\u00e3o de petr\u00f3leo, mas observamos que n\u00e3o existe uma frequ\u00eancia capaz de demonstrar que houve um trabalho significativo da Petrobras na explora\u00e7\u00e3o e na prospec\u00e7\u00e3o de petr\u00f3leo. A empresa est\u00e1&nbsp;mantendo uma m\u00e9dia mais ou menos cont\u00ednua, mas com muita sazonalidade neste aspecto\u201d, considerou o deputado.<\/p>\n\n\n\n<p>Na sequ\u00eancia, o deputado destacou a evolu\u00e7\u00e3o do pre\u00e7o do barril de petr\u00f3leo de mar\u00e7o de 2020 a dezembro de 2021. &#8220;Em mar\u00e7o do ano passado o barril estava na casa dos 22,74 d\u00f3lares e em outubro deste ano a cota\u00e7\u00e3o do barril subiu para 84,38 d\u00f3lares. Ocorre que no \u00faltimo m\u00eas de novembro, o custo do barril caiu para 70,57 d\u00f3lares. Mas se a Petrobras nos diz que o pre\u00e7o do combust\u00edvel \u00e9 aplicado em fun\u00e7\u00e3o do pre\u00e7o do barril em d\u00f3lar, porque n\u00e3o houve uma redu\u00e7\u00e3o no valor do combust\u00edvel neste per\u00edodo?&#8221;, questionou Pimentel, continuando.<\/p>\n\n\n\n<p>&#8220;Essa \u00e9 uma avalia\u00e7\u00e3o que precisamos fazer, porque os acionistas da Petrobras, inclusive a Uni\u00e3o, est\u00e3o ganhando muito dinheiro com isso. Podem analisar, quando o pre\u00e7o do barril aumenta, imediatamente temos o reajuste, mas quando o pre\u00e7o cai, o valor cobrado anteriormente se mant\u00e9m, porque a Petrobras diz que pode ser sazonal. E assim a empresa continua lucrando&#8221;, pontuou o parlamentar.<\/p>\n\n\n\n<p>Segundo Luciano Pimentel, apesar da recente queda de 20% no pre\u00e7o do barril de petr\u00f3leo, o combust\u00edvel continuou subindo em todo pa\u00eds. &#8220;Esse aumento no pre\u00e7o do combust\u00edvel reflete em tudo que consumimos. E os postos n\u00e3o s\u00e3o respons\u00e1veis, eles ficam com a menor parte&#8221;, considerou.<\/p>\n\n\n\n<p>Por fim, o parlamentar informou que ir\u00e1 protocolar um requerimento convidando o diretor de Desenvolvimento e Produ\u00e7\u00e3o da Petrobras, Jo\u00e3o Henrique Rittershaussen, ou o diretor de Explora\u00e7\u00e3o e Produ\u00e7\u00e3o, Fernando Borges, para prestar esclarecimentos sobre as atividades da estatal em Sergipe no que diz respeito \u00e0 explora\u00e7\u00e3o em \u00e1guas profundas.<\/p>\n\n\n\n<p>\u201cVamos entregar esse convite em m\u00e3os na sede da Petrobras, no Rio de Janeiro, para que quando retornarmos a nossas atividades nesta Casa, a diretoria da Petrobras possa nos dar uma no\u00e7\u00e3o do que realmente estaremos produzindo no estado, atrav\u00e9s do Projeto Sergipe \u00c1guas Profundas&#8221;, concluiu Luciano.<\/p>\n\n\n\n<p><em><strong>Quer receber as principais not\u00edcias do<\/strong>&nbsp;<strong>SE Not\u00edcias<\/strong>&nbsp;<strong>no seu<\/strong>&nbsp;<strong>WhatsApp?<\/strong>&nbsp;<strong><a href=\"https:\/\/api.whatsapp.com\/send?phone=5579991715289\">Clique aqui<\/a><\/strong>.<\/em><\/p>\n\n\n\n<p><strong><em>Acompanhe tamb\u00e9m o SE Not\u00edcias no\u00a0<a rel=\"noreferrer noopener\" href=\"https:\/\/twitter.com\/Senoticias\" target=\"_blank\">Twitter<\/a>,\u00a0<a rel=\"noreferrer noopener\" href=\"https:\/\/www.facebook.com\/senoticias1\" target=\"_blank\">Facebook<\/a>\u00a0e no\u00a0<a rel=\"noreferrer noopener\" href=\"https:\/\/www.instagram.com\/senoticias\/\" target=\"_blank\">Instagram<\/a><\/em><\/strong><\/p>\n\n\n\n<p><\/p>\n\n\n\n<p><strong>Assessoria Parlamentar<\/strong><\/p>\n","protected":false},"excerpt":{"rendered":"<p>O deputado estadual Luciano Pimentel ocupou a tribuna da Assembleia Legislativa nesta ter\u00e7a-feira, 14, para criticar a pol\u00edtica de pre\u00e7os da Petrobras. De acordo com o parlamentar, o discurso da empresa diverge da pr\u00e1tica. Para ele, a estatal tem se mostrado \u00e1gil na hora de aplicar aumentos, mas n\u00e3o demonstra a mesma celeridade para reduzir [&hellip;]<\/p>\n","protected":false},"author":6557,"featured_media":0,"comment_status":"closed","ping_status":"closed","sticky":false,"template":"","format":"standard","meta":{"footnotes":""},"categories":[15,6],"tags":[9297,9296,629,34534],"class_list":{"0":"post-130858","1":"post","2":"type-post","3":"status-publish","4":"format-standard","6":"category-destaques","7":"category-politica","8":"tag-deputado-luciano-pimentel","9":"tag-luciano-pimentel","10":"tag-petrobras","11":"tag-precos-dos-combustiveis"},"_links":{"self":[{"href":"https:\/\/senoticias.com.br\/se\/wp-json\/wp\/v2\/posts\/130858"}],"collection":[{"href":"https:\/\/senoticias.com.br\/se\/wp-json\/wp\/v2\/posts"}],"about":[{"href":"https:\/\/senoticias.com.br\/se\/wp-json\/wp\/v2\/types\/post"}],"author":[{"embeddable":true,"href":"https:\/\/senoticias.com.br\/se\/wp-json\/wp\/v2\/users\/6557"}],"replies":[{"embeddable":true,"href":"https:\/\/senoticias.com.br\/se\/wp-json\/wp\/v2\/comments?post=130858"}],"version-history":[{"count":0,"href":"https:\/\/senoticias.com.br\/se\/wp-json\/wp\/v2\/posts\/130858\/revisions"}],"wp:attachment":[{"href":"https:\/\/senoticias.com.br\/se\/wp-json\/wp\/v2\/media?parent=130858"}],"wp:term":[{"taxonomy":"category","embeddable":true,"href":"https:\/\/senoticias.com.br\/se\/wp-json\/wp\/v2\/categories?post=130858"},{"taxonomy":"post_tag","embeddable":true,"href":"https:\/\/senoticias.com.br\/se\/wp-json\/wp\/v2\/tags?post=130858"}],"curies":[{"name":"wp","href":"https:\/\/api.w.org\/{rel}","templated":true}]}}