{"id":130820,"date":"2021-12-10T17:58:47","date_gmt":"2021-12-10T20:58:47","guid":{"rendered":"https:\/\/senoticias.com.br\/se\/?p=130820"},"modified":"2021-12-10T20:07:24","modified_gmt":"2021-12-10T23:07:24","slug":"natal-iluminado-em-aracaju-confira-a-programacao-musical-e-cultural-deste-final-de-semana","status":"publish","type":"post","link":"https:\/\/senoticias.com.br\/se\/natal-iluminado-em-aracaju-confira-a-programacao-musical-e-cultural-deste-final-de-semana\/","title":{"rendered":"Natal Iluminado em Aracaju: confira a programa\u00e7\u00e3o musical e cultural deste final de semana"},"content":{"rendered":"\n<p>O projeto Natal Iluminado 2021 continua ocorrendo durante o m\u00eas de dezembro em Aracaju, com 4,5 milh\u00f5es de pontos de luz, al\u00e9m de apresenta\u00e7\u00f5es culturais e musicais nas pra\u00e7as Fausto Cardoso, Ol\u00edmpio Campos e Almirante Barroso.<br>O evento, que iniciou em 20 de novembro e segue at\u00e9 6 de janeiro, ainda conta, aos s\u00e1bados, com a &#8216;Parada de Natal&#8217;, um desfile com m\u00fasicos e artistas circenses.<\/p>\n\n\n\n<figure class=\"wp-block-image size-large\"><img loading=\"lazy\" decoding=\"async\" width=\"599\" height=\"400\" src=\"https:\/\/senoticias.com.br\/se\/wp-content\/uploads\/2021\/12\/natal-iluminado-senoticias-e1639169762568.jpg\" alt=\"\" class=\"wp-image-130819\"\/><figcaption>\nAl\u00e9m das apresenta\u00e7\u00f5es art\u00edsticas di\u00e1rias, aos fins de semana ocorre a &#8216;Parada de Natal&#8217; \u2014 Foto: Marcelle Cristinne\/PMA\n\n<\/figcaption><\/figure>\n\n\n\n<p><strong>Programa\u00e7\u00e3o:<\/strong><br><strong>10 de dezembro<\/strong><br>17h30 &#8211; Grupo de Violino do Sesc com Bolero In Concert<br>18h &#8211; Theo Lins &#8211; Ave Maria (Catedral Metropolitana)<br>18h15 &#8211; Celebra\u00e7\u00e3o Natalina do Poder Judici\u00e1rio &#8216;Memorial do Poder Judici\u00e1rio&#8217; (Pra\u00e7a Ol\u00edmpio Campos)<br>19h &#8211; Mariamilena<br>20h30 &#8211; Jo\u00e3o da Passarada<br><strong>11 de dezembro<\/strong><br>18h &#8211; Vitinho do Acordeon \u2022 Ave Maria (Catedral Metropolitana)<br>18h15 &#8211; Parada &#8216;Um Sonho de Natal&#8217;<br>18h30 &#8211; Final do Sescan\u00e7\u00e3o<br>20h30 &#8211; Luiz Fontineli<br><strong>12 de dezembro<\/strong><br>17h &#8211; Espet\u00e1culo do Circo Gold Star<br>18h &#8211; Solange Durval &#8211; Ave Maria (Catedral Metropolitana)<br>18h15 &#8211; Parada &#8216;Um Sonho de Natal&#8217;<br>19h &#8211; Neu Fontes<br>20h30 &#8211; Carlos Moreno<\/p>\n\n\n\n<p><em><strong>Quer receber as principais not\u00edcias do<\/strong>&nbsp;<strong>SE Not\u00edcias<\/strong>&nbsp;<strong>no seu<\/strong>&nbsp;<strong>WhatsApp?<\/strong>&nbsp;<strong><a href=\"https:\/\/api.whatsapp.com\/send?phone=5579991715289\">Clique aqui<\/a><\/strong>.<\/em><\/p>\n\n\n\n<p><strong><em>Acompanhe tamb\u00e9m o SE Not\u00edcias no&nbsp;<a rel=\"noreferrer noopener\" href=\"https:\/\/twitter.com\/Senoticias\" target=\"_blank\">Twitter<\/a>,&nbsp;<a rel=\"noreferrer noopener\" href=\"https:\/\/www.facebook.com\/senoticias1\" target=\"_blank\">Facebook<\/a>&nbsp;e no&nbsp;<a rel=\"noreferrer noopener\" href=\"https:\/\/www.instagram.com\/senoticias\/\" target=\"_blank\">Instagra<\/a><\/em><\/strong><\/p>\n\n\n\n<p>Fonte: G1 SE<\/p>\n","protected":false},"excerpt":{"rendered":"<p>O projeto Natal Iluminado 2021 continua ocorrendo durante o m\u00eas de dezembro em Aracaju, com 4,5 milh\u00f5es de pontos de luz, al\u00e9m de apresenta\u00e7\u00f5es culturais e musicais nas pra\u00e7as Fausto Cardoso, Ol\u00edmpio Campos e Almirante Barroso.O evento, que iniciou em 20 de novembro e segue at\u00e9 6 de janeiro, ainda conta, aos s\u00e1bados, com a [&hellip;]<\/p>\n","protected":false},"author":6557,"featured_media":0,"comment_status":"closed","ping_status":"closed","sticky":false,"template":"","format":"standard","meta":{"footnotes":""},"categories":[15,21],"tags":[6953,6781,3749,12269,35525],"class_list":{"0":"post-130820","1":"post","2":"type-post","3":"status-publish","4":"format-standard","6":"category-destaques","7":"category-entretenimento","8":"tag-fim-de-ano","9":"tag-natal-iluminado","10":"tag-parque-da-sementeira","11":"tag-praca-fausto-cardoso","12":"tag-praca-olimpio-campos"},"_links":{"self":[{"href":"https:\/\/senoticias.com.br\/se\/wp-json\/wp\/v2\/posts\/130820"}],"collection":[{"href":"https:\/\/senoticias.com.br\/se\/wp-json\/wp\/v2\/posts"}],"about":[{"href":"https:\/\/senoticias.com.br\/se\/wp-json\/wp\/v2\/types\/post"}],"author":[{"embeddable":true,"href":"https:\/\/senoticias.com.br\/se\/wp-json\/wp\/v2\/users\/6557"}],"replies":[{"embeddable":true,"href":"https:\/\/senoticias.com.br\/se\/wp-json\/wp\/v2\/comments?post=130820"}],"version-history":[{"count":0,"href":"https:\/\/senoticias.com.br\/se\/wp-json\/wp\/v2\/posts\/130820\/revisions"}],"wp:attachment":[{"href":"https:\/\/senoticias.com.br\/se\/wp-json\/wp\/v2\/media?parent=130820"}],"wp:term":[{"taxonomy":"category","embeddable":true,"href":"https:\/\/senoticias.com.br\/se\/wp-json\/wp\/v2\/categories?post=130820"},{"taxonomy":"post_tag","embeddable":true,"href":"https:\/\/senoticias.com.br\/se\/wp-json\/wp\/v2\/tags?post=130820"}],"curies":[{"name":"wp","href":"https:\/\/api.w.org\/{rel}","templated":true}]}}