{"id":130805,"date":"2021-12-10T07:21:06","date_gmt":"2021-12-10T10:21:06","guid":{"rendered":"https:\/\/senoticias.com.br\/se\/?p=130805"},"modified":"2021-12-10T15:22:14","modified_gmt":"2021-12-10T18:22:14","slug":"brasileirao-2022-definidos-todos-os-60-clubes-das-series-a-b-e-c","status":"publish","type":"post","link":"https:\/\/senoticias.com.br\/se\/brasileirao-2022-definidos-todos-os-60-clubes-das-series-a-b-e-c\/","title":{"rendered":"Brasileir\u00e3o 2022: Definidos todos os 60 clubes das S\u00e9ries A, B e C"},"content":{"rendered":"\n<p><\/p>\n\n\n\n<p> Com o encerramento das tr\u00eas principais divis\u00f5es do Campeonato Brasileiro, j\u00e1 \u00e9 poss\u00edvel saber quais clubes disputar\u00e3o as S\u00e9ries A, B e C em 2022. O Portal Futebol Interior n\u00e3o perde tempo e mostra tudo nesta sexta-feira.<\/p>\n\n\n\n<figure class=\"wp-block-image size-large\"><img loading=\"lazy\" decoding=\"async\" width=\"574\" height=\"368\" src=\"https:\/\/senoticias.com.br\/se\/wp-content\/uploads\/2021\/12\/Gremio-SE-Noticias.jpg\" alt=\"\" class=\"wp-image-130806\" srcset=\"https:\/\/senoticias.com.br\/se\/wp-content\/uploads\/2021\/12\/Gremio-SE-Noticias.jpg 574w, https:\/\/senoticias.com.br\/se\/wp-content\/uploads\/2021\/12\/Gremio-SE-Noticias-300x192.jpg 300w, https:\/\/senoticias.com.br\/se\/wp-content\/uploads\/2021\/12\/Gremio-SE-Noticias-190x122.jpg 190w, https:\/\/senoticias.com.br\/se\/wp-content\/uploads\/2021\/12\/Gremio-SE-Noticias-120x76.jpg 120w, https:\/\/senoticias.com.br\/se\/wp-content\/uploads\/2021\/12\/Gremio-SE-Noticias-220x140.jpg 220w\" sizes=\"(max-width: 574px) 100vw, 574px\" \/><figcaption>S\u00e9rie B ter\u00e1 diversos campe\u00f5es brasileiros em 2022 &#8211; Foto: Lucas Uebel \/ Gr\u00eamio<\/figcaption><\/figure>\n\n\n\n<p>A S\u00e9rie B, mais uma vez, estar\u00e1 forte. Gr\u00eamio e Bahia, dois dos campe\u00f5es brasileiros, engrossaram a lista de grandes clubes, que j\u00e1 contavam com Cruzeiro e Vasco. H\u00e1 ainda o Guarani, outro vencedor nacional. Os paulistas, por sinal, marcar\u00e3o presen\u00e7a nas tr\u00eas divis\u00f5es.<\/p>\n\n\n\n<p>Dos 60 clubes, dez ser\u00e3o do estado de S\u00e3o Paulo, sendo cinco na S\u00e9rie A, tr\u00eas na S\u00e9rie B e dois na S\u00e9rie C. Na terceira divis\u00e3o, ali\u00e1s, acontecer\u00e1 novamente o Re-Pa ap\u00f3s o rebaixamento do Remo. J\u00e1 os baianos choraram queda dupla com o Bahia indo para a S\u00e9rie B e o Vit\u00f3ria na C.<\/p>\n\n\n\n<p><strong>S\u00c9RIE A:<\/strong> Am\u00e9rica-MG, Athletico-PR, Atl\u00e9tico-GO, Atl\u00e9tico-MG, Ava\u00ed, Botafogo, Corinthians, Cear\u00e1, Coritiba, Cuiab\u00e1, Flamengo, Fluminense, Fortaleza, Goi\u00e1s, Internacional, Juventude, Palmeiras, Red Bull Bragantino, Santos e S\u00e3o Paulo;<\/p>\n\n\n\n<p><strong>S\u00c9RIE B:<\/strong> Bahia, Brusque, Chapecoense, CRB, Crici\u00fama, Cruzeiro, CSA, Gr\u00eamio, Guarani, Ituano, Londrina, N\u00e1utico, Novorizontino, Oper\u00e1rio, Ponte Preta, Sampaio Corr\u00eaa, Sport, Tombense, Vasco e Vila Nova;<\/p>\n\n\n\n<p><strong>S\u00c9RIE C:<\/strong> ABC, Aparecidense, Atl\u00e9tico-CE, Altos, Botafogo-PB, Botafogo-SP, Brasil-RS, Campinense, Confian\u00e7a, Ferrovi\u00e1rio, Figueirense, Floresta, Manaus, Mirassol, Paysandu, Remo, S\u00e3o Jos\u00e9, Vit\u00f3ria, Volta Redonda e Ypiranga.<\/p>\n\n\n\n<p><em><strong>Quer receber as principais not\u00edcias do<\/strong>&nbsp;<strong>SE Not\u00edcias<\/strong>&nbsp;<strong>no seu<\/strong>&nbsp;<strong>WhatsApp?<\/strong>&nbsp;<strong><a href=\"https:\/\/api.whatsapp.com\/send?phone=5579991715289\">Clique aqui<\/a><\/strong>.<\/em><\/p>\n\n\n\n<p><strong><em>Acompanhe tamb\u00e9m o SE Not\u00edcias no&nbsp;<a rel=\"noreferrer noopener\" href=\"https:\/\/twitter.com\/Senoticias\" target=\"_blank\">Twitter<\/a>,&nbsp;<a rel=\"noreferrer noopener\" href=\"https:\/\/www.facebook.com\/senoticias1\" target=\"_blank\">Facebook<\/a>&nbsp;e no&nbsp;<a rel=\"noreferrer noopener\" href=\"https:\/\/www.instagram.com\/senoticias\/\" target=\"_blank\">Instagram<\/a><\/em><\/strong><\/p>\n\n\n\n<p>Fonte:<a href=\"https:\/\/www.futebolinterior.com.br\/definidos-todos-os-60-clubes-das-series-a-b-e-c-do-brasileirao-2022-confira-tudo-no-portal-fi\/\"> Futebol Interior<\/a><\/p>\n","protected":false},"excerpt":{"rendered":"<p>Com o encerramento das tr\u00eas principais divis\u00f5es do Campeonato Brasileiro, j\u00e1 \u00e9 poss\u00edvel saber quais clubes disputar\u00e3o as S\u00e9ries A, B e C em 2022. O Portal Futebol Interior n\u00e3o perde tempo e mostra tudo nesta sexta-feira. A S\u00e9rie B, mais uma vez, estar\u00e1 forte. Gr\u00eamio e Bahia, dois dos campe\u00f5es brasileiros, engrossaram a lista [&hellip;]<\/p>\n","protected":false},"author":6557,"featured_media":0,"comment_status":"closed","ping_status":"closed","sticky":false,"template":"","format":"standard","meta":{"footnotes":""},"categories":[15,39,26],"tags":[35517,34223,13325,34312,3877],"class_list":{"0":"post-130805","1":"post","2":"type-post","3":"status-publish","4":"format-standard","6":"category-destaques","7":"category-esporte","8":"category-esportes","9":"tag-futebol-2022","10":"tag-futebol-brasileiro","11":"tag-serie-a","12":"tag-serie-b-2","13":"tag-seriec"},"_links":{"self":[{"href":"https:\/\/senoticias.com.br\/se\/wp-json\/wp\/v2\/posts\/130805"}],"collection":[{"href":"https:\/\/senoticias.com.br\/se\/wp-json\/wp\/v2\/posts"}],"about":[{"href":"https:\/\/senoticias.com.br\/se\/wp-json\/wp\/v2\/types\/post"}],"author":[{"embeddable":true,"href":"https:\/\/senoticias.com.br\/se\/wp-json\/wp\/v2\/users\/6557"}],"replies":[{"embeddable":true,"href":"https:\/\/senoticias.com.br\/se\/wp-json\/wp\/v2\/comments?post=130805"}],"version-history":[{"count":0,"href":"https:\/\/senoticias.com.br\/se\/wp-json\/wp\/v2\/posts\/130805\/revisions"}],"wp:attachment":[{"href":"https:\/\/senoticias.com.br\/se\/wp-json\/wp\/v2\/media?parent=130805"}],"wp:term":[{"taxonomy":"category","embeddable":true,"href":"https:\/\/senoticias.com.br\/se\/wp-json\/wp\/v2\/categories?post=130805"},{"taxonomy":"post_tag","embeddable":true,"href":"https:\/\/senoticias.com.br\/se\/wp-json\/wp\/v2\/tags?post=130805"}],"curies":[{"name":"wp","href":"https:\/\/api.w.org\/{rel}","templated":true}]}}