{"id":130770,"date":"2021-12-07T15:07:36","date_gmt":"2021-12-07T18:07:36","guid":{"rendered":"https:\/\/senoticias.com.br\/se\/?p=130770"},"modified":"2021-12-07T15:31:58","modified_gmt":"2021-12-07T18:31:58","slug":"nao-serei-candidata-a-reeleicao-informa-deputada-janier-mota","status":"publish","type":"post","link":"https:\/\/senoticias.com.br\/se\/nao-serei-candidata-a-reeleicao-informa-deputada-janier-mota\/","title":{"rendered":"&#8220;N\u00e3o serei candidata a reelei\u00e7\u00e3o&#8221;, informa deputada Janier Mota."},"content":{"rendered":"\n<p><\/p>\n\n\n\n<p>A deputada estadual Janier Mota (PR) n\u00e3o ir\u00e1 concorrer \u00e0s elei\u00e7\u00f5es do ano que vem. Atrav\u00e9s de nota, a parlamentar enviou o release abaixo:<\/p>\n\n\n\n<p>A vida \u00e9 feita de escolhas e atitudes, durante toda minha vida sempre tive a coragem de tomar decis\u00f5es importantes.<\/p>\n\n\n\n<figure class=\"wp-block-image size-large\"><img loading=\"lazy\" decoding=\"async\" width=\"576\" height=\"386\" src=\"https:\/\/senoticias.com.br\/se\/wp-content\/uploads\/2021\/12\/Janier-Mota-SE-Noticias.jpg\" alt=\"\" class=\"wp-image-130771\" srcset=\"https:\/\/senoticias.com.br\/se\/wp-content\/uploads\/2021\/12\/Janier-Mota-SE-Noticias.jpg 576w, https:\/\/senoticias.com.br\/se\/wp-content\/uploads\/2021\/12\/Janier-Mota-SE-Noticias-300x201.jpg 300w, https:\/\/senoticias.com.br\/se\/wp-content\/uploads\/2021\/12\/Janier-Mota-SE-Noticias-90x60.jpg 90w, https:\/\/senoticias.com.br\/se\/wp-content\/uploads\/2021\/12\/Janier-Mota-SE-Noticias-180x120.jpg 180w, https:\/\/senoticias.com.br\/se\/wp-content\/uploads\/2021\/12\/Janier-Mota-SE-Noticias-95x64.jpg 95w\" sizes=\"(max-width: 576px) 100vw, 576px\" \/><figcaption>Deputada Janier Mota &#8211; Foto: Jadilson Sim\u00f5es\/Alese<\/figcaption><\/figure>\n\n\n\n<p>Quando ingressei na vida p\u00fablica em 2016, como Vice-Prefeita na cidade Itabaianinha, sempre tive como miss\u00e3o a sensibilidade de trabalhar para todos, principalmente para os que mais precisavam de ajuda.<\/p>\n\n\n\n<p>A vida p\u00fablica n\u00e3o \u00e9 uma tarefa f\u00e1cil, principalmente, quando a pessoa \u00e9 comprometida com a verdade e tem o m\u00e1ximo de respeito pelo povo.<\/p>\n\n\n\n<p>Como <strong>Vice-Prefeita<\/strong>, dei minha contribui\u00e7\u00e3o, onde compreendi que para continuar ajudando em outros setores e segmentos seria necess\u00e1rio ocupar um outro cargo, uma nova posi\u00e7\u00e3o, foi quando assumi o desafio de disputar uma cadeira na Assembleia Legislativa para <strong>Deputada Estadual.<\/strong><\/p>\n\n\n\n<p>O projeto gra\u00e7as a Deus deu certo e n\u00f3s conseguimos alcan\u00e7ar o objetivo, onde come\u00e7amos a trabalhar desde o primeiro momento. Estou exercendo a Presid\u00eancia da Comiss\u00e3o de Sa\u00fade, onde apresentei diversos projetos, cobramos melhorias, reivindicamos obras, apresentamos proposituras e indica\u00e7\u00f5es. Gra\u00e7as a Deus, grandes vit\u00f3rias alcan\u00e7amos.<\/p>\n\n\n\n<p>Contudo, chegou a hora de continuar ajudando n\u00e3o mais atrav\u00e9s da pol\u00edtica, mas, da forma como sempre eu e minha fam\u00edlia ajudamos, chegou a hora de cuidar tamb\u00e9m de minha sa\u00fade, de minha fam\u00edlia e dos neg\u00f3cios.<\/p>\n\n\n\n<p>Venho comunicar ao Povo Sergipano que n\u00e3o disputarei nenhum cargo pol\u00edtico em 2022, por\u00e9m, no que for poss\u00edvel e com a gra\u00e7a de Deus continuarei sim a ajudar como sempre fiz juntamente com minha fam\u00edlia ao povo de Sergipe.<\/p>\n\n\n\n<p>Quero agradecer a Deus pela oportunidade de realizar o sonho de servir a \u201cminha gente\u201d com todas as minhas for\u00e7as durante minha legislatura na ALESE, em especial, aos meus amigos e familiares que sempre estiveram ao meu lado nesta jornada.<\/p>\n\n\n\n<p>Aos companheiros de vida p\u00fablica e a todos aqueles que depositaram o seu voto de confian\u00e7a no meu mandato, quero externar minha profunda gratid\u00e3o, com a certeza que lutei e luto com todas as minhas for\u00e7as por um Estado mais pr\u00f3spero e justo para todos.<\/p>\n\n\n\n<p>N\u00e3o posso deixar de agradecer ao Governador do Estado de Sergipe pela disponibilidade em ouvir e atender as demandas e reivindica\u00e7\u00f5es da popula\u00e7\u00e3o, pois atrav\u00e9s das minhas indica\u00e7\u00f5es foi poss\u00edvel trazer mais esperan\u00e7a ao povo sergipano em tempos t\u00e3o dif\u00edceis.<\/p>\n\n\n\n<p>Na pessoa do Secret\u00e1rio Felizola n\u00e3o poderia me furtar de agradecer a todos os secret\u00e1rios de Estado que tamb\u00e9m se colocaram \u00e0 disposi\u00e7\u00e3o do meu mandato para ouvir os anseios da popula\u00e7\u00e3o e procurar resolver as demandas com respeito e comprometimento.<\/p>\n\n\n\n<p>N\u00e3o deixo a pol\u00edtica com nenhum tipo de ressentimento ou m\u00e1goa, mas com o esp\u00edrito livre que combati o bom combate, completei minha carreira, guardei a f\u00e9, a integridade e honestidade. Trabalhei e fiz tudo que estava ao meu alcance.<\/p>\n\n\n\n<p>Em meio a pandemia, distribu\u00edmos emendas para combater esse v\u00edrus destruidor, enfrentamos de frente nos hospitais com a\u00e7\u00f5es importantes, principalmente, nos hospitais de Itabaianinha e Nossa Senhora da Gl\u00f3ria.<\/p>\n\n\n\n<p>Importantes obras conseguimos por meio de nossa representa\u00e7\u00e3o. Est\u00e3o a\u00ed as rodovias em fase de finaliza\u00e7\u00e3o.<\/p>\n\n\n\n<p>Eu aprendi que a verdadeira pol\u00edtica se faz com pessoas, com amor, com f\u00e9, com entendimento e acima de tudo com respeito ao pr\u00f3ximo.<\/p>\n\n\n\n<p>Enfim, encerrarei o mandato em janeiro de 2023, mas continuarei sendo a mulher p\u00fablica Janier Mota que reconhece suas origens, que ama todo Sergipe e que sempre ter\u00e1 como prop\u00f3sito de vida, servir ao pr\u00f3ximo com amor e dedica\u00e7\u00e3o.<\/p>\n\n\n\n<p><em><strong>Quer receber as principais not\u00edcias do<\/strong>&nbsp;<strong>SE Not\u00edcias<\/strong>&nbsp;<strong>no seu<\/strong>&nbsp;<strong>WhatsApp?<\/strong>&nbsp;<strong><a href=\"https:\/\/api.whatsapp.com\/send?phone=5579991715289\">Clique aqui<\/a><\/strong>.<\/em><\/p>\n\n\n\n<p><strong><em>Acompanhe tamb\u00e9m o SE Not\u00edcias no&nbsp;<a rel=\"noreferrer noopener\" href=\"https:\/\/twitter.com\/Senoticias\" target=\"_blank\">Twitter<\/a>,&nbsp;<a rel=\"noreferrer noopener\" href=\"https:\/\/www.facebook.com\/senoticias1\" target=\"_blank\">Facebook<\/a>&nbsp;e no&nbsp;<a rel=\"noreferrer noopener\" href=\"https:\/\/www.instagram.com\/senoticias\/\" target=\"_blank\">Instagram<\/a><\/em><\/strong><\/p>\n\n\n\n<p>Da assessoria de imprensa<\/p>\n","protected":false},"excerpt":{"rendered":"<p>A deputada estadual Janier Mota (PR) n\u00e3o ir\u00e1 concorrer \u00e0s elei\u00e7\u00f5es do ano que vem. Atrav\u00e9s de nota, a parlamentar enviou o release abaixo: A vida \u00e9 feita de escolhas e atitudes, durante toda minha vida sempre tive a coragem de tomar decis\u00f5es importantes. Quando ingressei na vida p\u00fablica em 2016, como Vice-Prefeita na cidade [&hellip;]<\/p>\n","protected":false},"author":6557,"featured_media":0,"comment_status":"closed","ping_status":"closed","sticky":false,"template":"","format":"standard","meta":{"footnotes":""},"categories":[15,38,1],"tags":[2830,35494,35493],"class_list":{"0":"post-130770","1":"post","2":"type-post","3":"status-publish","4":"format-standard","6":"category-destaques","7":"category-municipios","8":"category-sem-categoria","9":"tag-alese","10":"tag-deputada-janier-mota","11":"tag-janier-mota"},"_links":{"self":[{"href":"https:\/\/senoticias.com.br\/se\/wp-json\/wp\/v2\/posts\/130770"}],"collection":[{"href":"https:\/\/senoticias.com.br\/se\/wp-json\/wp\/v2\/posts"}],"about":[{"href":"https:\/\/senoticias.com.br\/se\/wp-json\/wp\/v2\/types\/post"}],"author":[{"embeddable":true,"href":"https:\/\/senoticias.com.br\/se\/wp-json\/wp\/v2\/users\/6557"}],"replies":[{"embeddable":true,"href":"https:\/\/senoticias.com.br\/se\/wp-json\/wp\/v2\/comments?post=130770"}],"version-history":[{"count":0,"href":"https:\/\/senoticias.com.br\/se\/wp-json\/wp\/v2\/posts\/130770\/revisions"}],"wp:attachment":[{"href":"https:\/\/senoticias.com.br\/se\/wp-json\/wp\/v2\/media?parent=130770"}],"wp:term":[{"taxonomy":"category","embeddable":true,"href":"https:\/\/senoticias.com.br\/se\/wp-json\/wp\/v2\/categories?post=130770"},{"taxonomy":"post_tag","embeddable":true,"href":"https:\/\/senoticias.com.br\/se\/wp-json\/wp\/v2\/tags?post=130770"}],"curies":[{"name":"wp","href":"https:\/\/api.w.org\/{rel}","templated":true}]}}