{"id":130756,"date":"2021-12-06T17:18:07","date_gmt":"2021-12-06T20:18:07","guid":{"rendered":"https:\/\/senoticias.com.br\/se\/?p=130756"},"modified":"2021-12-06T17:29:57","modified_gmt":"2021-12-06T20:29:57","slug":"confira-o-funcionamento-dos-servicos-municipais-no-feriado-de-8-de-dezembro-em-aracaju","status":"publish","type":"post","link":"https:\/\/senoticias.com.br\/se\/confira-o-funcionamento-dos-servicos-municipais-no-feriado-de-8-de-dezembro-em-aracaju\/","title":{"rendered":"Confira o funcionamento dos servi\u00e7os municipais no feriado de 8 de dezembro em Aracaju"},"content":{"rendered":"\n<p>Devido ao feriado municipal do dia 8 de dezembro, em homenagem \u00e0 padroeira de Aracaju, Nossa Senhora da Concei\u00e7\u00e3o, os \u00f3rg\u00e3os da Prefeitura de Aracaju estar\u00e3o fechados, com exce\u00e7\u00e3o dos servi\u00e7os municipais considerados essenciais e indispens\u00e1veis \u00e0 popula\u00e7\u00e3o.<\/p>\n\n\n\n<figure class=\"wp-block-image size-large is-resized\"><img loading=\"lazy\" decoding=\"async\" src=\"https:\/\/senoticias.com.br\/se\/wp-content\/uploads\/2020\/05\/89d79fede63b92577e97af37139b546c-1024x682.jpeg\" alt=\"\" class=\"wp-image-123144\" width=\"512\" height=\"341\"\/><figcaption>Prefeitura de Aracaju divulga informa\u00e7\u00f5es sobre o feriado de 8 de dezembro &#8211; Foto: arquivo\/PM\/SE<\/figcaption><\/figure>\n\n\n\n<p>Confira abaixo o que abre e fecha no feriado:<\/p>\n\n\n\n<p><strong>Sa\u00fade<\/strong><br><br>Os servi\u00e7os de Sa\u00fade da Prefeitura de Aracaju sofrer\u00e3o altera\u00e7\u00e3o em seu funcionamento. Na Rede de Aten\u00e7\u00e3o Prim\u00e1ria (Reap), as Unidades B\u00e1sicas de Sa\u00fade estar\u00e3o fechadas na quarta-feira, dia 8, feriado de Nossa Senhora da Concei\u00e7\u00e3o, voltando ao normal na quinta-feira, 9.<\/p>\n\n\n\n<p>Na Rede de Urg\u00eancia e Emerg\u00eancia (Reue), os hospitais municipais Fernando Franco e Nestor Piva seguem com servi\u00e7o 24 horas para atendimento de s\u00edndromes gripais e suspeita de covid-19. Al\u00e9m da urg\u00eancia cl\u00ednica, a urg\u00eancia odontol\u00f3gica ofertada no Hospital Fernando Franco tamb\u00e9m funcionar\u00e1 24 horas.<\/p>\n\n\n\n<p>Na Rede de Aten\u00e7\u00e3o Psicossocial (Reaps), o atendimento dos Centros de Aten\u00e7\u00e3o Psicossocial (Caps) segue de porta aberta, entretanto, no feriado funcionar\u00e1 apenas o acolhimento noturno.<\/p>\n\n\n\n<p>O Centro de Especialidades M\u00e9dicas (Cemar Siqueira Campos), inserido na Rede de Atendimento Especializado (Reae), n\u00e3o funciona aos finais de semana, feriados e ponto facultativo. Desta forma, o servi\u00e7o retorna na quinta-feira, dia 9, das 7h \u00e0s 18h.<\/p>\n\n\n\n<p><strong>Semdec<\/strong><br><br>A Guarda Municipal de Aracaju (GMA) continuar\u00e1 prestando seus servi\u00e7os essenciais normalmente. A Defesa Civil permanecer\u00e1 com equipes no plant\u00e3o, para atendimento \u00e0s demandas que possam surgir atrav\u00e9s do n\u00famero emergencial 199. J\u00e1 o Procon Aracaju n\u00e3o funcionar\u00e1 durante o feriado.<\/p>\n\n\n\n<p><strong>Funcaju<\/strong><br><br>No dia 8, todas as unidades da Funda\u00e7\u00e3o Cultural Cidade de Aracaju (Funcaju) estar\u00e3o fechadas.<\/p>\n\n\n\n<p><strong>Educa\u00e7\u00e3o<\/strong><br><br>A Casa de Ci\u00eancia e Tecnologia da Cidade de Aracaju Galileu Galilei (CCTECA), localizada no Parque Governador Augusto Franco (Parque da Sementeira), continua sem funcionar em virtude das medidas de enfrentamento ao novo coronav\u00edrus. As 74 unidades de ensino municipais j\u00e1 retomaram as aulas presenciais, mas n\u00e3o abrem no feriado.<\/p>\n\n\n\n<p><strong>Mercados e Feiras<\/strong><br><br>Os mercados centrais (Ant\u00f4nio Franco e Thales Ferraz e Maria Virg\u00ednia Leite Franco), assim como os demais setoriais, abrir\u00e3o das 6h \u00e0s 12h;<\/p>\n\n\n\n<p>As feiras livres dos conjuntos Dom Pedro, Augusto Franco, Orlando Dantas e do Bugio, ocorrem, normalmente, no per\u00edodo da tarde.<\/p>\n\n\n\n<p><strong>Servi\u00e7os urbanos<\/strong><br><br>A coleta do lixo domiciliar acontece sem altera\u00e7\u00e3o no cronograma. Os demais servi\u00e7os de limpeza p\u00fablica ser\u00e3o realizados, por\u00e9m, com redu\u00e7\u00e3o de equipes;<\/p>\n\n\n\n<p>Os ecopontos da cidade, a coleta seletiva e o programa Cata Treco n\u00e3o funcionam. A equipe de poda\u00e7\u00e3o trabalhar\u00e1 em regime de plant\u00e3o.<\/p>\n\n\n\n<p>J\u00e1 na regi\u00e3o litor\u00e2nea, as a\u00e7\u00f5es direcionadas \u00e0 limpeza na faixa de areia, com servi\u00e7os de varri\u00e7\u00e3o e recolhimento de res\u00edduos, ocorrem com o refor\u00e7o no quantitativo de agentes. O mesmo ocorre na quinta-feira, 9.<\/p>\n\n\n\n<p><strong>Parques, praias e orlas<\/strong><br><br>O Parque Governador Augusto Franco (Sementeira), no bairro Jardins, abrir\u00e1 para caminhadas, atividades esportivas e de lazer, das 5h \u00e0s 21h30. Neste dia, o drive-thru da vacina\u00e7\u00e3o n\u00e3o funciona;<\/p>\n\n\n\n<p>O <strong>Parque Ecol\u00f3gico Poxim, <\/strong>no In\u00e1cio Barbosa, funcionar\u00e1 normalmente, das 6h \u00e0s 18h;<\/p>\n\n\n\n<p>O Centro de Artesanato Chica Chaves, no bairro Industrial, estar\u00e1 aberto ao p\u00fablico das 9h \u00e0s 18h;<\/p>\n\n\n\n<p>Os servi\u00e7os de embarque e desembarque na Orla P\u00f4r do Sol (Mosqueiro) ocorrer\u00e3o sem qualquer altera\u00e7\u00e3o, das 8h \u00e0s 17h;<\/p>\n\n\n\n<p>As equipes de fiscaliza\u00e7\u00e3o ir\u00e3o atuar na extens\u00e3o das orlas da praia da Atalaia, dos bairros Industrial, Porto Dantas e Mosqueiro (Orla P\u00f4r do Sol).<\/p>\n\n\n\n<p><em><strong>Quer receber as principais not\u00edcias do<\/strong>&nbsp;<strong>SE Not\u00edcias<\/strong>&nbsp;<strong>no seu<\/strong>&nbsp;<strong>WhatsApp?<\/strong>&nbsp;<strong><a href=\"https:\/\/api.whatsapp.com\/send?phone=5579991715289\">Clique aqui<\/a><\/strong>.<\/em><\/p>\n\n\n\n<p><strong><em>Acompanhe tamb\u00e9m o SE Not\u00edcias no\u00a0<a rel=\"noreferrer noopener\" href=\"https:\/\/twitter.com\/Senoticias\" target=\"_blank\">Twitter<\/a>,\u00a0<a rel=\"noreferrer noopener\" href=\"https:\/\/www.facebook.com\/senoticias1\" target=\"_blank\">Facebook<\/a>\u00a0e no\u00a0<a rel=\"noreferrer noopener\" href=\"https:\/\/www.instagram.com\/senoticias\/\" target=\"_blank\">Instagram<\/a><\/em><\/strong><\/p>\n\n\n\n<p>Fonte: Ag\u00eancia Aracaju de Not\u00edcias<\/p>\n","protected":false},"excerpt":{"rendered":"<p>Devido ao feriado municipal do dia 8 de dezembro, em homenagem \u00e0 padroeira de Aracaju, Nossa Senhora da Concei\u00e7\u00e3o, os \u00f3rg\u00e3os da Prefeitura de Aracaju estar\u00e3o fechados, com exce\u00e7\u00e3o dos servi\u00e7os municipais considerados essenciais e indispens\u00e1veis \u00e0 popula\u00e7\u00e3o. Confira abaixo o que abre e fecha no feriado: Sa\u00fade Os servi\u00e7os de Sa\u00fade da Prefeitura de [&hellip;]<\/p>\n","protected":false},"author":6557,"featured_media":0,"comment_status":"closed","ping_status":"closed","sticky":false,"template":"","format":"standard","meta":{"footnotes":""},"categories":[15,6,1],"tags":[35480,8299,213],"class_list":{"0":"post-130756","1":"post","2":"type-post","3":"status-publish","4":"format-standard","6":"category-destaques","7":"category-politica","8":"category-sem-categoria","9":"tag-feriado-8-de-dezembro","10":"tag-nossa-senhora-da-conceicao","11":"tag-prefeitura-de-aracaju"},"_links":{"self":[{"href":"https:\/\/senoticias.com.br\/se\/wp-json\/wp\/v2\/posts\/130756"}],"collection":[{"href":"https:\/\/senoticias.com.br\/se\/wp-json\/wp\/v2\/posts"}],"about":[{"href":"https:\/\/senoticias.com.br\/se\/wp-json\/wp\/v2\/types\/post"}],"author":[{"embeddable":true,"href":"https:\/\/senoticias.com.br\/se\/wp-json\/wp\/v2\/users\/6557"}],"replies":[{"embeddable":true,"href":"https:\/\/senoticias.com.br\/se\/wp-json\/wp\/v2\/comments?post=130756"}],"version-history":[{"count":0,"href":"https:\/\/senoticias.com.br\/se\/wp-json\/wp\/v2\/posts\/130756\/revisions"}],"wp:attachment":[{"href":"https:\/\/senoticias.com.br\/se\/wp-json\/wp\/v2\/media?parent=130756"}],"wp:term":[{"taxonomy":"category","embeddable":true,"href":"https:\/\/senoticias.com.br\/se\/wp-json\/wp\/v2\/categories?post=130756"},{"taxonomy":"post_tag","embeddable":true,"href":"https:\/\/senoticias.com.br\/se\/wp-json\/wp\/v2\/tags?post=130756"}],"curies":[{"name":"wp","href":"https:\/\/api.w.org\/{rel}","templated":true}]}}