{"id":130753,"date":"2021-12-06T16:42:44","date_gmt":"2021-12-06T19:42:44","guid":{"rendered":"https:\/\/senoticias.com.br\/se\/?p=130753"},"modified":"2021-12-06T16:42:51","modified_gmt":"2021-12-06T19:42:51","slug":"policia-militar-prende-homem-por-maus-tratos-a-animal-em-sao-cristovao","status":"publish","type":"post","link":"https:\/\/senoticias.com.br\/se\/policia-militar-prende-homem-por-maus-tratos-a-animal-em-sao-cristovao\/","title":{"rendered":"Pol\u00edcia Militar prende homem por maus tratos a animal em S\u00e3o Crist\u00f3v\u00e3o"},"content":{"rendered":"\n<p>Nessa sexta-feira, 03, militares do Pelot\u00e3o de Pol\u00edcia Ambiental (PPAMB) prenderam um homem por maus-tratos \u00e0 um cachorro na cidade de S\u00e3o Crist\u00f3v\u00e3o.<\/p>\n\n\n\n<figure class=\"wp-block-image size-large\"><img loading=\"lazy\" decoding=\"async\" width=\"560\" height=\"374\" src=\"https:\/\/senoticias.com.br\/se\/wp-content\/uploads\/2021\/12\/Pelotao-Ambiental-SE-Noticias.jpeg\" alt=\"\" class=\"wp-image-130754\" srcset=\"https:\/\/senoticias.com.br\/se\/wp-content\/uploads\/2021\/12\/Pelotao-Ambiental-SE-Noticias.jpeg 560w, https:\/\/senoticias.com.br\/se\/wp-content\/uploads\/2021\/12\/Pelotao-Ambiental-SE-Noticias-300x200.jpeg 300w, https:\/\/senoticias.com.br\/se\/wp-content\/uploads\/2021\/12\/Pelotao-Ambiental-SE-Noticias-90x60.jpeg 90w, https:\/\/senoticias.com.br\/se\/wp-content\/uploads\/2021\/12\/Pelotao-Ambiental-SE-Noticias-180x120.jpeg 180w, https:\/\/senoticias.com.br\/se\/wp-content\/uploads\/2021\/12\/Pelotao-Ambiental-SE-Noticias-95x64.jpeg 95w\" sizes=\"(max-width: 560px) 100vw, 560px\" \/><figcaption>Diante do flagrante, o homem foi conduzido \u00e0 Delegacia e o animal \u00e0 um hospital veterin\u00e1rio &#8211; Foto: PM\/SE<\/figcaption><\/figure>\n\n\n\n<p>A equipe foi acionada pelo CIOSP para averiguar uma den\u00fancia de maus-tratos no Jardim Universit\u00e1rio, <strong>Bairro Marcelo D\u00e9da<\/strong>. Ao chegar no local a guarni\u00e7\u00e3o encontrou uma cadela com um sangramento no olho direito. Em contato com o dono do animal, este informou que havia retirado uma verruga pr\u00f3ximo ao olho do c\u00e3o utilizando uma l\u00e2mina.<\/p>\n\n\n\n<p>Diante do flagrante, o homem foi conduzido \u00e0 Delegacia e o animal \u00e0 um hospital veterin\u00e1rio.<\/p>\n\n\n\n<p><em><strong>Quer receber as principais not\u00edcias do<\/strong>&nbsp;<strong>SE Not\u00edcias<\/strong>&nbsp;<strong>no seu<\/strong>&nbsp;<strong>WhatsApp?<\/strong>&nbsp;<strong><a href=\"https:\/\/api.whatsapp.com\/send?phone=5579991715289\">Clique aqui<\/a><\/strong>.<\/em><\/p>\n\n\n\n<p><strong><em>Acompanhe tamb\u00e9m o SE Not\u00edcias no\u00a0<a rel=\"noreferrer noopener\" href=\"https:\/\/twitter.com\/Senoticias\" target=\"_blank\">Twitter<\/a>,\u00a0<a rel=\"noreferrer noopener\" href=\"https:\/\/www.facebook.com\/senoticias1\" target=\"_blank\">Facebook<\/a>\u00a0e no\u00a0<a rel=\"noreferrer noopener\" href=\"https:\/\/www.instagram.com\/senoticias\/\" target=\"_blank\">Instagram<\/a><\/em><\/strong><\/p>\n\n\n\n<p>Fonte: ascom\/Pol\u00edcia Militar<\/p>\n","protected":false},"excerpt":{"rendered":"<p>Nessa sexta-feira, 03, militares do Pelot\u00e3o de Pol\u00edcia Ambiental (PPAMB) prenderam um homem por maus-tratos \u00e0 um cachorro na cidade de S\u00e3o Crist\u00f3v\u00e3o. A equipe foi acionada pelo CIOSP para averiguar uma den\u00fancia de maus-tratos no Jardim Universit\u00e1rio, Bairro Marcelo D\u00e9da. Ao chegar no local a guarni\u00e7\u00e3o encontrou uma cadela com um sangramento no olho [&hellip;]<\/p>\n","protected":false},"author":6557,"featured_media":0,"comment_status":"closed","ping_status":"closed","sticky":false,"template":"","format":"standard","meta":{"footnotes":""},"categories":[15,7],"tags":[15430,7987,86],"class_list":{"0":"post-130753","1":"post","2":"type-post","3":"status-publish","4":"format-standard","6":"category-destaques","7":"category-policia","8":"tag-maus-tratos-de-animais","9":"tag-pelotao-de-policia-ambiental","10":"tag-policia-militar"},"_links":{"self":[{"href":"https:\/\/senoticias.com.br\/se\/wp-json\/wp\/v2\/posts\/130753"}],"collection":[{"href":"https:\/\/senoticias.com.br\/se\/wp-json\/wp\/v2\/posts"}],"about":[{"href":"https:\/\/senoticias.com.br\/se\/wp-json\/wp\/v2\/types\/post"}],"author":[{"embeddable":true,"href":"https:\/\/senoticias.com.br\/se\/wp-json\/wp\/v2\/users\/6557"}],"replies":[{"embeddable":true,"href":"https:\/\/senoticias.com.br\/se\/wp-json\/wp\/v2\/comments?post=130753"}],"version-history":[{"count":0,"href":"https:\/\/senoticias.com.br\/se\/wp-json\/wp\/v2\/posts\/130753\/revisions"}],"wp:attachment":[{"href":"https:\/\/senoticias.com.br\/se\/wp-json\/wp\/v2\/media?parent=130753"}],"wp:term":[{"taxonomy":"category","embeddable":true,"href":"https:\/\/senoticias.com.br\/se\/wp-json\/wp\/v2\/categories?post=130753"},{"taxonomy":"post_tag","embeddable":true,"href":"https:\/\/senoticias.com.br\/se\/wp-json\/wp\/v2\/tags?post=130753"}],"curies":[{"name":"wp","href":"https:\/\/api.w.org\/{rel}","templated":true}]}}