{"id":130749,"date":"2021-12-06T11:05:27","date_gmt":"2021-12-06T14:05:27","guid":{"rendered":"https:\/\/senoticias.com.br\/se\/?p=130749"},"modified":"2021-12-06T11:35:14","modified_gmt":"2021-12-06T14:35:14","slug":"fundat-aracaju-abre-inscricoes-para-900-vagas-em-oficinas-online","status":"publish","type":"post","link":"https:\/\/senoticias.com.br\/se\/fundat-aracaju-abre-inscricoes-para-900-vagas-em-oficinas-online\/","title":{"rendered":"Fundat Aracaju abre inscri\u00e7\u00f5es para 900 vagas em oficinas online"},"content":{"rendered":"\n<p>A Funda\u00e7\u00e3o Municipal de Forma\u00e7\u00e3o para o Trabalho (Fundat) de Aracaju est\u00e1 com inscri\u00e7\u00f5es abertas para o preenchimento de 900 vagas, em nove oficinas online, voltadas \u00e0 qualifica\u00e7\u00e3o profissional.<\/p>\n\n\n\n<figure class=\"wp-block-image size-large\"><img loading=\"lazy\" decoding=\"async\" width=\"576\" height=\"275\" src=\"https:\/\/senoticias.com.br\/se\/wp-content\/uploads\/2021\/12\/Curso-online-se-noticias.jpg\" alt=\"\" class=\"wp-image-130750\" srcset=\"https:\/\/senoticias.com.br\/se\/wp-content\/uploads\/2021\/12\/Curso-online-se-noticias.jpg 576w, https:\/\/senoticias.com.br\/se\/wp-content\/uploads\/2021\/12\/Curso-online-se-noticias-300x143.jpg 300w\" sizes=\"(max-width: 576px) 100vw, 576px\" \/><figcaption>As oficinas t\u00eam carga hor\u00e1ria de 2h e as aulas ser\u00e3o realizadas via plataforma digital &#8211; Foto: arquivo\/Abr<\/figcaption><\/figure>\n\n\n\n<p>As oficinas ofertadas s\u00e3o de t\u00e9cnicas em vendas, recepcionista, operador de caixa, marketing pessoal, rotinas administrativas, excel\u00eancia no trabalho, qualidades que todo texto deve ter, como se destacar no mercado de trabalho com o Linkedin e como criar um curr\u00edculo atrativo para o mercado de trabalho.<\/p>\n\n\n\n<p>As oficinas t\u00eam carga hor\u00e1ria de 2h e as aulas ser\u00e3o realizadas via plataforma digital, o que amplia o acesso \u00e0s oficinas Para realizar a inscri\u00e7\u00e3o, \u00e9 necess\u00e1rio acessar o formul\u00e1rio com as informa\u00e7\u00f5es solicitadas.<\/p>\n\n\n\n<p>Segundo a Fundat, \u00e9 necess\u00e1rio que o aluno compare\u00e7a \u00e0 aula no dia e hor\u00e1rio da oficina para a qual se inscreveu acessando o link que ser\u00e1 enviado para o e-mail cadastrado. Al\u00e9m disso, \u00e9 fundamental o preenchimento do formul\u00e1rio de sa\u00edda durante a oficina, para comprovar a presen\u00e7a na aula e ser certificado ao concluir a capacita\u00e7\u00e3o.<\/p>\n\n\n\n<p>Programa\u00e7\u00e3o<\/p>\n\n\n\n<p>10\/12 &#8211; sexta-feira: 15h \u00e0s 17h &#8211; 7 qualidades que todo texto deve ter (2h);<br>13\/12 &#8211; segunda-feira: 15h \u00e0s 17h &#8211; T\u00e9cnicas em Vendas (2h);<br>14\/12 &#8211; ter\u00e7a-feira: 15h \u00e0s 17h &#8211; Operador de Caixa (2h);<br>15\/12 &#8211; quarta-feira: 18h \u00e0s 20h &#8211; Rotinas Administrativas (2h);<br>15\/12 &#8211; quarta-feira: 15h \u00e0s 17h &#8211; Marketing Pessoal (2h);<br>16\/12 &#8211; quinta-feira: 18h \u00e0s 20h &#8211; Excel\u00eancia no Trabalho (2h);<br>17\/12 &#8211; sexta-feira: 15h \u00e0s 17h &#8211; Como se destacar no mercado de trabalho com o Linkedin (2h);<br>20\/12 &#8211; segunda-feira: 18h \u00e0s 20h &#8211; Recepcionista (2h);<br>22\/12 &#8211; quarta-feira: 15h \u00e0s 17h &#8211; Como criar um curr\u00edculo atrativo para o mercado de trabalho (2h).<\/p>\n\n\n\n<p><em><strong>Quer receber as principais not\u00edcias do<\/strong>&nbsp;<strong>SE Not\u00edcias<\/strong>&nbsp;<strong>no seu<\/strong>&nbsp;<strong>WhatsApp?<\/strong>&nbsp;<strong><a href=\"https:\/\/api.whatsapp.com\/send?phone=5579991715289\">Clique aqui<\/a><\/strong>.<\/em><\/p>\n\n\n\n<p><strong><em>Acompanhe tamb\u00e9m o SE Not\u00edcias no\u00a0<a rel=\"noreferrer noopener\" href=\"https:\/\/twitter.com\/Senoticias\" target=\"_blank\">Twitter<\/a>,\u00a0<a rel=\"noreferrer noopener\" href=\"https:\/\/www.facebook.com\/senoticias1\" target=\"_blank\">Facebook<\/a>\u00a0e no\u00a0<a rel=\"noreferrer noopener\" href=\"https:\/\/www.instagram.com\/senoticias\/\" target=\"_blank\">Instagram<\/a><\/em><\/strong><\/p>\n\n\n\n<p>Fonte: <strong><a href=\"https:\/\/g1.globo.com\/se\/sergipe\/noticia\/2021\/12\/06\/fundat-abre-inscricoes-para-900-vagas-em-oficinas-online-em-sergipe.ghtml\">G1<\/a><\/strong> SE<\/p>\n","protected":false},"excerpt":{"rendered":"<p>A Funda\u00e7\u00e3o Municipal de Forma\u00e7\u00e3o para o Trabalho (Fundat) de Aracaju est\u00e1 com inscri\u00e7\u00f5es abertas para o preenchimento de 900 vagas, em nove oficinas online, voltadas \u00e0 qualifica\u00e7\u00e3o profissional. As oficinas ofertadas s\u00e3o de t\u00e9cnicas em vendas, recepcionista, operador de caixa, marketing pessoal, rotinas administrativas, excel\u00eancia no trabalho, qualidades que todo texto deve ter, como [&hellip;]<\/p>\n","protected":false},"author":6557,"featured_media":0,"comment_status":"closed","ping_status":"closed","sticky":false,"template":"","format":"standard","meta":{"footnotes":""},"categories":[15,6],"tags":[641,35476,35477],"class_list":{"0":"post-130749","1":"post","2":"type-post","3":"status-publish","4":"format-standard","6":"category-destaques","7":"category-politica","8":"tag-fundat","9":"tag-fundat-aracaju","10":"tag-oficinas-online"},"_links":{"self":[{"href":"https:\/\/senoticias.com.br\/se\/wp-json\/wp\/v2\/posts\/130749"}],"collection":[{"href":"https:\/\/senoticias.com.br\/se\/wp-json\/wp\/v2\/posts"}],"about":[{"href":"https:\/\/senoticias.com.br\/se\/wp-json\/wp\/v2\/types\/post"}],"author":[{"embeddable":true,"href":"https:\/\/senoticias.com.br\/se\/wp-json\/wp\/v2\/users\/6557"}],"replies":[{"embeddable":true,"href":"https:\/\/senoticias.com.br\/se\/wp-json\/wp\/v2\/comments?post=130749"}],"version-history":[{"count":0,"href":"https:\/\/senoticias.com.br\/se\/wp-json\/wp\/v2\/posts\/130749\/revisions"}],"wp:attachment":[{"href":"https:\/\/senoticias.com.br\/se\/wp-json\/wp\/v2\/media?parent=130749"}],"wp:term":[{"taxonomy":"category","embeddable":true,"href":"https:\/\/senoticias.com.br\/se\/wp-json\/wp\/v2\/categories?post=130749"},{"taxonomy":"post_tag","embeddable":true,"href":"https:\/\/senoticias.com.br\/se\/wp-json\/wp\/v2\/tags?post=130749"}],"curies":[{"name":"wp","href":"https:\/\/api.w.org\/{rel}","templated":true}]}}