{"id":130740,"date":"2021-12-04T19:46:00","date_gmt":"2021-12-04T22:46:00","guid":{"rendered":"https:\/\/senoticias.com.br\/se\/?p=130740"},"modified":"2021-12-04T19:46:05","modified_gmt":"2021-12-04T22:46:05","slug":"congresso-fortalece-psb-e-projeto-da-oposicao-em-sergipe","status":"publish","type":"post","link":"https:\/\/senoticias.com.br\/se\/congresso-fortalece-psb-e-projeto-da-oposicao-em-sergipe\/","title":{"rendered":"Congresso fortalece PSB e projeto da oposi\u00e7\u00e3o em Sergipe"},"content":{"rendered":"\n<p>Neste s\u00e1bado, 4, filiados do PSB de Sergipe promoveram o Congresso Estadual do partido, em Aracaju. Socialistas da capital e do interior participaram do encontro, que iniciou dando espa\u00e7o para as mulheres, com uma homenagem a 14 filiadas cujas hist\u00f3rias marcam um comprometimento com suas causas e bandeiras.<\/p>\n\n\n\n<figure class=\"wp-block-image size-large\"><img loading=\"lazy\" decoding=\"async\" width=\"573\" height=\"360\" src=\"https:\/\/senoticias.com.br\/se\/wp-content\/uploads\/2021\/12\/Ato-do-PSB-SE-Noticias.jpg\" alt=\"\" class=\"wp-image-130741\" srcset=\"https:\/\/senoticias.com.br\/se\/wp-content\/uploads\/2021\/12\/Ato-do-PSB-SE-Noticias.jpg 573w, https:\/\/senoticias.com.br\/se\/wp-content\/uploads\/2021\/12\/Ato-do-PSB-SE-Noticias-300x188.jpg 300w, https:\/\/senoticias.com.br\/se\/wp-content\/uploads\/2021\/12\/Ato-do-PSB-SE-Noticias-120x76.jpg 120w, https:\/\/senoticias.com.br\/se\/wp-content\/uploads\/2021\/12\/Ato-do-PSB-SE-Noticias-274x173.jpg 274w\" sizes=\"(max-width: 573px) 100vw, 573px\" \/><figcaption>Integrantes de outros partidos, como o prefeito de S\u00e3o Crist\u00f3v\u00e3o, Marcos Santana, do seu vice Paulo J\u00fanior; do presidente do PT Aracaju, Jefferson Lima; do presidente do DC de Sergipe, Airton Costa tamb\u00e9m marcaram presen\u00e7a no Congresso do PSB &#8211; Foto: ascom\/PSB<\/figcaption><\/figure>\n\n\n\n<p>No encontro, foi realizada a elei\u00e7\u00e3o para o Diret\u00f3rio Estadual, que reelegeu o ex-deputado Valadares Filho como presidente estadual. Tamb\u00e9m foram empossados os integrantes das diretorias dos Movimentos de Base do partido.<\/p>\n\n\n\n<figure class=\"wp-block-image size-large\"><img loading=\"lazy\" decoding=\"async\" width=\"576\" height=\"768\" src=\"https:\/\/senoticias.com.br\/se\/wp-content\/uploads\/2021\/12\/Prefeito-Marcos-Santana-SE-Noticias.jpg\" alt=\"\" class=\"wp-image-130742\" srcset=\"https:\/\/senoticias.com.br\/se\/wp-content\/uploads\/2021\/12\/Prefeito-Marcos-Santana-SE-Noticias.jpg 576w, https:\/\/senoticias.com.br\/se\/wp-content\/uploads\/2021\/12\/Prefeito-Marcos-Santana-SE-Noticias-225x300.jpg 225w\" sizes=\"(max-width: 576px) 100vw, 576px\" \/><figcaption>O prefeito Marcos Santana participou, neste s\u00e1bado (4), do Congresso Estadual do Partido Socialista Brasileiro (PSB) de Sergipe &#8211; Foto: ascom\/PSB<\/figcaption><\/figure>\n\n\n\n<p>O Congresso contou com a presen\u00e7a dos prefeitos do PSB, Cristiano Viana (Sim\u00e3o Dias); Dr Wagner Costa (Moita Bonita); de ex-prefeitos filiados ao partido, como Toinho de Dorinha (Po\u00e7o Verde) e Dra Silvia Cruz (Pirambu). Al\u00e9m do novo secret\u00e1rio geral eleito, Dr Emerson Ferreira, de vereadores, vereadoras do PSB e diversas lideran\u00e7as comunit\u00e1rias.<\/p>\n\n\n\n<p>Integrantes de outros partidos, como o prefeito de S\u00e3o Crist\u00f3v\u00e3o, Marcos Santana, do seu vice Paulo J\u00fanior; do presidente do PT Aracaju, Jefferson Lima; do presidente do DC de Sergipe, Airton Costa tamb\u00e9m marcaram presen\u00e7a.<\/p>\n\n\n\n<p>Presente ao Congresso do PSB, o senador e pr\u00e9-candidato ao governo de Sergipe, Rog\u00e9rio Carvalho, enalteceu o papel de protagonista do PSB nas \u00faltimas elei\u00e7\u00f5es no Estado, ressaltando a import\u00e2ncia dessa alian\u00e7a na constru\u00e7\u00e3o de um projeto forte e vi\u00e1vel para 2022, recolocando Sergipe nos trilhos do desenvolvimento.<\/p>\n\n\n\n<p>&#8220;Sa\u00edmos mais fortes e unidos, com foco e motiva\u00e7\u00e3o para dizer sim mais esse desafio. N\u00e3o podemos mais aceitar a paralisia que se encontra o nosso Estado. Precisamos resgatar bandeiras hist\u00f3ricas e promover crescimento com justi\u00e7a social&#8221;, frisou Valadares Filho.<\/p>\n\n\n\n<p><em><strong>Quer receber as principais not\u00edcias do<\/strong>&nbsp;<strong>SE Not\u00edcias<\/strong>&nbsp;<strong>no seu<\/strong>&nbsp;<strong>WhatsApp?<\/strong>&nbsp;<strong><a href=\"https:\/\/api.whatsapp.com\/send?phone=5579991715289\">Clique aqui<\/a><\/strong>.<\/em><\/p>\n\n\n\n<p><strong><em>Acompanhe tamb\u00e9m o SE Not\u00edcias no&nbsp;<a rel=\"noreferrer noopener\" href=\"https:\/\/twitter.com\/Senoticias\" target=\"_blank\">Twitter<\/a>,&nbsp;<a rel=\"noreferrer noopener\" href=\"https:\/\/www.facebook.com\/senoticias1\" target=\"_blank\">Facebook<\/a>&nbsp;e no&nbsp;<a rel=\"noreferrer noopener\" href=\"https:\/\/www.instagram.com\/senoticias\/\" target=\"_blank\">Instagram<\/a><\/em><\/strong><\/p>\n\n\n\n<p>Reda\u00e7\u00e3o SE Not\u00edcias, com informa\u00e7\u00f5es da ascom\/PSB\/SE<\/p>\n","protected":false},"excerpt":{"rendered":"<p>Neste s\u00e1bado, 4, filiados do PSB de Sergipe promoveram o Congresso Estadual do partido, em Aracaju. Socialistas da capital e do interior participaram do encontro, que iniciou dando espa\u00e7o para as mulheres, com uma homenagem a 14 filiadas cujas hist\u00f3rias marcam um comprometimento com suas causas e bandeiras. No encontro, foi realizada a elei\u00e7\u00e3o para [&hellip;]<\/p>\n","protected":false},"author":6557,"featured_media":0,"comment_status":"closed","ping_status":"closed","sticky":false,"template":"","format":"standard","meta":{"footnotes":""},"categories":[15,6],"tags":[12125,4589,4767,10068,3461,697,35473],"class_list":{"0":"post-130740","1":"post","2":"type-post","3":"status-publish","4":"format-standard","6":"category-destaques","7":"category-politica","8":"tag-eleicoes-2022","9":"tag-prefeito-marcos-santana","10":"tag-psb","11":"tag-psb-sergipe","12":"tag-rogerio-carvalho","13":"tag-valadares-filho","14":"tag-vice-prefeito-paulo-junior"},"_links":{"self":[{"href":"https:\/\/senoticias.com.br\/se\/wp-json\/wp\/v2\/posts\/130740"}],"collection":[{"href":"https:\/\/senoticias.com.br\/se\/wp-json\/wp\/v2\/posts"}],"about":[{"href":"https:\/\/senoticias.com.br\/se\/wp-json\/wp\/v2\/types\/post"}],"author":[{"embeddable":true,"href":"https:\/\/senoticias.com.br\/se\/wp-json\/wp\/v2\/users\/6557"}],"replies":[{"embeddable":true,"href":"https:\/\/senoticias.com.br\/se\/wp-json\/wp\/v2\/comments?post=130740"}],"version-history":[{"count":0,"href":"https:\/\/senoticias.com.br\/se\/wp-json\/wp\/v2\/posts\/130740\/revisions"}],"wp:attachment":[{"href":"https:\/\/senoticias.com.br\/se\/wp-json\/wp\/v2\/media?parent=130740"}],"wp:term":[{"taxonomy":"category","embeddable":true,"href":"https:\/\/senoticias.com.br\/se\/wp-json\/wp\/v2\/categories?post=130740"},{"taxonomy":"post_tag","embeddable":true,"href":"https:\/\/senoticias.com.br\/se\/wp-json\/wp\/v2\/tags?post=130740"}],"curies":[{"name":"wp","href":"https:\/\/api.w.org\/{rel}","templated":true}]}}