{"id":130739,"date":"2021-12-04T18:15:17","date_gmt":"2021-12-04T21:15:17","guid":{"rendered":"https:\/\/senoticias.com.br\/se\/?p=130739"},"modified":"2021-12-04T18:23:14","modified_gmt":"2021-12-04T21:23:14","slug":"defesa-civil-de-aracaju-emite-alerta-de-chuvas-nas-proximas-48h","status":"publish","type":"post","link":"https:\/\/senoticias.com.br\/se\/defesa-civil-de-aracaju-emite-alerta-de-chuvas-nas-proximas-48h\/","title":{"rendered":"Meteorologia prev\u00ea chuvas com raios e trovoadas em v\u00e1rias regi\u00f5es de Sergipe"},"content":{"rendered":"\n<p><\/p>\n\n\n\n<p><\/p>\n\n\n\n<p>O Instituto Nacional de Meteorologia emitiu alerta de chuva volumosa para tarde deste s\u00e1bado (4), que pode ser acompanhada de raios e trovoadas no Baixo s\u00e3o Francisco, Sul, Centro-Sul, Agreste Central e Alto Sert\u00e3o Sergipano.<\/p>\n\n\n\n<p>O alerta foi emitido hoje, pelo instituto nacional de meteorologia que prev\u00ea chuva entre 20 e 30 mil\u00edmetros por hora ou at\u00e9 50 mil\u00edmetros por dia, al\u00e9m de ventos intensos com velocidade entre 40 e 60 quil\u00f4metros por hora.<\/p>\n\n\n\n<p><strong>Defesa civil de Aracaju emite alerta para chuvas nas pr\u00f3ximas 48h<\/strong><\/p>\n\n\n\n<p>A Prefeitura de Aracaju, por interm\u00e9dio da Defesa Civil Municipal, \u00f3rg\u00e3o que integra a Secretaria da Defesa Social e da Cidadania (Semdec), emitiu neste s\u00e1bado, 4, alerta \u00e0 popula\u00e7\u00e3o cadastrada no servi\u00e7o SMS 40199, para a possibilidade de chuvas moderadas para as pr\u00f3ximas 48h.<\/p>\n\n\n\n<figure class=\"wp-block-image size-large\"><img loading=\"lazy\" decoding=\"async\" width=\"588\" height=\"392\" src=\"https:\/\/senoticias.com.br\/se\/wp-content\/uploads\/2021\/04\/Chuvas-em-Aracaju-SE-noticias.jpg\" alt=\"\" class=\"wp-image-127748\" srcset=\"https:\/\/senoticias.com.br\/se\/wp-content\/uploads\/2021\/04\/Chuvas-em-Aracaju-SE-noticias.jpg 588w, https:\/\/senoticias.com.br\/se\/wp-content\/uploads\/2021\/04\/Chuvas-em-Aracaju-SE-noticias-300x200.jpg 300w, https:\/\/senoticias.com.br\/se\/wp-content\/uploads\/2021\/04\/Chuvas-em-Aracaju-SE-noticias-90x60.jpg 90w, https:\/\/senoticias.com.br\/se\/wp-content\/uploads\/2021\/04\/Chuvas-em-Aracaju-SE-noticias-180x120.jpg 180w, https:\/\/senoticias.com.br\/se\/wp-content\/uploads\/2021\/04\/Chuvas-em-Aracaju-SE-noticias-95x64.jpg 95w\" sizes=\"(max-width: 588px) 100vw, 588px\" \/><figcaption> O alerta foi emitido na manh\u00e3 deste s\u00e1bado (4) pelo Instituto Nacional de Meteorologia &#8211; Foto: arquivo\/AAN<\/figcaption><\/figure>\n\n\n\n<p>De acordo com a Defesa Civil, com base em dados do Centro de Previs\u00e3o de Tempo e Estudos Clim\u00e1ticos (CPTEC), n\u00e3o h\u00e1 motivos para preocupa\u00e7\u00e3o, mas diante da possibilidade da precipita\u00e7\u00e3o, a Prefeitura est\u00e1 com equipes em alerta, monitorando os poss\u00edveis pontos de alagamentos por toda a cidade.<\/p>\n\n\n\n<p>\u201cRecebemos um aviso de chuva para hoje e amanh\u00e3, e expedimos SMS para as pr\u00f3ximas 48h. No interior do estado, em algumas localidades, chove bastante. N\u00f3s estamos acompanhando n\u00e3o s\u00f3 a chegada de chuvas na capital, como o n\u00edvel do rio Poxim. N\u00e3o \u00e9 nada para gerar preocupa\u00e7\u00e3o, mas a Defesa Civil e demais equipes da Prefeitura est\u00e3o atentas para qualquer necessidade de a\u00e7\u00e3o\u201d, tranquilizou o gestor da Semdec, Lu\u00eds Fernando Almeida.<\/p>\n\n\n\n<p><strong>SMS<\/strong><br><br>Para manter a popula\u00e7\u00e3o informada sobre o fen\u00f4meno meteorol\u00f3gico, a Defesa Civil encaminhou, via SMS, aviso para mais 50 mil n\u00fameros cadastrados, com o objetivo de alertar as pessoas que residem em \u00e1reas de risco.<\/p>\n\n\n\n<p><strong>Contatos<\/strong><br><br>A popula\u00e7\u00e3o pode entrar em contato com a Defesa Civil atrav\u00e9s do 199, caso seja registrada alguma ocorr\u00eancia que demande maior aten\u00e7\u00e3o das equipes, al\u00e9m de enviar mensagem para o <strong>40199<\/strong> e receber alertas sobre mau tempo no celular.<\/p>\n\n\n\n<p><em><strong>Quer receber as principais not\u00edcias do<\/strong>&nbsp;<strong>SE Not\u00edcias<\/strong>&nbsp;<strong>no seu<\/strong>&nbsp;<strong>WhatsApp?<\/strong>&nbsp;<strong><a href=\"https:\/\/api.whatsapp.com\/send?phone=5579991715289\">Clique aqui<\/a><\/strong>.<\/em><\/p>\n\n\n\n<p><strong><em>Acompanhe tamb\u00e9m o SE Not\u00edcias no\u00a0<a rel=\"noreferrer noopener\" href=\"https:\/\/twitter.com\/Senoticias\" target=\"_blank\">Twitter<\/a>,\u00a0<a rel=\"noreferrer noopener\" href=\"https:\/\/www.facebook.com\/senoticias1\" target=\"_blank\">Facebook<\/a>\u00a0e no\u00a0<a rel=\"noreferrer noopener\" href=\"https:\/\/www.instagram.com\/senoticias\/\" target=\"_blank\">Instagram<\/a><\/em><\/strong><\/p>\n\n\n\n<p><em>Fonte: Ag\u00eancia Aracaju de Not\u00edcias<\/em><\/p>\n","protected":false},"excerpt":{"rendered":"<p>O Instituto Nacional de Meteorologia emitiu alerta de chuva volumosa para tarde deste s\u00e1bado (4), que pode ser acompanhada de raios e trovoadas no Baixo s\u00e3o Francisco, Sul, Centro-Sul, Agreste Central e Alto Sert\u00e3o Sergipano. O alerta foi emitido hoje, pelo instituto nacional de meteorologia que prev\u00ea chuva entre 20 e 30 mil\u00edmetros por hora [&hellip;]<\/p>\n","protected":false},"author":6557,"featured_media":0,"comment_status":"closed","ping_status":"closed","sticky":false,"template":"","format":"standard","meta":{"footnotes":""},"categories":[15,6,1],"tags":[16916,119,6314,14317,11172],"class_list":{"0":"post-130739","1":"post","2":"type-post","3":"status-publish","4":"format-standard","6":"category-destaques","7":"category-politica","8":"category-sem-categoria","9":"tag-alerta-de-chuvas","10":"tag-chuvas","11":"tag-defesa-civil","12":"tag-meteorologia","13":"tag-previsao-de-chuvas"},"_links":{"self":[{"href":"https:\/\/senoticias.com.br\/se\/wp-json\/wp\/v2\/posts\/130739"}],"collection":[{"href":"https:\/\/senoticias.com.br\/se\/wp-json\/wp\/v2\/posts"}],"about":[{"href":"https:\/\/senoticias.com.br\/se\/wp-json\/wp\/v2\/types\/post"}],"author":[{"embeddable":true,"href":"https:\/\/senoticias.com.br\/se\/wp-json\/wp\/v2\/users\/6557"}],"replies":[{"embeddable":true,"href":"https:\/\/senoticias.com.br\/se\/wp-json\/wp\/v2\/comments?post=130739"}],"version-history":[{"count":0,"href":"https:\/\/senoticias.com.br\/se\/wp-json\/wp\/v2\/posts\/130739\/revisions"}],"wp:attachment":[{"href":"https:\/\/senoticias.com.br\/se\/wp-json\/wp\/v2\/media?parent=130739"}],"wp:term":[{"taxonomy":"category","embeddable":true,"href":"https:\/\/senoticias.com.br\/se\/wp-json\/wp\/v2\/categories?post=130739"},{"taxonomy":"post_tag","embeddable":true,"href":"https:\/\/senoticias.com.br\/se\/wp-json\/wp\/v2\/tags?post=130739"}],"curies":[{"name":"wp","href":"https:\/\/api.w.org\/{rel}","templated":true}]}}