{"id":130737,"date":"2021-12-04T17:48:59","date_gmt":"2021-12-04T20:48:59","guid":{"rendered":"https:\/\/senoticias.com.br\/se\/?p=130737"},"modified":"2021-12-04T18:03:58","modified_gmt":"2021-12-04T21:03:58","slug":"cobrador-de-micro-onibus-que-saiu-de-sergipe-e-baleado-em-povoado-da-bahia","status":"publish","type":"post","link":"https:\/\/senoticias.com.br\/se\/cobrador-de-micro-onibus-que-saiu-de-sergipe-e-baleado-em-povoado-da-bahia\/","title":{"rendered":"Cobrador de micro-\u00f4nibus que saiu de Sergipe \u00e9 baleado em povoado da Bahia"},"content":{"rendered":"\n<p>O cobrador de um micro-\u00f4nibus foi baleado na cabe\u00e7a, durante um assalto na noite dessa sexta-feira (3), no munic\u00edpio de Rio Real (BA), na divisa com Sergipe.<\/p>\n\n\n\n<figure class=\"wp-block-image size-large\"><img loading=\"lazy\" decoding=\"async\" width=\"576\" height=\"567\" src=\"https:\/\/senoticias.com.br\/se\/wp-content\/uploads\/2021\/12\/Cobrador-de-onibus-SE-Noticias.jpg\" alt=\"\" class=\"wp-image-130738\" srcset=\"https:\/\/senoticias.com.br\/se\/wp-content\/uploads\/2021\/12\/Cobrador-de-onibus-SE-Noticias.jpg 576w, https:\/\/senoticias.com.br\/se\/wp-content\/uploads\/2021\/12\/Cobrador-de-onibus-SE-Noticias-300x295.jpg 300w\" sizes=\"(max-width: 576px) 100vw, 576px\" \/><figcaption>O cobrador foi atendido em uma unidade hospitalar, depois foi encaminhado para a cidade de Alagoinhas, onde permanece internado &#8211; Foto: arquivo\/fam\u00edlia<\/figcaption><\/figure>\n\n\n\n<p>O ve\u00edculo, da cooperativa que faz o transporte intermunicipal de passageiros em Sergipe, havia sa\u00eddo de Aracaju (SE) com destino a Rio Real (BA), mas segundo o pai do cobrador, no munic\u00edpio de Cristin\u00e1polis (SE), dois homens entraram no micro-\u00f4nibus e em seguida anunciaram o assalto.<\/p>\n\n\n\n<p>Ele contou ainda, que o filho n\u00e3o reagiu e que mesmo assim eles atiraram. \u201cOs suspeitos ainda levaram o celular dele e a renda do ve\u00edculo\u201d, disse ele, que preferiu n\u00e3o se identificar por quest\u00f5es de seguran\u00e7a.<\/p>\n\n\n\n<p>O cobrador, tem 22 anos e foi levado para um hospital no munic\u00edpio de Alagoinhas (BA), onde permanece internado.<\/p>\n\n\n\n<p>Segundo pai, ele est\u00e1 consciente e conversando. Na tarde deste s\u00e1bado, ele vai ser avaliado por um neurologista para que seja definido quando deve ser submetido a um procedimento cir\u00fargico.<\/p>\n\n\n\n<p>Qualquer informa\u00e7\u00e3o que possa ajudar a pol\u00edcia na localiza\u00e7\u00e3o dos suspeitos, deve ser passada pelo Disque-Den\u00fancia atrav\u00e9s do 181. O sigilo \u00e9 garantido.<\/p>\n\n\n\n<p><em><strong>Quer receber as principais not\u00edcias do<\/strong>&nbsp;<strong>SE Not\u00edcias<\/strong>&nbsp;<strong>no seu<\/strong>&nbsp;<strong>WhatsApp?<\/strong>&nbsp;<strong><a href=\"https:\/\/api.whatsapp.com\/send?phone=5579991715289\">Clique aqui<\/a><\/strong>.<\/em><\/p>\n\n\n\n<p><strong><em>Acompanhe tamb\u00e9m o SE Not\u00edcias no\u00a0<a rel=\"noreferrer noopener\" href=\"https:\/\/twitter.com\/Senoticias\" target=\"_blank\">Twitter<\/a>,\u00a0<a rel=\"noreferrer noopener\" href=\"https:\/\/www.facebook.com\/senoticias1\" target=\"_blank\">Facebook<\/a>\u00a0e no\u00a0<a rel=\"noreferrer noopener\" href=\"https:\/\/www.instagram.com\/senoticias\/\" target=\"_blank\">Instagram<\/a><\/em><\/strong><\/p>\n\n\n\n<p>Fonte: <strong>G1<\/strong> SE<\/p>\n","protected":false},"excerpt":{"rendered":"<p>O cobrador de um micro-\u00f4nibus foi baleado na cabe\u00e7a, durante um assalto na noite dessa sexta-feira (3), no munic\u00edpio de Rio Real (BA), na divisa com Sergipe. O ve\u00edculo, da cooperativa que faz o transporte intermunicipal de passageiros em Sergipe, havia sa\u00eddo de Aracaju (SE) com destino a Rio Real (BA), mas segundo o pai [&hellip;]<\/p>\n","protected":false},"author":6557,"featured_media":0,"comment_status":"closed","ping_status":"closed","sticky":false,"template":"","format":"standard","meta":{"footnotes":""},"categories":[15,7],"tags":[35472,35471,5876],"class_list":{"0":"post-130737","1":"post","2":"type-post","3":"status-publish","4":"format-standard","6":"category-destaques","7":"category-policia","8":"tag-cobrador-baleado","9":"tag-cobrador-e-baleado","10":"tag-coopertalse"},"_links":{"self":[{"href":"https:\/\/senoticias.com.br\/se\/wp-json\/wp\/v2\/posts\/130737"}],"collection":[{"href":"https:\/\/senoticias.com.br\/se\/wp-json\/wp\/v2\/posts"}],"about":[{"href":"https:\/\/senoticias.com.br\/se\/wp-json\/wp\/v2\/types\/post"}],"author":[{"embeddable":true,"href":"https:\/\/senoticias.com.br\/se\/wp-json\/wp\/v2\/users\/6557"}],"replies":[{"embeddable":true,"href":"https:\/\/senoticias.com.br\/se\/wp-json\/wp\/v2\/comments?post=130737"}],"version-history":[{"count":0,"href":"https:\/\/senoticias.com.br\/se\/wp-json\/wp\/v2\/posts\/130737\/revisions"}],"wp:attachment":[{"href":"https:\/\/senoticias.com.br\/se\/wp-json\/wp\/v2\/media?parent=130737"}],"wp:term":[{"taxonomy":"category","embeddable":true,"href":"https:\/\/senoticias.com.br\/se\/wp-json\/wp\/v2\/categories?post=130737"},{"taxonomy":"post_tag","embeddable":true,"href":"https:\/\/senoticias.com.br\/se\/wp-json\/wp\/v2\/tags?post=130737"}],"curies":[{"name":"wp","href":"https:\/\/api.w.org\/{rel}","templated":true}]}}