{"id":130698,"date":"2021-11-30T22:02:05","date_gmt":"2021-12-01T01:02:05","guid":{"rendered":"https:\/\/senoticias.com.br\/se\/?p=130698"},"modified":"2021-11-30T22:06:49","modified_gmt":"2021-12-01T01:06:49","slug":"confira-o-roteiro-da-peregrinacao-de-santa-dulce-dos-pobres","status":"publish","type":"post","link":"https:\/\/senoticias.com.br\/se\/confira-o-roteiro-da-peregrinacao-de-santa-dulce-dos-pobres\/","title":{"rendered":"Definido o roteiro da peregrina\u00e7\u00e3o de Santa Dulce dos Pobres"},"content":{"rendered":"\n<p>No intuito de homenagear Santa Dulce dos Pobres e colaborar com o turismo religioso em Sergipe, o governador Belivaldo Chagas se reuniu, nesta ter\u00e7a-feira (30), com equipe t\u00e9cnica do governo e com representantes da Igreja e dos munic\u00edpios evolvidos no projeto para definir o roteiro de Peregrina\u00e7\u00e3o em homenagem \u00e0 Santa.<\/p>\n\n\n\n<figure class=\"wp-block-image size-large\"><img loading=\"lazy\" decoding=\"async\" width=\"579\" height=\"387\" src=\"https:\/\/senoticias.com.br\/se\/wp-content\/uploads\/2021\/11\/Roteiro-de-Santa-Dulce-dos-Pobres-SE-Noticias.jpg\" alt=\"\" class=\"wp-image-130699\" srcset=\"https:\/\/senoticias.com.br\/se\/wp-content\/uploads\/2021\/11\/Roteiro-de-Santa-Dulce-dos-Pobres-SE-Noticias.jpg 579w, https:\/\/senoticias.com.br\/se\/wp-content\/uploads\/2021\/11\/Roteiro-de-Santa-Dulce-dos-Pobres-SE-Noticias-300x201.jpg 300w, https:\/\/senoticias.com.br\/se\/wp-content\/uploads\/2021\/11\/Roteiro-de-Santa-Dulce-dos-Pobres-SE-Noticias-90x60.jpg 90w, https:\/\/senoticias.com.br\/se\/wp-content\/uploads\/2021\/11\/Roteiro-de-Santa-Dulce-dos-Pobres-SE-Noticias-180x120.jpg 180w, https:\/\/senoticias.com.br\/se\/wp-content\/uploads\/2021\/11\/Roteiro-de-Santa-Dulce-dos-Pobres-SE-Noticias-95x64.jpg 95w\" sizes=\"(max-width: 579px) 100vw, 579px\" \/><figcaption>Reuni\u00e3o define rota tur\u00edstico-religiosa de Santa Dulce dos Pobres &#8211; Foto: M\u00e1rio de Sousa\/Supec<\/figcaption><\/figure>\n\n\n\n<p>A antiga estrada entre S\u00e3o Crist\u00f3v\u00e3o e Aracaju, que passa pelos povoados Ca\u00edpe Novo e Candeal, na Cidade M\u00e3e, e chega \u00e0 Zona de Expans\u00e3o da capital, foi escolhida por unanimidade. \u201cNos pr\u00f3ximos dias, um projeto do que ser\u00e1 essa rodovia ser\u00e1 apresentado a esse mesmo grupo de trabalho para que possam opinar, mostrando os pontos de paradas, onde vai ter cal\u00e7ad\u00e3o, onde vai ter pavimenta\u00e7\u00e3o, entre outros. O governo do Estado vai assumir toda a infraestrutura nessa \u00e1rea para que a gente possa ter, em definitivo, o caminho de peregrina\u00e7\u00e3o Santa Dulce dos Pobres. A ideia \u00e9 que a gente tenha um caminho perene. Agora \u00e9 tocar o projeto, licitar a obra e come\u00e7ar no menor espa\u00e7o de tempo poss\u00edvel\u201d, afirmou Belivaldo.<\/p>\n\n\n\n<p>A a\u00e7\u00e3o envolve a Arquidiocese de Aracaju e as prefeituras de Aracaju e S\u00e3o Crist\u00f3v\u00e3o. A inten\u00e7\u00e3o \u00e9 que os devotos da primeira santa brasileira possam conhecer locais que t\u00eam a lembran\u00e7a da religiosa. O roteiro est\u00e1 previsto para ser iniciado na Par\u00f3quia Irm\u00e3 Dulce dos Pobres, no bairro Aruana, em Aracaju, e ter seu ponto de chegada no Convento do Carmo, em S\u00e3o Crist\u00f3v\u00e3o, onde a religiosa morou por mais de um ano. O percurso vai utilizar um caminho vicinal de mais de 16 km.<\/p>\n\n\n\n<p>O governador refor\u00e7ou que a ideia \u00e9 que o caminho possa ser feito durante todo o ano, valorizando a f\u00e9 do povo sergipano e fomentando o turismo religioso no estado. A rota passa por regi\u00f5es j\u00e1 povoadas e trafeg\u00e1veis por ve\u00edculos, possibilitando maior seguran\u00e7a e suporte aos peregrinos. O projeto \u00e9 <strong>priorit\u00e1rio aos t\u00e9cnicos do ProjetarSE<\/strong>, e a previs\u00e3o \u00e9 de iniciar as obras, que devem incluir cal\u00e7amento, constru\u00e7\u00e3o de pontos de apoio, contempla\u00e7\u00e3o e outras interven\u00e7\u00f5es estruturais, ainda no primeiro semestre de 2022.<\/p>\n\n\n\n<p>Para o<strong> prefeito Edvaldo Nogueira<\/strong>, o projeto \u00e9 muito importante para capital sergipana e todo o estado. \u201cSer\u00e1 o caminho da religiosidade, o caminho da f\u00e9. \u00c9 o turismo religioso, incorporando duas cidades, Aracaju e S\u00e3o Crist\u00f3v\u00e3o, e que vai favorecer o desenvolvimento da regi\u00e3o. Tenho certeza que ser\u00e1 um grande marco na hist\u00f3ria das nossas cidades&#8221;, destacou.<\/p>\n\n\n\n<p><strong>O prefeito de S\u00e3o Crist\u00f3v\u00e3o, Marcos Santana<\/strong>, evidenciou a grandeza da obra e elogiou o governador por sua postura quanto ao projeto. \u201c\u00c9 uma obra superimportante, que transcende a quest\u00e3o puramente religiosa, transcende a quest\u00e3o do caminho propriamente dito para, digamos assim, pessoas de fora, porque tem um componente que vai mudar para melhor a vida das pessoas que moram no trajeto. Temos povoados que, hoje, as estradas n\u00e3o s\u00e3o pavimentadas e ser\u00e3o, o que \u00e9 muito importante. E quero agradecer ao governador Belivaldo Chagas, pois ele foi pe\u00e7a fundamental na escolha desse caminho\u201d, pontuou.<\/p>\n\n\n\n<p>O projeto conta com o apoio da equipe t\u00e9cnica de arquitetura, urbanismo e engenharia do ProjetarSE, uma iniciativa do Grupo Banese e do governo do Estado, executada pelo Instituto Banese. Segundo o superintendente do Instituto Banese, Ezio D\u00e9da, o governador pediu prioridade para o projeto do caminho. \u201cA equipe fez a avalia\u00e7\u00e3o t\u00e9cnica das duas vias para o percurso religioso, que tende a ser um marco no turismo religioso do estado. A equipe do ProjetarSE j\u00e1 se adiantou e fez um estudo conceitual de como ser\u00e1 a arquitetura dos pontos de apoio para registrar essa f\u00e9. Agora partiremos para todos os dados do levantamento topogr\u00e1fico do terreno, para fazer o projeto executivo. O caminho escolhido aqui, hoje, j\u00e1 tem ocupa\u00e7\u00f5es urbanas durante o per\u00edmetro ent\u00e3o dever\u00e1 ser uma \u00e1rea mais contemplativa, mais buc\u00f3lica, o que tem mais a ver com o projeto a ser implantado\u201d, informou o superintendente.<\/p>\n\n\n\n<p>A reuni\u00e3o, realizada no<strong> Pal\u00e1cio dos Despachos, contou com a participa\u00e7\u00e3o do arcebispo metropolitano Dom Jo\u00e3o Jos\u00e9 Costa; prefeito de Aracaju, Edvaldo Nogueira; prefeito de S\u00e3o Crist\u00f3v\u00e3o, Marcos Santana<\/strong>; secret\u00e1rio de Estado do Desenvolvimento Urbano e Sustentabilidade, Ubirajara Barreto; do superintendente de Planejamento, Monitoramento e Capta\u00e7\u00e3o de Recursos, Marcel Resende; a coordenadora-geral do ProjetarSE, Shirley Dantas; superintendente do Instituto Banese, Ezio D\u00e9da e da representante em Sergipe das obras de Santa Dulce, Ana L\u00facia Aguiar; assim como da superintendente da Sedurbs, D\u00e9bora Dias e os os padres Peixoto e Jos\u00e9 Lima.<\/p>\n\n\n\n<p><strong>Santa Dulce dos Pobres<\/strong><\/p>\n\n\n\n<p>Nascida na Bahia, foi no munic\u00edpio sergipano de S\u00e3o Crist\u00f3v\u00e3o que Maria Rita de Sousa Brito Lopes Pontes virou freira e recebeu o nome de Irm\u00e3 Dulce, em homenagem a sua m\u00e3e. Outros aspectos ligam a Santa ao estado, como o fato de o primeiro milagre reconhecido pelo Vaticano ter sido no munic\u00edpio de Itabaiana. J\u00e1 em Aracaju, no bairro Aruana, fica localizada a primeira par\u00f3quia a levar o nome de Irm\u00e3 Dulce.<\/p>\n\n\n\n<p><em><strong>Quer receber as principais not\u00edcias do<\/strong>&nbsp;<strong>SE Not\u00edcias<\/strong>&nbsp;<strong>no seu<\/strong>&nbsp;<strong>WhatsApp?<\/strong>&nbsp;<strong><a href=\"https:\/\/api.whatsapp.com\/send?phone=5579991715289\">Clique aqui<\/a><\/strong>.<\/em><\/p>\n\n\n\n<p><strong><em>Acompanhe tamb\u00e9m o SE Not\u00edcias no\u00a0<a rel=\"noreferrer noopener\" href=\"https:\/\/twitter.com\/Senoticias\" target=\"_blank\">Twitter<\/a>,\u00a0<a rel=\"noreferrer noopener\" href=\"https:\/\/www.facebook.com\/senoticias1\" target=\"_blank\">Facebook<\/a>\u00a0e no\u00a0<a rel=\"noreferrer noopener\" href=\"https:\/\/www.instagram.com\/senoticias\/\" target=\"_blank\">Instagram<\/a><\/em><\/strong><\/p>\n\n\n\n<p>Fonte: Ag\u00eancia Sergipe de Not\u00edcias<\/p>\n","protected":false},"excerpt":{"rendered":"<p>No intuito de homenagear Santa Dulce dos Pobres e colaborar com o turismo religioso em Sergipe, o governador Belivaldo Chagas se reuniu, nesta ter\u00e7a-feira (30), com equipe t\u00e9cnica do governo e com representantes da Igreja e dos munic\u00edpios evolvidos no projeto para definir o roteiro de Peregrina\u00e7\u00e3o em homenagem \u00e0 Santa. A antiga estrada entre [&hellip;]<\/p>\n","protected":false},"author":6557,"featured_media":0,"comment_status":"closed","ping_status":"closed","sticky":false,"template":"","format":"standard","meta":{"footnotes":""},"categories":[15,6],"tags":[339,35451,13205,335],"class_list":{"0":"post-130698","1":"post","2":"type-post","3":"status-publish","4":"format-standard","6":"category-destaques","7":"category-politica","8":"tag-aracaju","9":"tag-peregrinacao-santa-dulce-dos-pobres","10":"tag-santa-dulce-dos-pobres","11":"tag-sao-cristovao"},"_links":{"self":[{"href":"https:\/\/senoticias.com.br\/se\/wp-json\/wp\/v2\/posts\/130698"}],"collection":[{"href":"https:\/\/senoticias.com.br\/se\/wp-json\/wp\/v2\/posts"}],"about":[{"href":"https:\/\/senoticias.com.br\/se\/wp-json\/wp\/v2\/types\/post"}],"author":[{"embeddable":true,"href":"https:\/\/senoticias.com.br\/se\/wp-json\/wp\/v2\/users\/6557"}],"replies":[{"embeddable":true,"href":"https:\/\/senoticias.com.br\/se\/wp-json\/wp\/v2\/comments?post=130698"}],"version-history":[{"count":0,"href":"https:\/\/senoticias.com.br\/se\/wp-json\/wp\/v2\/posts\/130698\/revisions"}],"wp:attachment":[{"href":"https:\/\/senoticias.com.br\/se\/wp-json\/wp\/v2\/media?parent=130698"}],"wp:term":[{"taxonomy":"category","embeddable":true,"href":"https:\/\/senoticias.com.br\/se\/wp-json\/wp\/v2\/categories?post=130698"},{"taxonomy":"post_tag","embeddable":true,"href":"https:\/\/senoticias.com.br\/se\/wp-json\/wp\/v2\/tags?post=130698"}],"curies":[{"name":"wp","href":"https:\/\/api.w.org\/{rel}","templated":true}]}}