{"id":130661,"date":"2021-11-27T20:02:49","date_gmt":"2021-11-27T23:02:49","guid":{"rendered":"https:\/\/senoticias.com.br\/se\/?p=130661"},"modified":"2021-11-28T17:29:34","modified_gmt":"2021-11-28T20:29:34","slug":"sem-iluminacao-publica-ciclistas-viram-alvo-de-assaltos-constantes-entre-entre-a-marechal-rondon-e-avenida-tancredo-neves","status":"publish","type":"post","link":"https:\/\/senoticias.com.br\/se\/sem-iluminacao-publica-ciclistas-viram-alvo-de-assaltos-constantes-entre-entre-a-marechal-rondon-e-avenida-tancredo-neves\/","title":{"rendered":"Sem ilumina\u00e7\u00e3o p\u00fablica, ciclistas viram alvo de assaltos constantes entre as avenidas Marechal Rondon e Tancredo Neves"},"content":{"rendered":"\n<p><\/p>\n\n\n\n<p><\/p>\n\n\n\n<p>Ciclistas reclamam da inseguran\u00e7a causada pela falta de ilumina\u00e7\u00e3o entre as avenidas Marechal Rondon e Tancredo Neves, um dos principais pontos de acesso a Universidade Federal de Sergipe e o munic\u00edpio de S\u00e3o Crist\u00f3v\u00e3o. A \u00e1rea est\u00e1 completamente \u00e0s escuras e o problema causa medo a quem precisa trafegar pelo local.<\/p>\n\n\n\n<p>Trabalhadores e ciclistas que utilizam a bicicleta diariamente relataram <strong>ao Portal SE Not\u00edcias<\/strong> momentos de desespero vividos na ciclovia entre as avenidas Marechal Rondon e Tancredo Neves, nas proximidades do viaduto da Avenida Desembargador Maynard, com acesso ao bairro Rosa Elze.<\/p>\n\n\n\n<p>A regi\u00e3o, que precisa urgentemente de ilumina\u00e7\u00e3o p\u00fablica, sinaliza\u00e7\u00e3o e redutores de velocidade, tem sido o local predileto de meliantes, que realizam assaltos a m\u00e3o armada com grande frequ\u00eancia.<\/p>\n\n\n\n<p>Na \u00faltima quarta-feira, 24, \u00e0s 18h30, um jovem que utilizava a bicicleta para ir \u00e0 academia foi abordado por homens com facas e teve a sua bicicleta tomada de assalto. <strong>A v\u00edtima, que prefere n\u00e3o se identificar, relatou que os meliantes estavam caminhando normalmente como pedestres e, ao se aproximarem, deram in\u00edcio \u00e0s amea\u00e7as e solicitaram imediatamente, tamb\u00e9m, o aparelho celular.<\/strong><\/p>\n\n\n\n<figure class=\"wp-block-image size-large\"><img loading=\"lazy\" decoding=\"async\" width=\"592\" height=\"461\" src=\"https:\/\/senoticias.com.br\/se\/wp-content\/uploads\/2021\/11\/Ciclismo-SE-Noticias.jpg\" alt=\"\" class=\"wp-image-130676\" srcset=\"https:\/\/senoticias.com.br\/se\/wp-content\/uploads\/2021\/11\/Ciclismo-SE-Noticias.jpg 592w, https:\/\/senoticias.com.br\/se\/wp-content\/uploads\/2021\/11\/Ciclismo-SE-Noticias-300x234.jpg 300w, https:\/\/senoticias.com.br\/se\/wp-content\/uploads\/2021\/11\/Ciclismo-SE-Noticias-45x35.jpg 45w\" sizes=\"(max-width: 592px) 100vw, 592px\" \/><figcaption>Trecho escuro deixa os ciclistas vulner\u00e1veis aos criminosos &#8211; Foto: SE Not\u00edcias<\/figcaption><\/figure>\n\n\n\n<p>Ainda segundo o relato, a dupla de assaltantes agiu rapidamente e em conjunto. \u201cEnquanto um me abordava, o outro j\u00e1 realiza outro assalto a um motociclista que seguia em dire\u00e7\u00e3o \u00e0 Tancredo Neves\u201d, conta.<\/p>\n\n\n\n<p>Logo em seguida, o registro e o Boletim de Ocorr\u00eancia (B.O.), foram registrados pela v\u00edtima na 8\u00aa Delegacia Metropolitana, no bairro Capucho, em Aracaju.<\/p>\n\n\n\n<p><strong>Outras v\u00edtimas<\/strong><\/p>\n\n\n\n<p>O desabafo de um pedreiro em seu perfil no Instagram se transformou em um alerta sobre a viol\u00eancia contra ciclistas nesse trecho da rodovia. Luiz Oliveira, de 47 anos, contou que foi agredido e teve sua bicicleta roubada enquanto pedalava pela ciclovia, na zona oeste de Aracaju, por volta das 19h, no \u00faltimo dia 22.<\/p>\n\n\n\n<p>\u2013 Pedalava de volta para casa, como fa\u00e7o todos os dias. Fui ultrapassar um pedestre que estava andando no mesmo sentido que eu e n\u00e3o me representava amea\u00e7a nenhuma. Fui agredido por ele com uma arma no meu rosto (sim, uma coronhada) que me fez cair e desmaiar imediatamente \u2013, contou o pedreiro Luiz Oliveira, que \u00e9 ciclista h\u00e1 cinco anos e usa o meio de transporte diariamente para ir e voltar do trabalho.<br><br><strong>Pol\u00edcia Militar<\/strong><\/p>\n\n\n\n<p>A reportagem do<strong> portal SE Not\u00edcias<\/strong> conversou com o comandante do 8\u00ba Batalh\u00e3o de Pol\u00edcia Militar (8\u00ba BPM), tenente-coronel Geov\u00e2nio Feitosa, para saber quais provid\u00eancias a Pol\u00edcia Militar pode tomar diante destes fatos. Em resposta, o coronel solicitou que a popula\u00e7\u00e3o fa\u00e7a o registro imediato desse tipo de ocorr\u00eancia atrav\u00e9s do n\u00famero <strong>190<\/strong>, e disse que o policiamento ostensivo e preventivo ser\u00e1 intensificado no local.<\/p>\n\n\n\n<p>\u2013 A gente sempre fica sabendo atrav\u00e9s da imprensa. O ideal \u00e9 que as pessoas liguem para o <strong>190<\/strong>, para que assim a viatura possa ir at\u00e9 o local. Estaremos sempre \u00e0 disposi\u00e7\u00e3o para servir \u00e0 comunidade da melhor forma \u2013, ressaltou o coronel.<\/p>\n\n\n\n<p>O coronel Geov\u00e2nio Feitosa enfatizou tamb\u00e9m que a falta de p\u00fablica no local \u00e9 prop\u00edcia aos assaltos.<\/p>\n\n\n\n<p><strong>Pedalar sempre em grupos<\/strong><\/p>\n\n\n\n<p>Representante da <strong>equipe P\u00e9 na Lama<\/strong>, grupo de ciclistas do Rosa Elze, <strong>Edinisio Vespasiano de Assis<\/strong> (Keijinho) conta que os integrantes fazem uso da mobilidade urbana de forma insegura, tanto na capital quanto em S\u00e3o Crist\u00f3v\u00e3o. \u201cUsamos a Marechal Rondon rotineiramente para o acesso a Aracaju, e nos deparamos com a m\u00e1 manuten\u00e7\u00e3o da ciclovia. Al\u00e9m disso, h\u00e1 a<strong> falta de ilumina\u00e7\u00e3o p\u00fablica<\/strong>, em um <strong>local escuro<\/strong>, com \u00edndices grandes de assaltos, principalmente aos ciclistas, independentemente de dia e hor\u00e1rio. <strong>Em grupo, \u00e9 mais dif\u00edcil de ser abordado<\/strong>, mas milhares de ciclistas passam por aquele local, e a inseguran\u00e7a \u00e9 enorme. Deixamos aqui a nosso apelo para que as autoridades ou\u00e7am e tentem diminuir essa dor que n\u00f3s sentimos quando perdemos um bem, que lutamos tanto para ter, e que usamos como ve\u00edculo de transporte ou de treinamento\u201d, finalizou.<\/p>\n\n\n\n<figure class=\"wp-block-embed-youtube wp-block-embed is-type-video is-provider-youtube wp-embed-aspect-16-9 wp-has-aspect-ratio\"><div class=\"wp-block-embed__wrapper\">\n<iframe loading=\"lazy\" title=\"Sem ilumina\u00e7\u00e3o p\u00fablica, ciclistas sofrem assaltos em Aracaju\" width=\"500\" height=\"281\" src=\"https:\/\/www.youtube.com\/embed\/HrgjrpS6v7Q?feature=oembed\" frameborder=\"0\" allow=\"accelerometer; autoplay; clipboard-write; encrypted-media; gyroscope; picture-in-picture; web-share\" referrerpolicy=\"strict-origin-when-cross-origin\" allowfullscreen><\/iframe>\n<\/div><\/figure>\n\n\n\n<p><strong>Resposta da Guarda Municipal de Aracaju<\/strong><\/p>\n\n\n\n<p>A Guarda Municipal da Prefeitura de Aracaju tamb\u00e9m se manifestou em rela\u00e7\u00e3o a este fato. Em resposta \u00e0 <strong>reda\u00e7\u00e3o do<\/strong> <strong>portal SE Not\u00edcias<\/strong>, o <strong>inspetor Fernando Mendon\u00e7a<\/strong> relatou que n\u00e3o tinha conhecimento sobre os recorrentes assaltos naquela regi\u00e3o, e disse que a Guarda Municipal intensificar\u00e1 o trabalho na \u00e1rea.<\/p>\n\n\n\n<p><strong>Falta de ilumina\u00e7\u00e3o p\u00fablica<\/strong><\/p>\n\n\n\n<p>Em nota, o coordenador de comunica\u00e7\u00e3o da Empresa Municipal de Obras e Urbaniza\u00e7\u00e3o (EMURB), Ademar Queiroz, ressaltou que a cidade passa por uma moderniza\u00e7\u00e3o da ilumina\u00e7\u00e3o p\u00fablica, e que ser\u00e1 feito um trabalho de extens\u00e3o de rede para regi\u00f5es com defici\u00eancia de energia.<\/p>\n\n\n\n<p>\u2013 Esse trabalho segue um cronograma e essa regi\u00e3o do bairro Capucho ser\u00e1 beneficiada, inclusive com extens\u00e3o de rede para atender aos locais onde a ilumina\u00e7\u00e3o \u00e9 deficiente \u2013, explicou.<\/p>\n\n\n\n<p><em><strong>Quer receber as principais not\u00edcias do<\/strong>&nbsp;<strong>SE Not\u00edcias<\/strong>&nbsp;<strong>no seu<\/strong>&nbsp;<strong>WhatsApp?<\/strong>&nbsp;<strong><a href=\"https:\/\/api.whatsapp.com\/send?phone=5579991715289\">Clique aqui<\/a><\/strong>.<\/em><\/p>\n\n\n\n<p><strong><em>Acompanhe tamb\u00e9m o SE Not\u00edcias no&nbsp;<a rel=\"noreferrer noopener\" href=\"https:\/\/twitter.com\/Senoticias\" target=\"_blank\">Twitter<\/a>,&nbsp;<a rel=\"noreferrer noopener\" href=\"https:\/\/www.facebook.com\/senoticias1\" target=\"_blank\">Facebook<\/a>&nbsp;e no&nbsp;<a rel=\"noreferrer noopener\" href=\"https:\/\/www.instagram.com\/senoticias\/\" target=\"_blank\">Instagram<\/a><\/em><\/strong><\/p>\n\n\n\n<p><em><strong>Por Reda\u00e7\u00e3o SE Not\u00edcias<\/strong><\/em><\/p>\n","protected":false},"excerpt":{"rendered":"<p>Ciclistas reclamam da inseguran\u00e7a causada pela falta de ilumina\u00e7\u00e3o entre as avenidas Marechal Rondon e Tancredo Neves, um dos principais pontos de acesso a Universidade Federal de Sergipe e o munic\u00edpio de S\u00e3o Crist\u00f3v\u00e3o. A \u00e1rea est\u00e1 completamente \u00e0s escuras e o problema causa medo a quem precisa trafegar pelo local. Trabalhadores e ciclistas que [&hellip;]<\/p>\n","protected":false},"author":6557,"featured_media":0,"comment_status":"closed","ping_status":"closed","sticky":false,"template":"","format":"standard","meta":{"footnotes":""},"categories":[15,6,1],"tags":[338,35438,35437,213],"class_list":{"0":"post-130661","1":"post","2":"type-post","3":"status-publish","4":"format-standard","6":"category-destaques","7":"category-politica","8":"category-sem-categoria","9":"tag-assaltos","10":"tag-ciclista-assaltado","11":"tag-falta-de-iluminacao-publica","12":"tag-prefeitura-de-aracaju"},"_links":{"self":[{"href":"https:\/\/senoticias.com.br\/se\/wp-json\/wp\/v2\/posts\/130661"}],"collection":[{"href":"https:\/\/senoticias.com.br\/se\/wp-json\/wp\/v2\/posts"}],"about":[{"href":"https:\/\/senoticias.com.br\/se\/wp-json\/wp\/v2\/types\/post"}],"author":[{"embeddable":true,"href":"https:\/\/senoticias.com.br\/se\/wp-json\/wp\/v2\/users\/6557"}],"replies":[{"embeddable":true,"href":"https:\/\/senoticias.com.br\/se\/wp-json\/wp\/v2\/comments?post=130661"}],"version-history":[{"count":0,"href":"https:\/\/senoticias.com.br\/se\/wp-json\/wp\/v2\/posts\/130661\/revisions"}],"wp:attachment":[{"href":"https:\/\/senoticias.com.br\/se\/wp-json\/wp\/v2\/media?parent=130661"}],"wp:term":[{"taxonomy":"category","embeddable":true,"href":"https:\/\/senoticias.com.br\/se\/wp-json\/wp\/v2\/categories?post=130661"},{"taxonomy":"post_tag","embeddable":true,"href":"https:\/\/senoticias.com.br\/se\/wp-json\/wp\/v2\/tags?post=130661"}],"curies":[{"name":"wp","href":"https:\/\/api.w.org\/{rel}","templated":true}]}}