{"id":130650,"date":"2021-11-26T16:32:58","date_gmt":"2021-11-26T19:32:58","guid":{"rendered":"https:\/\/senoticias.com.br\/se\/?p=130650"},"modified":"2021-11-26T16:41:36","modified_gmt":"2021-11-26T19:41:36","slug":"governador-de-sergipe-e-ministro-discutem-liberacao-de-recursos-para-educacao","status":"publish","type":"post","link":"https:\/\/senoticias.com.br\/se\/governador-de-sergipe-e-ministro-discutem-liberacao-de-recursos-para-educacao\/","title":{"rendered":"Governador de Sergipe e ministro discutem libera\u00e7\u00e3o de recursos para Educa\u00e7\u00e3o"},"content":{"rendered":"\n<p>Nesta sexta-feira(26), o governador Belivaldo Chagas recebeu, em seu gabinete, no Pal\u00e1cio dos Despachos, o ministro da Educa\u00e7\u00e3o, Milton Ribeiro, que&nbsp;cumpre agenda oficial em Sergipe. Na ocasi\u00e3o, foi tratado sobre a libera\u00e7\u00e3o de recursos, por meio de emenda parlamentar, de cerca de R$ 69 milh\u00f5es, para investir na infraestrutura da Educa\u00e7\u00e3o B\u00e1sica, com reforma, equipamentos e servi\u00e7os.<\/p>\n\n\n\n<figure class=\"wp-block-image size-large\"><img loading=\"lazy\" decoding=\"async\" width=\"548\" height=\"365\" src=\"https:\/\/senoticias.com.br\/se\/wp-content\/uploads\/2021\/11\/Belivaldo-e-ministro-SE-Noticias.jpg\" alt=\"\" class=\"wp-image-130652\" srcset=\"https:\/\/senoticias.com.br\/se\/wp-content\/uploads\/2021\/11\/Belivaldo-e-ministro-SE-Noticias.jpg 548w, https:\/\/senoticias.com.br\/se\/wp-content\/uploads\/2021\/11\/Belivaldo-e-ministro-SE-Noticias-300x200.jpg 300w, https:\/\/senoticias.com.br\/se\/wp-content\/uploads\/2021\/11\/Belivaldo-e-ministro-SE-Noticias-90x60.jpg 90w, https:\/\/senoticias.com.br\/se\/wp-content\/uploads\/2021\/11\/Belivaldo-e-ministro-SE-Noticias-180x120.jpg 180w, https:\/\/senoticias.com.br\/se\/wp-content\/uploads\/2021\/11\/Belivaldo-e-ministro-SE-Noticias-95x64.jpg 95w\" sizes=\"(max-width: 548px) 100vw, 548px\" \/><figcaption>Na ocasi\u00e3o, foi tratado sobre a emenda parlamentar, de cerca de R$ 69 milh\u00f5es, para investir na infraestrutura da Educa\u00e7\u00e3o B\u00e1sica, com reforma, equipamentos e servi\u00e7os &#8211; Foto: Supec\/ASN<\/figcaption><\/figure>\n\n\n\n<p>O encontro contou ainda com a presen\u00e7a do presidente do Fundo Nacional de Desenvolvimento da Educa\u00e7\u00e3o (FNDE), Marcelo Ponte; os deputados federais&nbsp;F\u00e1bio Mitidieri e La\u00e9rcio Oliveira; al\u00e9m do secret\u00e1rio estadual de Educa\u00e7\u00e3o, Josu\u00e9 Modesto; a diretora Regional do Senac\/SE, Priscila Felizola; o secret\u00e1rio de Estado da Administra\u00e7\u00e3o, Dernival Neto; o secret\u00e1rio do escrit\u00f3rio de representa\u00e7\u00e3o de Sergipe em Bras\u00edlia, Heleno Silva.&nbsp;<\/p>\n\n\n\n<p>\u201cA Educa\u00e7\u00e3o sempre foi uma prioridade do nosso governo, uma pol\u00edtica de estado, e estamos todo o tempo em busca de mais recursos para seguir desenvolvendo esta \u00e1rea t\u00e3o importante para o futuro de Sergipe. Temos 58 projetos prontos, para reformar, ampliar e adquirir equipamentos destinados \u00e0s nossas escolas, e para isso estamos buscando a libera\u00e7\u00e3o de cerca de R$ 69 milh\u00f5es, numa emenda impositiva obrigat\u00f3ria que foi aprovada ainda em 2019. Nossa vontade era ter iniciado estas obras ainda durante o in\u00edcio da pandemia, com as unidades escolares fechadas para gerar menos contratempos aos estudantes, mas o importante \u00e9 que os recursos sejam liberados para melhorar ainda mais o ensino p\u00fablico em Sergipe\u201d, declarou o governador Belivaldo Chagas.<\/p>\n\n\n\n<p>A emenda, no valor total de R$ 69.621.076,87, trata de apoio \u00e0 infraestrutura para Educa\u00e7\u00e3o B\u00e1sica \u2013 reforma, equipamentos e servi\u00e7os para as escolas. Deste total, R$ 56 milh\u00f5es dever\u00e3o ser destinados a reforma de 58 escolas e R$ 13.621.076,87 para a aquisi\u00e7\u00e3o de equipamentos e \u00f4nibus escolares.<\/p>\n\n\n\n<p>Na oportunidade, o ministro Milton Ribeiro sinalizou positivamente para celeridade na libera\u00e7\u00e3o dos recursos e destacou ainda a atua\u00e7\u00e3o do governo do Estado na busca da melhoria da Educa\u00e7\u00e3o. \u201cEstou muito feliz, fomos muito bem recebidos pelo governador Belivaldo Chagas, que mostra empenho quando o assunto \u00e9 educa\u00e7\u00e3o. Viemos aqui para resolver as quest\u00f5es que faltam para libera\u00e7\u00e3o destes recursos. S\u00e3o alguns detalhes, apenas. Creio que logo ser\u00e3o resolvidos e, em breve, n\u00f3s vamos ter boas not\u00edcias a todos os sergipanos\u201d, informou o ministro.<\/p>\n\n\n\n\n\n<p>J\u00e1 o secret\u00e1rio\u00a0de Estado da Educa\u00e7\u00e3o, do Esporte e da Cultura (Seduc), professor\u00a0Josu\u00e9\u00a0Modesto, ressaltou a necesssidade da libera\u00e7\u00e3o dos recursos para continuidade dos investimentos na Educa\u00e7\u00e3o. \u201cAs expectativas s\u00e3o muito positivas. As nossas escolas est\u00e3o passando por processo de requalifica\u00e7\u00e3o e adapta\u00e7\u00e3o com \u00a0novas necessidades, a exemplo do novo Ensino M\u00e9dio. Todas as escolas precisam ter conforto, precisam ter requisitos contempor\u00e2neos, por exemplo, laborat\u00f3rios de inform\u00e1tica, quadras de esporte, bibliotecas, salas de recursos, para educa\u00e7\u00e3o especial. \u00c9 isso que desde sempre o governador Belivaldo destacou como prioridade: captar recursos junto ao\u00a0Governo Federal para amplia\u00e7\u00e3o e requalifica\u00e7\u00e3o dessas pautas\u201d, revelou. \u00a0<\/p>\n\n\n\n<p><em><strong>Quer receber as principais not\u00edcias do<\/strong>&nbsp;<strong>SE Not\u00edcias<\/strong>&nbsp;<strong>no seu<\/strong>&nbsp;<strong>WhatsApp?<\/strong>&nbsp;<strong><a href=\"https:\/\/api.whatsapp.com\/send?phone=5579991715289\">Clique aqui<\/a><\/strong>.<\/em><\/p>\n\n\n\n<p><strong><em>Acompanhe tamb\u00e9m o SE Not\u00edcias no\u00a0<a rel=\"noreferrer noopener\" href=\"https:\/\/twitter.com\/Senoticias\" target=\"_blank\">Twitter<\/a>,\u00a0<a rel=\"noreferrer noopener\" href=\"https:\/\/www.facebook.com\/senoticias1\" target=\"_blank\">Facebook<\/a>\u00a0e no\u00a0<a rel=\"noreferrer noopener\" href=\"https:\/\/www.instagram.com\/senoticias\/\" target=\"_blank\">Instagram<\/a><\/em><\/strong><\/p>\n\n\n\n<p>Fonte: Ag\u00eancia Sergipe de Not\u00edcias<\/p>\n","protected":false},"excerpt":{"rendered":"<p>Nesta sexta-feira(26), o governador Belivaldo Chagas recebeu, em seu gabinete, no Pal\u00e1cio dos Despachos, o ministro da Educa\u00e7\u00e3o, Milton Ribeiro, que&nbsp;cumpre agenda oficial em Sergipe. Na ocasi\u00e3o, foi tratado sobre a libera\u00e7\u00e3o de recursos, por meio de emenda parlamentar, de cerca de R$ 69 milh\u00f5es, para investir na infraestrutura da Educa\u00e7\u00e3o B\u00e1sica, com reforma, equipamentos [&hellip;]<\/p>\n","protected":false},"author":6557,"featured_media":0,"comment_status":"closed","ping_status":"closed","sticky":false,"template":"","format":"standard","meta":{"footnotes":""},"categories":[15,6,1],"tags":[2806,13859],"class_list":{"0":"post-130650","1":"post","2":"type-post","3":"status-publish","4":"format-standard","6":"category-destaques","7":"category-politica","8":"category-sem-categoria","9":"tag-belivaldo-chagas","10":"tag-ministro-da-educacao"},"_links":{"self":[{"href":"https:\/\/senoticias.com.br\/se\/wp-json\/wp\/v2\/posts\/130650"}],"collection":[{"href":"https:\/\/senoticias.com.br\/se\/wp-json\/wp\/v2\/posts"}],"about":[{"href":"https:\/\/senoticias.com.br\/se\/wp-json\/wp\/v2\/types\/post"}],"author":[{"embeddable":true,"href":"https:\/\/senoticias.com.br\/se\/wp-json\/wp\/v2\/users\/6557"}],"replies":[{"embeddable":true,"href":"https:\/\/senoticias.com.br\/se\/wp-json\/wp\/v2\/comments?post=130650"}],"version-history":[{"count":0,"href":"https:\/\/senoticias.com.br\/se\/wp-json\/wp\/v2\/posts\/130650\/revisions"}],"wp:attachment":[{"href":"https:\/\/senoticias.com.br\/se\/wp-json\/wp\/v2\/media?parent=130650"}],"wp:term":[{"taxonomy":"category","embeddable":true,"href":"https:\/\/senoticias.com.br\/se\/wp-json\/wp\/v2\/categories?post=130650"},{"taxonomy":"post_tag","embeddable":true,"href":"https:\/\/senoticias.com.br\/se\/wp-json\/wp\/v2\/tags?post=130650"}],"curies":[{"name":"wp","href":"https:\/\/api.w.org\/{rel}","templated":true}]}}