{"id":130645,"date":"2021-11-25T16:29:36","date_gmt":"2021-11-25T19:29:36","guid":{"rendered":"https:\/\/senoticias.com.br\/se\/?p=130645"},"modified":"2021-11-25T16:32:50","modified_gmt":"2021-11-25T19:32:50","slug":"prefeitura-de-sao-cristovao-promove-festival-de-cultura-afro-neste-sabado-27","status":"publish","type":"post","link":"https:\/\/senoticias.com.br\/se\/prefeitura-de-sao-cristovao-promove-festival-de-cultura-afro-neste-sabado-27\/","title":{"rendered":"Prefeitura de S\u00e3o Crist\u00f3v\u00e3o promove Festival de Cultura Afro neste s\u00e1bado, 27"},"content":{"rendered":"\n<p>Com o intuito de enfatizar a luta contra a intoler\u00e2ncia racial e incitar o debate sobre a import\u00e2ncia do respeito \u00e0 diversidade, a prefeitura de S\u00e3o Crist\u00f3v\u00e3o, atrav\u00e9s da Coordena\u00e7\u00e3o de Igualdade Racial, da Funda\u00e7\u00e3o Municipal de Cultura e Turismo Jo\u00e3o Bebe \u00c1gua (Fumctur), promove o Festival de Cultura Afro com ampla programa\u00e7\u00e3o alusiva ao M\u00eas da Consci\u00eancia Negra. A iniciativa, que acontece no pr\u00f3ximo s\u00e1bado (27), contar\u00e1 com palestras, apresenta\u00e7\u00f5es art\u00edsticas, exibi\u00e7\u00e3o de filmes, rodas de conversa, entre outras atividades.<\/p>\n\n\n\n<figure class=\"wp-block-image size-large\"><img loading=\"lazy\" decoding=\"async\" width=\"574\" height=\"383\" src=\"https:\/\/senoticias.com.br\/se\/wp-content\/uploads\/2021\/11\/cartaz_culturaafro.jpeg\" alt=\"\" class=\"wp-image-130646\" srcset=\"https:\/\/senoticias.com.br\/se\/wp-content\/uploads\/2021\/11\/cartaz_culturaafro.jpeg 574w, https:\/\/senoticias.com.br\/se\/wp-content\/uploads\/2021\/11\/cartaz_culturaafro-300x200.jpeg 300w, https:\/\/senoticias.com.br\/se\/wp-content\/uploads\/2021\/11\/cartaz_culturaafro-90x60.jpeg 90w, https:\/\/senoticias.com.br\/se\/wp-content\/uploads\/2021\/11\/cartaz_culturaafro-180x120.jpeg 180w, https:\/\/senoticias.com.br\/se\/wp-content\/uploads\/2021\/11\/cartaz_culturaafro-95x64.jpeg 95w\" sizes=\"(max-width: 574px) 100vw, 574px\" \/><figcaption><strong>\u00a0Festival de Cultura Afro acontece neste s\u00e1bado\u00a0<\/strong>&#8211; Foto arte: ascom\/PMSC<\/figcaption><\/figure>\n\n\n\n<p>Segundo a coordenadora de projetos da Fumctur, Sandra Sena, \u201co evento conta com o empenho de diversas secretarias, no intuito de trabalhar as pol\u00edticas p\u00fablicas necess\u00e1rias para o combate \u00e0s desigualdades raciais, um trabalho que j\u00e1 vem sendo implantado ao longo da gest\u00e3o, para que o munic\u00edpio seja uma refer\u00eancia para al\u00e9m do combate ao racismo estrutural, mas tamb\u00e9m institucional\u201d, enfatiza.&nbsp;<\/p>\n\n\n\n<p>A programa\u00e7\u00e3o do Festival ter\u00e1 in\u00edcio \u00e0s 15h, com cortejo saindo da Igreja Nossa Senhora do Amparo dos Homens Pardos, seguindo para a Igreja de Nossa Senhora do Ros\u00e1rio dos Homens Pretos, (apresenta\u00e7\u00e3o da roda de xir\u00ea e lavagem das escadarias da igreja) e finalizando na Pra\u00e7a S\u00e3o Francisco.<\/p>\n\n\n\n<p>J\u00e1 na Pra\u00e7a S\u00e3o Francisco, o prefeito Marcos assinar\u00e1 a carta de inten\u00e7\u00e3o para cria\u00e7\u00e3o do Dia Municipal de Luta e Combate ao Racismo. Em seguida, acontece a apresenta\u00e7\u00e3o do levantamento dos dados sobre o mapeamento dos terreiros (Prefeitura e IPHAN), apresenta\u00e7\u00e3o de capoeira, apresenta\u00e7\u00e3o musical Afox\u00e9 di Preto e do grupo de dan\u00e7a Xir\u00eamoba. A programa\u00e7\u00e3o tamb\u00e9m contar\u00e1 com a Feira de Afro Empreendedores.<\/p>\n\n\n\n<p>Al\u00e9m destas a\u00e7\u00f5es do dia 27, tamb\u00e9m foram realizadas conta\u00e7\u00f5es de hist\u00f3rias nas escolas, e atrav\u00e9s da Secretaria Municipal de Assist\u00eancia Social e do Trabalho (Semast), a prefeitura tamb\u00e9m est\u00e1 promovendo a campanha \u201c21 dias de ativismo\u201d.<\/p>\n\n\n\n<p><em><strong>Quer receber as principais not\u00edcias do<\/strong>&nbsp;<strong>SE Not\u00edcias<\/strong>&nbsp;<strong>no seu<\/strong>&nbsp;<strong>WhatsApp?<\/strong>&nbsp;<strong><a href=\"https:\/\/api.whatsapp.com\/send?phone=5579991715289\">Clique aqui<\/a><\/strong>.<\/em><\/p>\n\n\n\n<p><strong><em>Acompanhe tamb\u00e9m o SE Not\u00edcias no\u00a0<a rel=\"noreferrer noopener\" href=\"https:\/\/twitter.com\/Senoticias\" target=\"_blank\">Twitter<\/a>,\u00a0<a rel=\"noreferrer noopener\" href=\"https:\/\/www.facebook.com\/senoticias1\" target=\"_blank\">Facebook<\/a>\u00a0e no\u00a0<a rel=\"noreferrer noopener\" href=\"https:\/\/www.instagram.com\/senoticias\/\" target=\"_blank\">Instagram<\/a><\/em><\/strong><\/p>\n\n\n\n<p>Fonte: ascom\/PMSC<\/p>\n","protected":false},"excerpt":{"rendered":"<p>Com o intuito de enfatizar a luta contra a intoler\u00e2ncia racial e incitar o debate sobre a import\u00e2ncia do respeito \u00e0 diversidade, a prefeitura de S\u00e3o Crist\u00f3v\u00e3o, atrav\u00e9s da Coordena\u00e7\u00e3o de Igualdade Racial, da Funda\u00e7\u00e3o Municipal de Cultura e Turismo Jo\u00e3o Bebe \u00c1gua (Fumctur), promove o Festival de Cultura Afro com ampla programa\u00e7\u00e3o alusiva ao [&hellip;]<\/p>\n","protected":false},"author":6557,"featured_media":0,"comment_status":"closed","ping_status":"closed","sticky":false,"template":"","format":"standard","meta":{"footnotes":""},"categories":[15,21,1],"tags":[35418,35419,81],"class_list":{"0":"post-130645","1":"post","2":"type-post","3":"status-publish","4":"format-standard","6":"category-destaques","7":"category-entretenimento","8":"category-sem-categoria","9":"tag-festival-de-cultura-afro","10":"tag-mes-da-consciencia-negra","11":"tag-prefeitura-de-sao-cristovao"},"_links":{"self":[{"href":"https:\/\/senoticias.com.br\/se\/wp-json\/wp\/v2\/posts\/130645"}],"collection":[{"href":"https:\/\/senoticias.com.br\/se\/wp-json\/wp\/v2\/posts"}],"about":[{"href":"https:\/\/senoticias.com.br\/se\/wp-json\/wp\/v2\/types\/post"}],"author":[{"embeddable":true,"href":"https:\/\/senoticias.com.br\/se\/wp-json\/wp\/v2\/users\/6557"}],"replies":[{"embeddable":true,"href":"https:\/\/senoticias.com.br\/se\/wp-json\/wp\/v2\/comments?post=130645"}],"version-history":[{"count":0,"href":"https:\/\/senoticias.com.br\/se\/wp-json\/wp\/v2\/posts\/130645\/revisions"}],"wp:attachment":[{"href":"https:\/\/senoticias.com.br\/se\/wp-json\/wp\/v2\/media?parent=130645"}],"wp:term":[{"taxonomy":"category","embeddable":true,"href":"https:\/\/senoticias.com.br\/se\/wp-json\/wp\/v2\/categories?post=130645"},{"taxonomy":"post_tag","embeddable":true,"href":"https:\/\/senoticias.com.br\/se\/wp-json\/wp\/v2\/tags?post=130645"}],"curies":[{"name":"wp","href":"https:\/\/api.w.org\/{rel}","templated":true}]}}