{"id":130633,"date":"2021-11-24T18:19:29","date_gmt":"2021-11-24T21:19:29","guid":{"rendered":"https:\/\/senoticias.com.br\/se\/?p=130633"},"modified":"2021-11-24T18:25:31","modified_gmt":"2021-11-24T21:25:31","slug":"congresso-estadual-do-psb-acontece-no-dia-4-de-dezembro","status":"publish","type":"post","link":"https:\/\/senoticias.com.br\/se\/congresso-estadual-do-psb-acontece-no-dia-4-de-dezembro\/","title":{"rendered":"Congresso Estadual do PSB acontece no dia 4 de dezembro"},"content":{"rendered":"\n<p>No dia 4 de dezembro, o Partido Socialista Brasileiro (PSB) realizar\u00e1 um Congresso Estadual para eleger os membros do Diret\u00f3rio e a sua Comiss\u00e3o Executiva Estadual para o tri\u00eanio 2022-2024. O evento tamb\u00e9m colocar\u00e1 em pauta os rumos do PSB para as elei\u00e7\u00f5es de 2022.<\/p>\n\n\n\n<figure class=\"wp-block-image size-large\"><img loading=\"lazy\" decoding=\"async\" width=\"599\" height=\"599\" src=\"https:\/\/senoticias.com.br\/se\/wp-content\/uploads\/2021\/04\/Valadares-Filho-SE-Noticias-e1617701076316.jpeg\" alt=\"\" class=\"wp-image-127415\"\/><figcaption>Presidente do PSB em Sergipe, Valadares Filho &#8211; Foto: ascom<\/figcaption><\/figure>\n\n\n\n<p>Segundo o presidente do PSB em Sergipe, Valadares Filho, o encontro reunir\u00e1 todos os segmentos do partido, dirigentes e milit\u00e2ncia, para um debate profundo sobre a defesa da hist\u00f3ria do partido no estado e os caminhos que a sigla ir\u00e1 percorrer para manter o seu legado.<\/p>\n\n\n\n<p>&#8220;O PSB possui uma relevante trajet\u00f3ria de servi\u00e7os prestados ao povo sergipano. \u00c9 um partido que tem sido protagonista nas discuss\u00f5es sobre o futuro de Sergipe e jamais iremos abrir m\u00e3o desse protagonismo, conquistado atrav\u00e9s de toda confian\u00e7a depositada pela sociedade. Vamos defender com veem\u00eancia esse legado&#8221;, afirma Valadares Filho.<\/p>\n\n\n\n<p>De acordo com ele, o ato ser\u00e1 oportunidade para estimular candidaturas. &#8220;Queremos incentivar nossos membros a participarem da disputa eleitoral em 2022, concorrendo para deputado estadual e federal. O posicionamento do nosso partido em rela\u00e7\u00e3o \u00e0 condu\u00e7\u00e3o da chapa majorit\u00e1ria estamos participando ativamente na constru\u00e7\u00e3o de um projeto de oposi\u00e7\u00e3o visando o melhor para o futuro de Sergipe&#8221;, enfatiza.<\/p>\n\n\n\n<p>O Congresso Estadual do PSB acontecer\u00e1 a partir das 9h, na sede do PSB, que est\u00e1 localizada na Rua Jos\u00e9 de Faro, n\u00ba 13, bairro Jardins.<\/p>\n\n\n\n<p><em><strong>Quer receber as principais not\u00edcias do<\/strong>&nbsp;<strong>SE Not\u00edcias<\/strong>&nbsp;<strong>no seu<\/strong>&nbsp;<strong>WhatsApp?<\/strong>&nbsp;<strong><a href=\"https:\/\/api.whatsapp.com\/send?phone=5579991715289\">Clique aqui<\/a><\/strong>.<\/em><\/p>\n\n\n\n<p><strong><em>Acompanhe tamb\u00e9m o SE Not\u00edcias no\u00a0<a rel=\"noreferrer noopener\" href=\"https:\/\/twitter.com\/Senoticias\" target=\"_blank\">Twitter<\/a>,\u00a0<a rel=\"noreferrer noopener\" href=\"https:\/\/www.facebook.com\/senoticias1\" target=\"_blank\">Facebook<\/a>\u00a0e no\u00a0<a rel=\"noreferrer noopener\" href=\"https:\/\/www.instagram.com\/senoticias\/\" target=\"_blank\">Instagram<\/a><\/em><\/strong><\/p>\n\n\n\n<p>Fonte: ascom\/PSB<\/p>\n","protected":false},"excerpt":{"rendered":"<p>No dia 4 de dezembro, o Partido Socialista Brasileiro (PSB) realizar\u00e1 um Congresso Estadual para eleger os membros do Diret\u00f3rio e a sua Comiss\u00e3o Executiva Estadual para o tri\u00eanio 2022-2024. O evento tamb\u00e9m colocar\u00e1 em pauta os rumos do PSB para as elei\u00e7\u00f5es de 2022. Segundo o presidente do PSB em Sergipe, Valadares Filho, o [&hellip;]<\/p>\n","protected":false},"author":6557,"featured_media":0,"comment_status":"closed","ping_status":"closed","sticky":false,"template":"","format":"standard","meta":{"footnotes":""},"categories":[15,6],"tags":[35409,35410,4767,697],"class_list":{"0":"post-130633","1":"post","2":"type-post","3":"status-publish","4":"format-standard","6":"category-destaques","7":"category-politica","8":"tag-congresso-estadual-do-psb","9":"tag-partido-socialista-brasileiro","10":"tag-psb","11":"tag-valadares-filho"},"_links":{"self":[{"href":"https:\/\/senoticias.com.br\/se\/wp-json\/wp\/v2\/posts\/130633"}],"collection":[{"href":"https:\/\/senoticias.com.br\/se\/wp-json\/wp\/v2\/posts"}],"about":[{"href":"https:\/\/senoticias.com.br\/se\/wp-json\/wp\/v2\/types\/post"}],"author":[{"embeddable":true,"href":"https:\/\/senoticias.com.br\/se\/wp-json\/wp\/v2\/users\/6557"}],"replies":[{"embeddable":true,"href":"https:\/\/senoticias.com.br\/se\/wp-json\/wp\/v2\/comments?post=130633"}],"version-history":[{"count":0,"href":"https:\/\/senoticias.com.br\/se\/wp-json\/wp\/v2\/posts\/130633\/revisions"}],"wp:attachment":[{"href":"https:\/\/senoticias.com.br\/se\/wp-json\/wp\/v2\/media?parent=130633"}],"wp:term":[{"taxonomy":"category","embeddable":true,"href":"https:\/\/senoticias.com.br\/se\/wp-json\/wp\/v2\/categories?post=130633"},{"taxonomy":"post_tag","embeddable":true,"href":"https:\/\/senoticias.com.br\/se\/wp-json\/wp\/v2\/tags?post=130633"}],"curies":[{"name":"wp","href":"https:\/\/api.w.org\/{rel}","templated":true}]}}