{"id":130602,"date":"2021-11-22T20:44:09","date_gmt":"2021-11-22T23:44:09","guid":{"rendered":"https:\/\/senoticias.com.br\/se\/?p=130602"},"modified":"2021-11-22T20:48:03","modified_gmt":"2021-11-22T23:48:03","slug":"senado-aprova-novo-feriado-nacional-em-homenagem-a-irma-dulce","status":"publish","type":"post","link":"https:\/\/senoticias.com.br\/se\/senado-aprova-novo-feriado-nacional-em-homenagem-a-irma-dulce\/","title":{"rendered":"Senado aprova novo feriado nacional em homenagem a Irm\u00e3 Dulce."},"content":{"rendered":"\n<p><\/p>\n\n\n\n<p>A Comiss\u00e3o de Educa\u00e7\u00e3o do Senado aprovou um projeto de lei que cria o feriado de Santa Dulce dos Pobres, em homenagem a Irm\u00e3 Dulce. Segundo a proposta, o dia a ser celebrado anualmente ser\u00e1 13 de mar\u00e7o.<\/p>\n\n\n\n<figure class=\"wp-block-image size-large\"><img loading=\"lazy\" decoding=\"async\" width=\"1024\" height=\"666\" src=\"https:\/\/senoticias.com.br\/se\/wp-content\/uploads\/2019\/05\/01-1024x666.jpg\" alt=\"\" class=\"wp-image-118454\"\/><figcaption> Irm\u00e3 Dulce foi canonizada em 2019 pelo Papa Francisco &#8211; Foto: Reprodu\u00e7\u00e3o\/Site da Osid<\/figcaption><\/figure>\n\n\n\n<p>O projeto \u00e9 do senador Angelo Coronel (PSD-BA). A proposta agora precisa ser analisada na C\u00e2mara dos Deputados e, se aprovada, de san\u00e7\u00e3o presidencial para entrar em vigor.<\/p>\n\n\n\n<p>Irm\u00e3 Dulce foi canonizada em outubro de 2019, 27 anos ap\u00f3s a sua morte, e \u00e9 a primeira santa genuinamente brasileira. Conhecida como &#8220;Anjo Bom da Bahia&#8221;, Santa Dulce dos Pobres tem o dia comemorado em 13 de agosto.<\/p>\n\n\n\n<p>O dia 13 de mar\u00e7o foi escolhido por ser o dia da morte da religiosa. O relator do projeto, senador Fl\u00e1vio Arns (Podemos-PR), ressaltou que esse dia j\u00e1 \u00e9 tradicionalmente voltado \u00e0 lembran\u00e7a de Irm\u00e3 Dulce na Bahia.<\/p>\n\n\n\n<p><strong>Quem foi Irm\u00e3 Dulce?<\/strong><\/p>\n\n\n\n<p>Nascida em Salvador, em 26 de maio de 1914, foi batizada como Maria Rita de Sousa Brito Lopes Pontes. Desde jovem, j\u00e1 demonstrava inclina\u00e7\u00e3o \u00e0 vida religiosa e ao aux\u00edlio dos pobres. Em 1933, foi aceita como novi\u00e7a na Congrega\u00e7\u00e3o das Irm\u00e3s Mission\u00e1rias da Imaculada Concei\u00e7\u00e3o da M\u00e3e de Deus, em S\u00e3o Crist\u00f3v\u00e3o, no estado de Sergipe.<\/p>\n\n\n\n<p>Em 13 de agosto de 1933, fez a sua profiss\u00e3o de f\u00e9 e, enfim, tornou-se freira &#8211; da\u00ed nasce sua data lit\u00fargica. Escolheu o nome de Irm\u00e3 Dulce, em homenagem \u00e0 m\u00e3e, Dulce Maria de Souza Brito, morta quando a freira tinha apenas sete anos.<\/p>\n\n\n\n<p>No ano seguinte, ela voltou \u00e0 capital da Bahia, onde teve a miss\u00e3o de ser professora. Mas a ajuda aos pobres foi a t\u00f4nica da vida da religiosa.<\/p>\n\n\n\n<p>Um epis\u00f3dio, em especial, se destaca na vida de Irm\u00e3 Dulce: em 1949, sem ter onde abrigar cerca de 70 pessoas doentes que recolhia das ruas, a futura santa transformou o galinheiro do convento de Santo Ant\u00f4nio em um abrigo. O lugar, em 1960, se transformou no Hospital Santo Ant\u00f4nio, um dos maiores do Nordeste brasileiro.<\/p>\n\n\n\n<p>O Anjo Bom da Bahia viveu at\u00e9 os 77 anos, morrendo em 13 de mar\u00e7o de 1992, em Salvador.<\/p>\n\n\n\n<p><em><strong>Quer receber as principais not\u00edcias do<\/strong>&nbsp;<strong>SE Not\u00edcias<\/strong>&nbsp;<strong>no seu<\/strong>&nbsp;<strong>WhatsApp?<\/strong>&nbsp;<strong><a href=\"https:\/\/api.whatsapp.com\/send?phone=5579991715289\">Clique aqui<\/a><\/strong>.<\/em><\/p>\n\n\n\n<p><strong><em>Acompanhe tamb\u00e9m o SE Not\u00edcias no\u00a0<a rel=\"noreferrer noopener\" href=\"https:\/\/twitter.com\/Senoticias\" target=\"_blank\">Twitter<\/a>,\u00a0<a rel=\"noreferrer noopener\" href=\"https:\/\/www.facebook.com\/senoticias1\" target=\"_blank\">Facebook<\/a>\u00a0e no\u00a0<a rel=\"noreferrer noopener\" href=\"https:\/\/www.instagram.com\/senoticias\/\" target=\"_blank\">Instagram<\/a><\/em><\/strong><\/p>\n\n\n\n<p>Fonte: <strong><a href=\"https:\/\/noticias.uol.com.br\/politica\/ultimas-noticias\/2021\/11\/22\/novo-feriado-senado-irma-dulce.htm\">UOL<\/a><\/strong> S\u00e3o Paulo<\/p>\n","protected":false},"excerpt":{"rendered":"<p>A Comiss\u00e3o de Educa\u00e7\u00e3o do Senado aprovou um projeto de lei que cria o feriado de Santa Dulce dos Pobres, em homenagem a Irm\u00e3 Dulce. Segundo a proposta, o dia a ser celebrado anualmente ser\u00e1 13 de mar\u00e7o. O projeto \u00e9 do senador Angelo Coronel (PSD-BA). A proposta agora precisa ser analisada na C\u00e2mara dos [&hellip;]<\/p>\n","protected":false},"author":6557,"featured_media":0,"comment_status":"closed","ping_status":"closed","sticky":false,"template":"","format":"standard","meta":{"footnotes":""},"categories":[15,46,1],"tags":[35399,117,886,13205],"class_list":{"0":"post-130602","1":"post","2":"type-post","3":"status-publish","4":"format-standard","6":"category-destaques","7":"category-religiao","8":"category-sem-categoria","9":"tag-feriado-nacional-em-homenagem-a-irma-dulce","10":"tag-irma-dulce","11":"tag-papa-francisco","12":"tag-santa-dulce-dos-pobres"},"_links":{"self":[{"href":"https:\/\/senoticias.com.br\/se\/wp-json\/wp\/v2\/posts\/130602"}],"collection":[{"href":"https:\/\/senoticias.com.br\/se\/wp-json\/wp\/v2\/posts"}],"about":[{"href":"https:\/\/senoticias.com.br\/se\/wp-json\/wp\/v2\/types\/post"}],"author":[{"embeddable":true,"href":"https:\/\/senoticias.com.br\/se\/wp-json\/wp\/v2\/users\/6557"}],"replies":[{"embeddable":true,"href":"https:\/\/senoticias.com.br\/se\/wp-json\/wp\/v2\/comments?post=130602"}],"version-history":[{"count":0,"href":"https:\/\/senoticias.com.br\/se\/wp-json\/wp\/v2\/posts\/130602\/revisions"}],"wp:attachment":[{"href":"https:\/\/senoticias.com.br\/se\/wp-json\/wp\/v2\/media?parent=130602"}],"wp:term":[{"taxonomy":"category","embeddable":true,"href":"https:\/\/senoticias.com.br\/se\/wp-json\/wp\/v2\/categories?post=130602"},{"taxonomy":"post_tag","embeddable":true,"href":"https:\/\/senoticias.com.br\/se\/wp-json\/wp\/v2\/tags?post=130602"}],"curies":[{"name":"wp","href":"https:\/\/api.w.org\/{rel}","templated":true}]}}