{"id":130580,"date":"2021-11-20T14:02:09","date_gmt":"2021-11-20T17:02:09","guid":{"rendered":"https:\/\/senoticias.com.br\/se\/?p=130580"},"modified":"2021-11-20T14:05:30","modified_gmt":"2021-11-20T17:05:30","slug":"campanha-de-mega-vacinacao-mobiliza-sergipanos-a-completar-esquema-vacinal-contra-a-covid-19-neste-sabado-20","status":"publish","type":"post","link":"https:\/\/senoticias.com.br\/se\/campanha-de-mega-vacinacao-mobiliza-sergipanos-a-completar-esquema-vacinal-contra-a-covid-19-neste-sabado-20\/","title":{"rendered":"Campanha de \u201cMega Vacina\u00e7\u00e3o\u201d mobiliza sergipanos a completar esquema vacinal contra a Covid-19 neste s\u00e1bado, 20"},"content":{"rendered":"\n<p>O Governo do Estado, atrav\u00e9s da Secretaria de Estado da Sa\u00fade (SES), mobiliza todos os sergipanos neste s\u00e1bado, 20, a completar o esquema vacinal contra a Covid-19, na campanha de \u201cMega Vacina\u00e7\u00e3o\u201d. As a\u00e7\u00f5es de imuniza\u00e7\u00e3o est\u00e3o ocorrendo a todo vapor nos 75 munic\u00edpios do Estado, com encerramento no dia 26 de novembro. A campanha de mobiliza\u00e7\u00e3o nacional al\u00e9m refor\u00e7ar a import\u00e2ncia da popula\u00e7\u00e3o completar o ciclo vacinal, ou seja, tomar as duas doses do imunizante contra a Covid-19, tamb\u00e9m inicia a aplica\u00e7\u00e3o da dose de refor\u00e7o para todas as pessoas de 18 anos e mais, cinco meses ap\u00f3s a a segunda dose .<\/p>\n\n\n\n<figure class=\"wp-block-image size-large\"><img loading=\"lazy\" decoding=\"async\" width=\"564\" height=\"752\" src=\"https:\/\/senoticias.com.br\/se\/wp-content\/uploads\/2021\/11\/Campanha-de-vacinacao-SE-Noticias.jpeg\" alt=\"\" class=\"wp-image-130581\" srcset=\"https:\/\/senoticias.com.br\/se\/wp-content\/uploads\/2021\/11\/Campanha-de-vacinacao-SE-Noticias.jpeg 564w, https:\/\/senoticias.com.br\/se\/wp-content\/uploads\/2021\/11\/Campanha-de-vacinacao-SE-Noticias-225x300.jpeg 225w\" sizes=\"(max-width: 564px) 100vw, 564px\" \/><figcaption>Campanha de Vacina\u00e7\u00e3o mobiliza sergipanos a completar esquema vacinal contra a Covid-19 &#8211; Foto: SES<\/figcaption><\/figure>\n\n\n\n<p>Jos\u00e9 Petr\u00facio dos Santos, 29 anos, assim que ficou sabendo que poderia completar o esquema vacinal contra a Covid-19, procurou um ponto de vacina\u00e7\u00e3o em Aracaju. \u201cEstou tomando a segunda dose. A import\u00e2ncia de completar o esquema \u00e9 ter minha fam\u00edlia salva e n\u00e3o levar doen\u00e7a nenhuma para casa\u201d, refor\u00e7ou.<\/p>\n\n\n\n<p>Weliton Oliveira, 66 anos, tamb\u00e9m compareceu a um ponto de vacina\u00e7\u00e3o neste s\u00e1bado, em Aracaju. Ele foi garantir a sua dose de refor\u00e7o contra a Covid e aproveitou tamb\u00e9m para deixar um recado \u00e0s pessoas que n\u00e3o querem se vacinar. \u201cPrimeiro vem minha sa\u00fade, para quem n\u00e3o quer se imunizar, acho que \u00e9 uma atitude errada, porque quando tem uma campanha dessa, \u00e9 para o bem do povo\u201d, salientou o idoso.<\/p>\n\n\n\n<p>Realmente a imuniza\u00e7\u00e3o \u00e9 a \u00fanica alternativa para barrar a Covid-19. Com a vacina\u00e7\u00e3o que vem ocorrendo durante a pandemia, empenho dos profissionais e interesse da popula\u00e7\u00e3o, Sergipe neste momento est\u00e1 com tend\u00eancia de queda no que refere aos n\u00fameros de \u00f3bitos, interna\u00e7\u00f5es e n\u00famero de casos novos de pessoas com a doen\u00e7a.<\/p>\n\n\n\n<p>No \u00faltimo boletim epidemiol\u00f3gico divulgado pela SES, consta que foram aplicadas como primeira dose 1.697.040. J\u00e1 como segunda dose foram 1.301.094 e 40.125 como dose \u00fanica. Al\u00e9m disso, foram aplicadas como dose de refor\u00e7o 126.571. A cobertura vacinal de primeira dose chegou a 74,92% e 57,84% est\u00e3o com a imuniza\u00e7\u00e3o completa. O objetivo \u00e9 aumentar a quantidade de pessoas vacinadas.<\/p>\n\n\n\n<p>\u201cO Nosso intuito \u00e9 melhorar ainda mais esse cen\u00e1rio e conseguir avan\u00e7ar cada vez mais na imuniza\u00e7\u00e3o completa da nossa popula\u00e7\u00e3o. Apenas com isso \u00e9 poss\u00edvel criar uma barreira de prote\u00e7\u00e3o necess\u00e1ria contra o coronav\u00edrus. Essa campanha vem justamente para resgatar aquela pessoa que n\u00e3o tomou a vacina, por isso pedimos que os munic\u00edpios criem estrat\u00e9gias para atrair o p\u00fablico e as pessoas procurem completar esse esquema\u201d, destaca a Secret\u00e1ria de Estado da Sa\u00fade, M\u00e9rcia Feitosa.<\/p>\n\n\n\n<p>Cada munic\u00edpio deve criar suas estrat\u00e9gias de vacina\u00e7\u00e3o, como por exemplo, a abertura de mais pontos de vacina\u00e7\u00e3o. Nossa Senhora do Socorro, segundo informou a gerente de imuniza\u00e7\u00e3o do munic\u00edpio, Rani Kelle Correia, al\u00e9m das sete unidades funcionando, a exemplo das unidades Maria Helena Barbosa e Eduardo Vital, durante a semana o munic\u00edpio tem 19 pontos de vacina\u00e7\u00e3o.<\/p>\n\n\n\n<p>\u201cA mega vacina\u00e7\u00e3o \u00e9 uma a\u00e7\u00e3o muito importante para intensificar a vacina\u00e7\u00e3o contra a Covid-19 em nosso Estado. Sabemos da import\u00e2ncia da imuniza\u00e7\u00e3o completa. Aquelas pessoas que ainda n\u00e3o tomaram a segunda dose \u00e9 muito importante completar o esquema e aquelas pessoas que n\u00e3o tomaram o refor\u00e7o sabemos que \u00e9 muito importante se imunizar para proteger a popula\u00e7\u00e3o. A vacina est\u00e1 ajudando a diminuir os \u00edndices de interna\u00e7\u00e3o, por isso, n\u00e3o podemos nos acomodar. Precisamos conscientizar a popula\u00e7\u00e3o da import\u00e2ncia de completar esse esquema. A recomenda\u00e7\u00e3o \u00e9 que essa pessoa procure um ponto de vacina\u00e7\u00e3o para ser imunizado nessa grande campanha\u201d, disse a gerente.<\/p>\n\n\n\n<p>A SES orienta \u00e0 popula\u00e7\u00e3o que precisa completar a imuniza\u00e7\u00e3o a procurar um ponto de vacina\u00e7\u00e3o para completar o esquema. As informa\u00e7\u00f5es sobre locais de vacina\u00e7\u00e3o est\u00e3o sendo divulgadas constantemente pelos munic\u00edpios em suas redes sociais.<\/p>\n\n\n\n<p><em><strong>Quer receber as principais not\u00edcias do<\/strong>&nbsp;<strong>SE Not\u00edcias<\/strong>&nbsp;<strong>no seu<\/strong>&nbsp;<strong>WhatsApp?<\/strong>&nbsp;<strong><a href=\"https:\/\/api.whatsapp.com\/send?phone=5579991715289\">Clique aqui<\/a><\/strong>.<\/em><\/p>\n\n\n\n<p><strong><em>Acompanhe tamb\u00e9m o SE Not\u00edcias no\u00a0<a rel=\"noreferrer noopener\" href=\"https:\/\/twitter.com\/Senoticias\" target=\"_blank\">Twitter<\/a>,\u00a0<a rel=\"noreferrer noopener\" href=\"https:\/\/www.facebook.com\/senoticias1\" target=\"_blank\">Facebook<\/a>\u00a0e no\u00a0<a rel=\"noreferrer noopener\" href=\"https:\/\/www.instagram.com\/senoticias\/\" target=\"_blank\">Instagram<\/a><\/em><\/strong><\/p>\n\n\n\n<p>Fonte: SES<\/p>\n","protected":false},"excerpt":{"rendered":"<p>O Governo do Estado, atrav\u00e9s da Secretaria de Estado da Sa\u00fade (SES), mobiliza todos os sergipanos neste s\u00e1bado, 20, a completar o esquema vacinal contra a Covid-19, na campanha de \u201cMega Vacina\u00e7\u00e3o\u201d. As a\u00e7\u00f5es de imuniza\u00e7\u00e3o est\u00e3o ocorrendo a todo vapor nos 75 munic\u00edpios do Estado, com encerramento no dia 26 de novembro. A campanha [&hellip;]<\/p>\n","protected":false},"author":6557,"featured_media":0,"comment_status":"closed","ping_status":"closed","sticky":false,"template":"","format":"standard","meta":{"footnotes":""},"categories":[15,6,1],"tags":[14279,14369,558,34847],"class_list":{"0":"post-130580","1":"post","2":"type-post","3":"status-publish","4":"format-standard","6":"category-destaques","7":"category-politica","8":"category-sem-categoria","9":"tag-covid19","10":"tag-pandemia","11":"tag-ses","12":"tag-terceira-dose-covid-19"},"_links":{"self":[{"href":"https:\/\/senoticias.com.br\/se\/wp-json\/wp\/v2\/posts\/130580"}],"collection":[{"href":"https:\/\/senoticias.com.br\/se\/wp-json\/wp\/v2\/posts"}],"about":[{"href":"https:\/\/senoticias.com.br\/se\/wp-json\/wp\/v2\/types\/post"}],"author":[{"embeddable":true,"href":"https:\/\/senoticias.com.br\/se\/wp-json\/wp\/v2\/users\/6557"}],"replies":[{"embeddable":true,"href":"https:\/\/senoticias.com.br\/se\/wp-json\/wp\/v2\/comments?post=130580"}],"version-history":[{"count":0,"href":"https:\/\/senoticias.com.br\/se\/wp-json\/wp\/v2\/posts\/130580\/revisions"}],"wp:attachment":[{"href":"https:\/\/senoticias.com.br\/se\/wp-json\/wp\/v2\/media?parent=130580"}],"wp:term":[{"taxonomy":"category","embeddable":true,"href":"https:\/\/senoticias.com.br\/se\/wp-json\/wp\/v2\/categories?post=130580"},{"taxonomy":"post_tag","embeddable":true,"href":"https:\/\/senoticias.com.br\/se\/wp-json\/wp\/v2\/tags?post=130580"}],"curies":[{"name":"wp","href":"https:\/\/api.w.org\/{rel}","templated":true}]}}