{"id":130566,"date":"2021-11-19T14:00:05","date_gmt":"2021-11-19T17:00:05","guid":{"rendered":"https:\/\/senoticias.com.br\/se\/?p=130566"},"modified":"2021-11-19T14:15:50","modified_gmt":"2021-11-19T17:15:50","slug":"ex-deputada-ana-lucia-recebe-titulo-de-cidada-de-sao-cristovao","status":"publish","type":"post","link":"https:\/\/senoticias.com.br\/se\/ex-deputada-ana-lucia-recebe-titulo-de-cidada-de-sao-cristovao\/","title":{"rendered":"Ex-deputada Ana L\u00facia recebe t\u00edtulo de cidad\u00e3 de S\u00e3o Crist\u00f3v\u00e3o"},"content":{"rendered":"\n<p><\/p>\n\n\n\n<p>A ex-deputada estadual Ana L\u00facia Menezes foi homenageada, ontem \u00e0 noite, pela C\u00e2mara Municipal de S\u00e3o Crist\u00f3v\u00e3o. Em sess\u00e3o solene realizada nesta quinta-feira, 18, a C\u00e2mara Municipal a entregou oficialmente o T\u00edtulo de Cidadania Honor\u00e1ria sancristovense, decorrente da aprova\u00e7\u00e3o por unanimidade do Projeto de Resolu\u00e7\u00e3o n\u00ba 07\/2021, de autoria do vereador Thiago Corr\u00eaa, em virtude dos relevantes servi\u00e7os prestados por ela ao munic\u00edpio, a exemplo da Lei n\u00ba 8.096\/2016, que incluiu a Prociss\u00e3o do Senhor dos Passos no Calend\u00e1rio Oficial Cultural de Sergipe.<\/p>\n\n\n\n<figure class=\"wp-block-image size-large\"><img loading=\"lazy\" decoding=\"async\" width=\"558\" height=\"749\" src=\"https:\/\/senoticias.com.br\/se\/wp-content\/uploads\/2021\/11\/Ana-Lucia-SE-Noticias.jpg\" alt=\"\" class=\"wp-image-130567\" srcset=\"https:\/\/senoticias.com.br\/se\/wp-content\/uploads\/2021\/11\/Ana-Lucia-SE-Noticias.jpg 558w, https:\/\/senoticias.com.br\/se\/wp-content\/uploads\/2021\/11\/Ana-Lucia-SE-Noticias-223x300.jpg 223w\" sizes=\"(max-width: 558px) 100vw, 558px\" \/><figcaption>A propositura do t\u00edtulo foi de autoria do vereador Thiago Corr\u00eaa &#8211; Foto: SE Not\u00edcias<\/figcaption><\/figure>\n\n\n\n<p>A cerim\u00f4nia foi realizada no Museu Hist\u00f3rico de Sergipe, e contou com a presen\u00e7a do prefeito Marcos Santana, senador Rog\u00e9rio Carvalho, deputado federal Jo\u00e3o Daniel, al\u00e9m da vereadora por Aracaju, Ang\u00eala Melo (PT), familiares e convidados.<\/p>\n\n\n\n<figure class=\"wp-block-image size-large is-resized\"><img loading=\"lazy\" decoding=\"async\" src=\"https:\/\/senoticias.com.br\/se\/wp-content\/uploads\/2021\/11\/Vereador-Thiago-Correa-SE-Noticias.jpg\" alt=\"\" class=\"wp-image-130569\" width=\"566\" height=\"424\" srcset=\"https:\/\/senoticias.com.br\/se\/wp-content\/uploads\/2021\/11\/Vereador-Thiago-Correa-SE-Noticias.jpg 554w, https:\/\/senoticias.com.br\/se\/wp-content\/uploads\/2021\/11\/Vereador-Thiago-Correa-SE-Noticias-300x225.jpg 300w, https:\/\/senoticias.com.br\/se\/wp-content\/uploads\/2021\/11\/Vereador-Thiago-Correa-SE-Noticias-45x35.jpg 45w\" sizes=\"(max-width: 566px) 100vw, 566px\" \/><figcaption>A C\u00e2mara Municipal de S\u00e3o Crist\u00f3v\u00e3o aprovou por unanimidade a outorga do t\u00edtulo de cidad\u00e3o honor\u00e1rio do munic\u00edpio a ex-deputada Ana L\u00facia &#8211; Foto: SE Not\u00edcias<\/figcaption><\/figure>\n\n\n\n<p>Para o autor da propositura que culminou com a homenagem, vereador Thiago Corr\u00eaa, Ana L\u00facia o inspira pela sua coer\u00eancia e compromisso com a Educa\u00e7\u00e3o e com a luta dos trabalhadores. \u201cA senhora \u00e9 um exemplo do que defendeu Paulo Freire. Nunca houve dist\u00e2ncia entre o seu discurso e a sua pr\u00e1tica. Parab\u00e9ns \u00e0s professoras e aos professores de S\u00e3o Crist\u00f3v\u00e3o, que agora t\u00eam tamb\u00e9m como conterr\u00e2nea a sua mais not\u00e1vel representante\u201d, ressaltou.<\/p>\n\n\n\n<figure class=\"wp-block-image size-large\"><img loading=\"lazy\" decoding=\"async\" width=\"585\" height=\"450\" src=\"https:\/\/senoticias.com.br\/se\/wp-content\/uploads\/2021\/11\/Thiago-Correa-SE-Noticias.jpg\" alt=\"\" class=\"wp-image-130571\" srcset=\"https:\/\/senoticias.com.br\/se\/wp-content\/uploads\/2021\/11\/Thiago-Correa-SE-Noticias.jpg 585w, https:\/\/senoticias.com.br\/se\/wp-content\/uploads\/2021\/11\/Thiago-Correa-SE-Noticias-300x231.jpg 300w, https:\/\/senoticias.com.br\/se\/wp-content\/uploads\/2021\/11\/Thiago-Correa-SE-Noticias-45x35.jpg 45w\" sizes=\"(max-width: 585px) 100vw, 585px\" \/><figcaption>O prefeito Marcos Santana e o senador Rog\u00e9rio Carvalho Prestigiaram o ato de entrega do t\u00edtulo &#8211; Foto: SE Not\u00edcias<\/figcaption><\/figure>\n\n\n\n<p>\u2013 Receber um t\u00edtulo t\u00e3o importante da nossa cidade m\u00e3e. Quero fazer um agradecimento ao nosso prefeito Marcos Santana, que me encorajou a estar aqui, tendo em vista o meu tratamento do c\u00e2ncer de pulm\u00e3o. Na minha inf\u00e2ncia e adolesc\u00eancia, meus pais gostavam muito de viajar para o interior, para que eu e o meu irm\u00e3o pud\u00e9ssemos conhecer as cidades, e aqui em S\u00e3o Crist\u00f3v\u00e3o, \u00edamos sempre a bica dia de s\u00e1bado. S\u00e3o marcas em minha hist\u00f3ria. A nossa querida cidade m\u00e3e tem uma marca muito forte na minha forma\u00e7\u00e3o pol\u00edtica. Agrade\u00e7o a popula\u00e7\u00e3o de S\u00e3o Crist\u00f3v\u00e3o, que me apoiou desde o meu primeiro mandato. Conseguimos uma boa vota\u00e7\u00e3o, claro, boa parte dos professores, que sempre nos reconduziram por 16 anos. Agrade\u00e7o de cora\u00e7\u00e3o. Sou filha de Aracaju, que \u00e9 filha dessa bela cidade, a \u00fanica no Brasil influenciada pela cultura espanhola, com toda essa caracter\u00edstica colonial \u2013 afirmou a homenageada.<\/p>\n\n\n\n<figure class=\"wp-block-image size-large\"><img loading=\"lazy\" decoding=\"async\" width=\"585\" height=\"438\" src=\"https:\/\/senoticias.com.br\/se\/wp-content\/uploads\/2021\/11\/Deputado-Joao-Daniel-SE-Noticias.jpg\" alt=\"\" class=\"wp-image-130572\" srcset=\"https:\/\/senoticias.com.br\/se\/wp-content\/uploads\/2021\/11\/Deputado-Joao-Daniel-SE-Noticias.jpg 585w, https:\/\/senoticias.com.br\/se\/wp-content\/uploads\/2021\/11\/Deputado-Joao-Daniel-SE-Noticias-300x225.jpg 300w, https:\/\/senoticias.com.br\/se\/wp-content\/uploads\/2021\/11\/Deputado-Joao-Daniel-SE-Noticias-45x35.jpg 45w\" sizes=\"(max-width: 585px) 100vw, 585px\" \/><figcaption>Deputado federal Jo\u00e3o Daniel tamb\u00e9m prestigiou a entrega do t\u00edtulo &#8211; Foto: SE Not\u00edcias<\/figcaption><\/figure>\n\n\n\n<p>O prefeito de S\u00e3o Crist\u00f3v\u00e3o, Marcos Santana , destacou a hist\u00f3ria de luta e empenho da ex-deputada em favor da educa\u00e7\u00e3o. &#8220;Cada gesto e opini\u00e3o que emito, faz parte, conta e constr\u00f3i a minha hist\u00f3ria pol\u00edtica. Tento, todos os dias, num processo pol\u00edtico, mas sobre tudo educativo, fazer com que aqueles que est\u00e3o do meu lado e me escutam e divergem, que eles possam tamb\u00e9m ser contaminados e influenciados por isso, e d\u00ea import\u00e2ncia a cada ato que n\u00f3s pol\u00edticos fazemos no dia a dia. Falo isso porque aqui tem 17 homens que atenderam a propositura do vereador Thiago Correia, aprovada de maneira un\u00e2nime, a concess\u00e3o do t\u00edtulo\u201d, ressaltou.<\/p>\n\n\n\n<p>\u2013 Ana L\u00facia \u00e9 uma mulher professora, m\u00e3e, lutadora, pol\u00edtica, uma pessoa que sempre ouvi, e que tentei inserir na minha vida fragmentos. O gesto que os senhores vereadores fizeram hoje, faz hist\u00f3ria nesse momento. Acreditem nisso! O ingresso de Ana L\u00facia como filha de S\u00e3o Crist\u00f3v\u00e3o engrandece S\u00e3o Crist\u00f3v\u00e3o. \u00c9 o caso da homenageada ser maior do que quem homenageia. Quero, do fundo do cora\u00e7\u00e3o, agradecer a Ana, que nesse esfor\u00e7o f\u00edsico que faz, vem aqui nesta noite\u201d \u2013 concluiu.<\/p>\n\n\n\n<p>O senador Rog\u00e9rio Carvalho destacou a import\u00e2ncia da homenagem. &#8220;Ana representa a firmeza e rocha em defesa, n\u00e3o apenas de ideais, mas de luta pela supera\u00e7\u00e3o de limites que a sociedade imp\u00f5e de compreens\u00e3o sobre religi\u00e3o, g\u00eanero, o conviver harm\u00f4nico e pacificamente entre aqueles que tem diferen\u00e7as, portanto, \u00e9 uma refer\u00eancia de luta na sociedade pela forma como encara a luta pol\u00edtica. Ana \u00e9 nosso estandarte da pol\u00edtica, do partido dos trabalhadores, das mulheres, da educa\u00e7\u00e3o e agora da cidade de S\u00e3o Crist\u00f3v\u00e3o, como nossa cidad\u00e3&#8221;.<\/p>\n\n\n\n<p>A entrega do t\u00edtulo foi conduzida pelo presidente da C\u00e2mara de vereadores, Diego Prado, que destacou a hist\u00f3ria de luta da ex-parlamentar. \u201cAna L\u00facia \u00e9 uma refer\u00eancia de luta e de dedica\u00e7\u00e3o \u00e0s causas sociais, dos trabalhadores, das mulheres e dos Direitos Humanos. Seus mandatos foram marcados pela \u00e9tica, honestidade, compet\u00eancia e compromisso com a luta social, pela educa\u00e7\u00e3o p\u00fablica e pela classe trabalhadora, de onde \u00e9 oriunda\u201d.<\/p>\n\n\n\n<p><strong>Carreira de Ana L\u00facia<\/strong><\/p>\n\n\n\n<p>Como professora, fez de sua vida uma grande li\u00e7\u00e3o. Uma li\u00e7\u00e3o de luta que passou pros estudantes da rede estadual de ensino de Sergipe por mais de 35 anos, at\u00e9 se aposentar.<\/p>\n\n\n\n<p>Ana L\u00facia Vieira Menezes, mais conhecida como Ana L\u00facia, nasceu em 17 de maio de 1949, em Aracaju.<\/p>\n\n\n\n<p>Professora da rede estadual por mais de 35 anos, fundadora e lideran\u00e7a do SINTESE, foi eleita em 2002 e reeleita em 2006 a deputada estadual mais votada da hist\u00f3ria do PT de Sergipe.<\/p>\n\n\n\n<p>Formada em Pedagogia pela Universidade Federal de Sergipe, iniciou na pol\u00edtica como deputada estadual de Sergipe, eleita em 2002 com 20.274, sendo a deputada estadual mais votada da hist\u00f3ria do PT de Sergipe, e repetiu o feito em 2006, com 30.021 votos. Em 2010 foi reeleita para seu terceiro mandato como deputada estadual, cargo que ocupou at\u00e9 2019.<\/p>\n\n\n\n<p>O nome de Ana L\u00facia e sua trajet\u00f3ria pol\u00edtica s\u00e3o s\u00edmbolo da luta do povo de Sergipe. Na resist\u00eancia democr\u00e1tica, na constru\u00e7\u00e3o do PT, na consolida\u00e7\u00e3o do SINTESE, na forma\u00e7\u00e3o do Governo de Marcelo D\u00e9da.<\/p>\n\n\n\n<p>Ana Lucia foi eleita deputada estadual por 4 vezes pelo Partido dos Trabalhadores, obtendo portanto 4 mandatos consecutivos, tendo encerrado o \u00faltimo em janeiro de 2019, e optou por n\u00e3o mais disputar elei\u00e7\u00f5es, por problemas de sa\u00fade.<\/p>\n\n\n\n<p>Entre 2007 e 2009, atendendo ao chamado de seu partido e do Governador Marcelo D\u00e9da, ocupou a Secretaria de Estado da Inclus\u00e3o, Assist\u00eancia e Desenvolvimento Social.<\/p>\n\n\n\n<p><strong>Presen\u00e7as<\/strong><\/p>\n\n\n\n<p>A entrega foi presidida pelo Presidente da C\u00e2mara, Diego Prado, e contou com a presen\u00e7a dos vereadores Marcos L\u00e1zaro, Luciano da Col\u00f4nia, Marcos Neves, Edson Pereira, Edvaldinho Cabeleireiro, Vanderlan Nego, Rafael do Sucat\u00e3o, Valdecir Filho, Augustinho e It\u00e1lo Mac\u00e1rio.<\/p>\n\n\n\n<p>O pronunciamento da homenageada emocionou a todos, remetendo \u00e0 hist\u00f3ria de lutas em diferentes etapas de sua vida, onde sempre estava presente a m\u00e3o de uma professora.<br><\/p>\n\n\n\n<p><em>Quer receber as principais not\u00edcias do&nbsp;<strong>SE Not\u00edcias<\/strong>&nbsp;no seu&nbsp;<strong>WhatsApp?<\/strong>&nbsp;<strong><a href=\"https:\/\/api.whatsapp.com\/send?phone=5579991715289\">Clique aqui<\/a><\/strong>.<\/em><\/p>\n\n\n\n<p><strong><em>Acompanhe tamb\u00e9m o SE Not\u00edcias no\u00a0<a rel=\"noreferrer noopener\" href=\"https:\/\/twitter.com\/Senoticias\" target=\"_blank\">Twitter<\/a>,\u00a0<a rel=\"noreferrer noopener\" href=\"https:\/\/www.facebook.com\/senoticias1\" target=\"_blank\">Facebook<\/a>\u00a0e no\u00a0<a rel=\"noreferrer noopener\" href=\"https:\/\/www.instagram.com\/senoticias\/\" target=\"_blank\">Instagram<\/a><\/em><\/strong><\/p>\n\n\n\n<p><strong><em>Reda\u00e7\u00e3o SE Not\u00edcias<\/em><\/strong><\/p>\n","protected":false},"excerpt":{"rendered":"<p>A ex-deputada estadual Ana L\u00facia Menezes foi homenageada, ontem \u00e0 noite, pela C\u00e2mara Municipal de S\u00e3o Crist\u00f3v\u00e3o. Em sess\u00e3o solene realizada nesta quinta-feira, 18, a C\u00e2mara Municipal a entregou oficialmente o T\u00edtulo de Cidadania Honor\u00e1ria sancristovense, decorrente da aprova\u00e7\u00e3o por unanimidade do Projeto de Resolu\u00e7\u00e3o n\u00ba 07\/2021, de autoria do vereador Thiago Corr\u00eaa, em virtude [&hellip;]<\/p>\n","protected":false},"author":6557,"featured_media":0,"comment_status":"closed","ping_status":"closed","sticky":false,"template":"","format":"standard","meta":{"footnotes":""},"categories":[15,38],"tags":[103,35383,16427],"class_list":{"0":"post-130566","1":"post","2":"type-post","3":"status-publish","4":"format-standard","6":"category-destaques","7":"category-municipios","8":"tag-ana-lucia","9":"tag-titulo-de-cidadania","10":"tag-vereador-thiago-correa"},"_links":{"self":[{"href":"https:\/\/senoticias.com.br\/se\/wp-json\/wp\/v2\/posts\/130566"}],"collection":[{"href":"https:\/\/senoticias.com.br\/se\/wp-json\/wp\/v2\/posts"}],"about":[{"href":"https:\/\/senoticias.com.br\/se\/wp-json\/wp\/v2\/types\/post"}],"author":[{"embeddable":true,"href":"https:\/\/senoticias.com.br\/se\/wp-json\/wp\/v2\/users\/6557"}],"replies":[{"embeddable":true,"href":"https:\/\/senoticias.com.br\/se\/wp-json\/wp\/v2\/comments?post=130566"}],"version-history":[{"count":0,"href":"https:\/\/senoticias.com.br\/se\/wp-json\/wp\/v2\/posts\/130566\/revisions"}],"wp:attachment":[{"href":"https:\/\/senoticias.com.br\/se\/wp-json\/wp\/v2\/media?parent=130566"}],"wp:term":[{"taxonomy":"category","embeddable":true,"href":"https:\/\/senoticias.com.br\/se\/wp-json\/wp\/v2\/categories?post=130566"},{"taxonomy":"post_tag","embeddable":true,"href":"https:\/\/senoticias.com.br\/se\/wp-json\/wp\/v2\/tags?post=130566"}],"curies":[{"name":"wp","href":"https:\/\/api.w.org\/{rel}","templated":true}]}}