{"id":130530,"date":"2021-11-16T20:17:34","date_gmt":"2021-11-16T23:17:34","guid":{"rendered":"https:\/\/senoticias.com.br\/se\/?p=130530"},"modified":"2021-11-16T20:37:43","modified_gmt":"2021-11-16T23:37:43","slug":"advogado-danniel-costa-e-eleito-presidente-da-seccional-da-oab-em-sergipe","status":"publish","type":"post","link":"https:\/\/senoticias.com.br\/se\/advogado-danniel-costa-e-eleito-presidente-da-seccional-da-oab-em-sergipe\/","title":{"rendered":"Advogado Danniel Costa \u00e9 eleito presidente da seccional da OAB em Sergipe"},"content":{"rendered":"\n<p><\/p>\n\n\n\n<p>A chapa 2, encabe\u00e7ada por Danniel Costa, venceu as elei\u00e7\u00f5es da Ordem dos Advogados do Brasil\/Seccional Sergipe (OAB-SE) ocorrida durante todo o dia desta ter\u00e7a-feira, 16, na sede da entidade, em Aracaju, e em regionais nos munic\u00edpios de Lagarto, Est\u00e2ncia, Nossa Senhora da Gl\u00f3ria, Itabaiana e Propri\u00e1.<\/p>\n\n\n\n<figure class=\"wp-block-image size-large\"><img loading=\"lazy\" decoding=\"async\" width=\"576\" height=\"381\" src=\"https:\/\/senoticias.com.br\/se\/wp-content\/uploads\/2021\/11\/Danniel-Costa-SE-Noticias.jpeg\" alt=\"\" class=\"wp-image-130532\" srcset=\"https:\/\/senoticias.com.br\/se\/wp-content\/uploads\/2021\/11\/Danniel-Costa-SE-Noticias.jpeg 576w, https:\/\/senoticias.com.br\/se\/wp-content\/uploads\/2021\/11\/Danniel-Costa-SE-Noticias-300x198.jpeg 300w, https:\/\/senoticias.com.br\/se\/wp-content\/uploads\/2021\/11\/Danniel-Costa-SE-Noticias-90x60.jpeg 90w, https:\/\/senoticias.com.br\/se\/wp-content\/uploads\/2021\/11\/Danniel-Costa-SE-Noticias-180x120.jpeg 180w, https:\/\/senoticias.com.br\/se\/wp-content\/uploads\/2021\/11\/Danniel-Costa-SE-Noticias-95x64.jpeg 95w\" sizes=\"(max-width: 576px) 100vw, 576px\" \/><figcaption>Advogado Danniel Costa da Chapa 2 vence a elei\u00e7\u00e3o da OAB-SE &#8211; Foto: ascom\/divulga\u00e7\u00e3o<\/figcaption><\/figure>\n\n\n\n<p>A chapa dois venceu com 3.338 votos. J\u00e1 a chapa 1, da situa\u00e7\u00e3o, encabe\u00e7ada por In\u00e1cio Krauss, obteve 2.644 votos. Cerca de 7.700 advogados estavam aptos a escolher os dirigentes da OAB-SE e da Caixa de Assist\u00eancia dos Advogados e dos Conselhos Seccional e Federal da Ordem para o tri\u00eanio <strong>2022\/2024<\/strong>. Houve <strong>77 votos em branco e 110 nulos<\/strong>.<\/p>\n\n\n\n<p>As elei\u00e7\u00f5es ocorreram das 8h \u00e0s 18h, provocando um grande engarrafamento no tr\u00e2nsito de Aracaju, principalmente na Av. Beira Mar.<\/p>\n\n\n\n<p><em><strong>Quer receber as principais not\u00edcias do<\/strong>&nbsp;<strong>SE Not\u00edcias<\/strong>&nbsp;<strong>no seu<\/strong>&nbsp;<strong>WhatsApp?<\/strong>&nbsp;<strong><a href=\"https:\/\/api.whatsapp.com\/send?phone=5579991715289\">Clique aqui<\/a><\/strong>.<\/em><\/p>\n\n\n\n<p><strong><em>Acompanhe tamb\u00e9m o SE Not\u00edcias no\u00a0<a rel=\"noreferrer noopener\" href=\"https:\/\/twitter.com\/Senoticias\" target=\"_blank\">Twitter<\/a>,\u00a0<a rel=\"noreferrer noopener\" href=\"https:\/\/www.facebook.com\/senoticias1\" target=\"_blank\">Facebook<\/a>\u00a0e no\u00a0<a rel=\"noreferrer noopener\" href=\"https:\/\/www.instagram.com\/senoticias\/\" target=\"_blank\">Instagram<\/a><\/em><\/strong><\/p>\n\n\n\n<p>Com informa\u00e7\u00f5es de Rita Oliveira<\/p>\n","protected":false},"excerpt":{"rendered":"<p>A chapa 2, encabe\u00e7ada por Danniel Costa, venceu as elei\u00e7\u00f5es da Ordem dos Advogados do Brasil\/Seccional Sergipe (OAB-SE) ocorrida durante todo o dia desta ter\u00e7a-feira, 16, na sede da entidade, em Aracaju, e em regionais nos munic\u00edpios de Lagarto, Est\u00e2ncia, Nossa Senhora da Gl\u00f3ria, Itabaiana e Propri\u00e1. A chapa dois venceu com 3.338 votos. J\u00e1 [&hellip;]<\/p>\n","protected":false},"author":6557,"featured_media":0,"comment_status":"closed","ping_status":"closed","sticky":false,"template":"","format":"standard","meta":{"footnotes":""},"categories":[15,6],"tags":[35145,35359],"class_list":{"0":"post-130530","1":"post","2":"type-post","3":"status-publish","4":"format-standard","6":"category-destaques","7":"category-politica","8":"tag-chapa-2","9":"tag-chapa-2-vence-eleicao-da-oab-se"},"_links":{"self":[{"href":"https:\/\/senoticias.com.br\/se\/wp-json\/wp\/v2\/posts\/130530"}],"collection":[{"href":"https:\/\/senoticias.com.br\/se\/wp-json\/wp\/v2\/posts"}],"about":[{"href":"https:\/\/senoticias.com.br\/se\/wp-json\/wp\/v2\/types\/post"}],"author":[{"embeddable":true,"href":"https:\/\/senoticias.com.br\/se\/wp-json\/wp\/v2\/users\/6557"}],"replies":[{"embeddable":true,"href":"https:\/\/senoticias.com.br\/se\/wp-json\/wp\/v2\/comments?post=130530"}],"version-history":[{"count":0,"href":"https:\/\/senoticias.com.br\/se\/wp-json\/wp\/v2\/posts\/130530\/revisions"}],"wp:attachment":[{"href":"https:\/\/senoticias.com.br\/se\/wp-json\/wp\/v2\/media?parent=130530"}],"wp:term":[{"taxonomy":"category","embeddable":true,"href":"https:\/\/senoticias.com.br\/se\/wp-json\/wp\/v2\/categories?post=130530"},{"taxonomy":"post_tag","embeddable":true,"href":"https:\/\/senoticias.com.br\/se\/wp-json\/wp\/v2\/tags?post=130530"}],"curies":[{"name":"wp","href":"https:\/\/api.w.org\/{rel}","templated":true}]}}