{"id":130511,"date":"2021-11-14T18:09:49","date_gmt":"2021-11-14T21:09:49","guid":{"rendered":"https:\/\/senoticias.com.br\/se\/?p=130511"},"modified":"2021-11-14T18:09:55","modified_gmt":"2021-11-14T21:09:55","slug":"mais-um-ciclista-morre-em-acidente-de-transito-em-aracaju","status":"publish","type":"post","link":"https:\/\/senoticias.com.br\/se\/mais-um-ciclista-morre-em-acidente-de-transito-em-aracaju\/","title":{"rendered":"Mais um ciclista morre em acidente de tr\u00e2nsito em Aracaju"},"content":{"rendered":"\n<p>Um acidente entre um carro e uma bicicleta na Avenida Coelho e Campos, em Aracaju, deixou um ciclista morto na noite deste s\u00e1bado (13). O corpo foi levado ao Instituto M\u00e9dico Legal. A v\u00edtima foi identificada como <strong>Janilton Lopes da Silva, de 35 anos<\/strong>, foi socorrida mas n\u00e3o resistiu aos ferimentos.<\/p>\n\n\n\n<figure class=\"wp-block-image size-large\"><img loading=\"lazy\" decoding=\"async\" width=\"582\" height=\"337\" src=\"https:\/\/senoticias.com.br\/se\/wp-content\/uploads\/2021\/11\/Ciclista-atropelado-SE-Noticias.jpg\" alt=\"\" class=\"wp-image-130512\" srcset=\"https:\/\/senoticias.com.br\/se\/wp-content\/uploads\/2021\/11\/Ciclista-atropelado-SE-Noticias.jpg 582w, https:\/\/senoticias.com.br\/se\/wp-content\/uploads\/2021\/11\/Ciclista-atropelado-SE-Noticias-300x174.jpg 300w\" sizes=\"(max-width: 582px) 100vw, 582px\" \/><figcaption>Acidente ocorreu na Avenida Coelho e Campos \u2014 Foto: CPTran<\/figcaption><\/figure>\n\n\n\n<p>O condutor do autom\u00f3vel realizou teste do etil\u00f4metro, que n\u00e3o constatou a presen\u00e7a de \u00e1lcool, de acordo com a Companhia de Policiamento de Tr\u00e2nsito (CPTran). Ele foi conduzido \u00e0 delegacia para prestar depoimento e liberado.<\/p>\n\n\n\n<p>Nossa <strong>reportagem procurou a CPTran <\/strong>para saber se o ciclista estava pedalando na ciclovia ou na pista de rolamento, mas at\u00e9 a publica\u00e7\u00e3o da mat\u00e9ria n\u00e3o tivemos retorno.<\/p>\n\n\n\n<p>Segundo a CPTran, esta \u00e9 a <strong>22\u00aa morte<\/strong> registrada no tr\u00e2nsito na Grande Aracaju este ano.<\/p>\n\n\n\n<p><em><strong>Quer receber as principais not\u00edcias do<\/strong>&nbsp;<strong>SE Not\u00edcias<\/strong>&nbsp;<strong>no seu<\/strong>&nbsp;<strong>WhatsApp?<\/strong>&nbsp;<strong><a href=\"https:\/\/api.whatsapp.com\/send?phone=5579991715289\">Clique aqui<\/a><\/strong>.<\/em><\/p>\n\n\n\n<p><strong><em>Acompanhe tamb\u00e9m o SE Not\u00edcias no\u00a0<a rel=\"noreferrer noopener\" href=\"https:\/\/twitter.com\/Senoticias\" target=\"_blank\">Twitter<\/a>,\u00a0<a rel=\"noreferrer noopener\" href=\"https:\/\/www.facebook.com\/senoticias1\" target=\"_blank\">Facebook<\/a>\u00a0e no\u00a0<a rel=\"noreferrer noopener\" href=\"https:\/\/www.instagram.com\/senoticias\/\" target=\"_blank\">Instagram<\/a><\/em><\/strong><\/p>\n\n\n\n<p><\/p>\n","protected":false},"excerpt":{"rendered":"<p>Um acidente entre um carro e uma bicicleta na Avenida Coelho e Campos, em Aracaju, deixou um ciclista morto na noite deste s\u00e1bado (13). O corpo foi levado ao Instituto M\u00e9dico Legal. A v\u00edtima foi identificada como Janilton Lopes da Silva, de 35 anos, foi socorrida mas n\u00e3o resistiu aos ferimentos. O condutor do autom\u00f3vel [&hellip;]<\/p>\n","protected":false},"author":6557,"featured_media":0,"comment_status":"closed","ping_status":"closed","sticky":false,"template":"","format":"standard","meta":{"footnotes":""},"categories":[15,7],"tags":[35065,35343,11226],"class_list":{"0":"post-130511","1":"post","2":"type-post","3":"status-publish","4":"format-standard","6":"category-destaques","7":"category-policia","8":"tag-ciclista-atropelado","9":"tag-mais-um-ciclista-atropelado","10":"tag-violencia-no-transito"},"_links":{"self":[{"href":"https:\/\/senoticias.com.br\/se\/wp-json\/wp\/v2\/posts\/130511"}],"collection":[{"href":"https:\/\/senoticias.com.br\/se\/wp-json\/wp\/v2\/posts"}],"about":[{"href":"https:\/\/senoticias.com.br\/se\/wp-json\/wp\/v2\/types\/post"}],"author":[{"embeddable":true,"href":"https:\/\/senoticias.com.br\/se\/wp-json\/wp\/v2\/users\/6557"}],"replies":[{"embeddable":true,"href":"https:\/\/senoticias.com.br\/se\/wp-json\/wp\/v2\/comments?post=130511"}],"version-history":[{"count":0,"href":"https:\/\/senoticias.com.br\/se\/wp-json\/wp\/v2\/posts\/130511\/revisions"}],"wp:attachment":[{"href":"https:\/\/senoticias.com.br\/se\/wp-json\/wp\/v2\/media?parent=130511"}],"wp:term":[{"taxonomy":"category","embeddable":true,"href":"https:\/\/senoticias.com.br\/se\/wp-json\/wp\/v2\/categories?post=130511"},{"taxonomy":"post_tag","embeddable":true,"href":"https:\/\/senoticias.com.br\/se\/wp-json\/wp\/v2\/tags?post=130511"}],"curies":[{"name":"wp","href":"https:\/\/api.w.org\/{rel}","templated":true}]}}