{"id":130479,"date":"2021-11-11T09:41:29","date_gmt":"2021-11-11T12:41:29","guid":{"rendered":"https:\/\/senoticias.com.br\/se\/?p=130479"},"modified":"2021-11-11T09:41:36","modified_gmt":"2021-11-11T12:41:36","slug":"policia-civil-desarticula-grupo-que-fraudava-certidoes-de-nascimento-para-obtencao-de-rgs-falsos-em-sergipe","status":"publish","type":"post","link":"https:\/\/senoticias.com.br\/se\/policia-civil-desarticula-grupo-que-fraudava-certidoes-de-nascimento-para-obtencao-de-rgs-falsos-em-sergipe\/","title":{"rendered":"Pol\u00edcia Civil desarticula grupo que fraudava certid\u00f5es de nascimento para obten\u00e7\u00e3o de RGs falsos em Sergipe"},"content":{"rendered":"\n<p>Em opera\u00e7\u00e3o deflagrada pela Delegacia de Capela, com o apoio do 9\u00ba Batalh\u00e3o da Pol\u00edcia Militar (9\u00ba BPM), do N\u00facleo de Investiga\u00e7\u00e3o do Instituto de Identifica\u00e7\u00e3o e da Divis\u00e3o de Intelig\u00eancia (Dipol), foi deflagrada uma opera\u00e7\u00e3o que desarticulou um grupo criminoso envolvido com a falsifica\u00e7\u00e3o de certid\u00f5es de nascimento para a emiss\u00e3o de carteiras de identidade falsas. A a\u00e7\u00e3o policial, que foi deflagrada na manh\u00e3 desta quinta-feira (11), foi concentrada na cidade de Capela. A opera\u00e7\u00e3o resultou nas pris\u00f5es de Paulo dos Santos Gomes e de Rom\u00e1rio Alves Ramos.<\/p>\n\n\n\n<figure class=\"wp-block-image size-large\"><img loading=\"lazy\" decoding=\"async\" width=\"599\" height=\"323\" src=\"https:\/\/senoticias.com.br\/se\/wp-content\/uploads\/2021\/11\/WhatsApp-Image-2021-11-11-at-08.52.09-e1636634412139.jpeg\" alt=\"\" class=\"wp-image-130480\"\/><figcaption>\n\nSegundo a Pol\u00edcia Civil, a fraude foi identificada e maioria dos documentos n\u00e3o foram entregues &#8211; Foto: SSP\/SE\n\n<\/figcaption><\/figure>\n\n\n\n<p>De acordo com o delegado Wanderson Bastos, as investiga\u00e7\u00f5es identificaram uma organiza\u00e7\u00e3o criminosa que estava patrocinando a emiss\u00e3o de RGs falsos. Em torno de 200 carteiras de identidade foram solicitadas a partir da atua\u00e7\u00e3o do grupo criminoso, sendo que a maioria n\u00e3o chegou a ser entregue aos solicitantes. \u201cO N\u00facleo de Intelig\u00eancia do Instituto de Identifica\u00e7\u00e3o constatou um derrame de identidade falsas em algumas cidades do interior de Sergipe, mas de forma concentrada em Capela\u201d, evidenciou.<\/p>\n\n\n\n<p>Conforme o delegado, a forma de atua\u00e7\u00e3o do grupo criminoso consistia na utiliza\u00e7\u00e3o de certid\u00f5es de nascimento falsas de pessoas com idades entre 60 a 70 anos. \u201cPessoas que tinha nascido, por exemplo, em Itabaiana, na d\u00e9cada de 50 e vinha de 2000 para c\u00e1 com uma certid\u00e3o de nascimento emitida em Santo Amaro das Brotas, como sendo da comarca de Barra dos Coqueiros, sendo que n\u00e3o pertencem \u00e0 mesma comarca, ficando evidente a falsifica\u00e7\u00e3o para a produ\u00e7\u00e3o de uma nova documenta\u00e7\u00e3o falsa\u201d, exemplificou.<\/p>\n\n\n\n<p>Todas as evid\u00eancias trazidas \u00e0 tona tamb\u00e9m decorreram da atua\u00e7\u00e3o da Dipol, de levantamentos de campo efetuados pela Coordenadoria de Pol\u00edcia Civil do Interior e tamb\u00e9m da divis\u00e3o de intelig\u00eancia do 9\u00ba BPM. O delegado explicou que as fraudes indicam que o grupo criminoso estaria tentando obter vantagens tanto na emiss\u00e3o de benef\u00edcios financeiros, quanto de vi\u00e9s pol\u00edtico na regi\u00e3o.<\/p>\n\n\n\n<p>\u201cTudo que levantamos nos leva a crer que essa avalanche de falsifica\u00e7\u00e3o tinha como objetivo fraudes previdenci\u00e1rias e, muito provavelmente, amplia\u00e7\u00e3o da base eleitoral de um determinado grupo pol\u00edtico local. Mas tudo isso vir\u00e1 \u00e0 tona de forma mais concreta a partir da an\u00e1lise que ser\u00e1 feita pela intelig\u00eancia em face dos equipamentos eletr\u00f4nicos que foram apreendidos\u201d, revelou Wanderson Bastos.<\/p>\n\n\n\n<p>A opera\u00e7\u00e3o foi batizada de Polifemo inspirada em uma personagem da mitologia grega. \u201cUm ciclope, enganado por Ulisses, que disse que seu nome era ningu\u00e9m, foi v\u00edtima de um crime que ficou impune, pois, quando perguntado o que estava acontecendo, ele disse que estava sendo assassinado por \u2018ningu\u00e9m\u2019. Ent\u00e3o a aus\u00eancia de identidade possibilitou a pr\u00e1tica de um crime que ficou sem resposta. Nesse caso, o uso de identidade falsa estava possibilitando a pr\u00e1tica de diversos crimes\u201d, narrou o delegado.<\/p>\n\n\n\n<p>Os envolvidos no grupo criminoso ser\u00e3o indiciados pelos crimes de organiza\u00e7\u00e3o criminosa, falsifica\u00e7\u00e3o de documento p\u00fablico, corrup\u00e7\u00e3o ativa e corrup\u00e7\u00e3o passiva. As pessoas que se utilizem desses documentos poder\u00e3o ser indiciadas pelo crime de uso de documenta\u00e7\u00e3o falsa. As investiga\u00e7\u00f5es prosseguem no sentido de identificar outras pessoas que possam estar envolvidas com o esquema de falsifica\u00e7\u00e3o de documenta\u00e7\u00e3o para obten\u00e7\u00e3o de carteiras de identidade falsas.<\/p>\n\n\n\n<p><em><strong>Quer receber as principais not\u00edcias do<\/strong>&nbsp;<strong>SE Not\u00edcias<\/strong>&nbsp;<strong>no seu<\/strong>&nbsp;<strong>WhatsApp?<\/strong>&nbsp;<strong><a href=\"https:\/\/api.whatsapp.com\/send?phone=5579991715289\">Clique aqui<\/a><\/strong>.<\/em><\/p>\n\n\n\n<p><strong><em>Acompanhe tamb\u00e9m o SE Not\u00edcias no&nbsp;<a rel=\"noreferrer noopener\" href=\"https:\/\/twitter.com\/Senoticias\" target=\"_blank\">Twitter<\/a>,&nbsp;<a rel=\"noreferrer noopener\" href=\"https:\/\/www.facebook.com\/senoticias1\" target=\"_blank\">Facebook<\/a>&nbsp;e no&nbsp;<a rel=\"noreferrer noopener\" href=\"https:\/\/www.instagram.com\/senoticias\/\" target=\"_blank\">Instagram<\/a><\/em><\/strong><\/p>\n\n\n\n<p>Fonte: SSP\/SE<\/p>\n","protected":false},"excerpt":{"rendered":"<p>Em opera\u00e7\u00e3o deflagrada pela Delegacia de Capela, com o apoio do 9\u00ba Batalh\u00e3o da Pol\u00edcia Militar (9\u00ba BPM), do N\u00facleo de Investiga\u00e7\u00e3o do Instituto de Identifica\u00e7\u00e3o e da Divis\u00e3o de Intelig\u00eancia (Dipol), foi deflagrada uma opera\u00e7\u00e3o que desarticulou um grupo criminoso envolvido com a falsifica\u00e7\u00e3o de certid\u00f5es de nascimento para a emiss\u00e3o de carteiras de [&hellip;]<\/p>\n","protected":false},"author":6557,"featured_media":0,"comment_status":"closed","ping_status":"closed","sticky":false,"template":"","format":"standard","meta":{"footnotes":""},"categories":[15,7],"tags":[5726,7901,78,35316],"class_list":{"0":"post-130479","1":"post","2":"type-post","3":"status-publish","4":"format-standard","6":"category-destaques","7":"category-policia","8":"tag-dipol","9":"tag-grupo-criminoso","10":"tag-policia-civil","11":"tag-rgs-falsos"},"_links":{"self":[{"href":"https:\/\/senoticias.com.br\/se\/wp-json\/wp\/v2\/posts\/130479"}],"collection":[{"href":"https:\/\/senoticias.com.br\/se\/wp-json\/wp\/v2\/posts"}],"about":[{"href":"https:\/\/senoticias.com.br\/se\/wp-json\/wp\/v2\/types\/post"}],"author":[{"embeddable":true,"href":"https:\/\/senoticias.com.br\/se\/wp-json\/wp\/v2\/users\/6557"}],"replies":[{"embeddable":true,"href":"https:\/\/senoticias.com.br\/se\/wp-json\/wp\/v2\/comments?post=130479"}],"version-history":[{"count":0,"href":"https:\/\/senoticias.com.br\/se\/wp-json\/wp\/v2\/posts\/130479\/revisions"}],"wp:attachment":[{"href":"https:\/\/senoticias.com.br\/se\/wp-json\/wp\/v2\/media?parent=130479"}],"wp:term":[{"taxonomy":"category","embeddable":true,"href":"https:\/\/senoticias.com.br\/se\/wp-json\/wp\/v2\/categories?post=130479"},{"taxonomy":"post_tag","embeddable":true,"href":"https:\/\/senoticias.com.br\/se\/wp-json\/wp\/v2\/tags?post=130479"}],"curies":[{"name":"wp","href":"https:\/\/api.w.org\/{rel}","templated":true}]}}