{"id":130461,"date":"2021-11-10T08:39:36","date_gmt":"2021-11-10T11:39:36","guid":{"rendered":"https:\/\/senoticias.com.br\/se\/?p=130461"},"modified":"2021-11-10T08:42:55","modified_gmt":"2021-11-10T11:42:55","slug":"sesc-abre-selecao-para-estagio-de-nivel-superior-em-sergipe","status":"publish","type":"post","link":"https:\/\/senoticias.com.br\/se\/sesc-abre-selecao-para-estagio-de-nivel-superior-em-sergipe\/","title":{"rendered":"Sesc abre sele\u00e7\u00e3o para est\u00e1gio de n\u00edvel superior em Sergipe"},"content":{"rendered":"\n<p>O Servi\u00e7o Social do Com\u00e9rcio (Sesc) vai abrir processo seletivo para est\u00e1gio de n\u00edvel superior em Geografia, Hist\u00f3ria, Letras, Matem\u00e1tica e Pedagogia. Poder\u00e3o se candidatar os alunos que est\u00e3o cursando a partir do 5\u00ba per\u00edodo de Licenciatura, em uma das institui\u00e7\u00f5es de ensino conveniadas.<\/p>\n\n\n\n<figure class=\"wp-block-image size-large\"><img loading=\"lazy\" decoding=\"async\" width=\"576\" height=\"388\" src=\"https:\/\/senoticias.com.br\/se\/wp-content\/uploads\/2021\/11\/Sesc-Sergipe-SE-Noticias.jpg\" alt=\"\" class=\"wp-image-130463\" srcset=\"https:\/\/senoticias.com.br\/se\/wp-content\/uploads\/2021\/11\/Sesc-Sergipe-SE-Noticias.jpg 576w, https:\/\/senoticias.com.br\/se\/wp-content\/uploads\/2021\/11\/Sesc-Sergipe-SE-Noticias-300x202.jpg 300w, https:\/\/senoticias.com.br\/se\/wp-content\/uploads\/2021\/11\/Sesc-Sergipe-SE-Noticias-90x60.jpg 90w, https:\/\/senoticias.com.br\/se\/wp-content\/uploads\/2021\/11\/Sesc-Sergipe-SE-Noticias-180x120.jpg 180w, https:\/\/senoticias.com.br\/se\/wp-content\/uploads\/2021\/11\/Sesc-Sergipe-SE-Noticias-95x64.jpg 95w\" sizes=\"(max-width: 576px) 100vw, 576px\" \/><figcaption>Sesc abre sele\u00e7\u00e3o de est\u00e1gio em n\u00edvel superior em diversas \u00e1reas &#8211; Foto: ascom\/Sesc<\/figcaption><\/figure>\n\n\n\n<p>As inscri\u00e7\u00f5es dever\u00e3o ser feitas exclusivamente pela internet, no <strong><a href=\"https:\/\/www.sesc-se.com.br\/processo-seletivo?titulo=processo-seletivo-para-estagio-2022&amp;id=20\">site do Sesc Sergipe<\/a><\/strong> , a partir das 9h, da pr\u00f3xima ter\u00e7a-feira (9), at\u00e9 \u00e0s 17h, da sexta-feira (12). Os candidatos dever\u00e3o preencher o formul\u00e1rio on-line e confirmar a inscri\u00e7\u00e3o.<\/p>\n\n\n\n<p>A sele\u00e7\u00e3o ser\u00e1 por meio de an\u00e1lise de curr\u00edculo, entrevista e reda\u00e7\u00e3o. A carga hor\u00e1ria do est\u00e1gio ser\u00e1 de <strong>20 a 30 horas por semana<\/strong>. O valor da bolsa est\u00e1gio varia de R$<strong> 500,00 a R$ 750,00<\/strong>, al\u00e9m do aux\u00edlio-transporte de <strong>R$ 150,00.<\/strong><\/p>\n\n\n\n<p>O local que o candidato aprovado vai desenvolver as atividades ser\u00e1 definido no final do processo seletivo pelo Sesc, podendo ser qualquer uma das unidades operacionais, conforme a necessidade da institui\u00e7\u00e3o, em hor\u00e1rio diurno ou noturno.<\/p>\n\n\n\n<p>Clique <strong><a href=\"https:\/\/www.sesc-se.com.br\/processo-seletivo?titulo=processo-seletivo-para-estagio-2022&amp;id=20\">aqui e confira<\/a><\/strong> as institui\u00e7\u00f5es conveniadas e mais detalhes da sele\u00e7\u00e3o.<\/p>\n\n\n\n<p><em><strong>Quer receber as principais not\u00edcias do<\/strong>&nbsp;<strong>SE Not\u00edcias<\/strong>&nbsp;<strong>no seu<\/strong>&nbsp;<strong>WhatsApp?<\/strong>&nbsp;<strong><a href=\"https:\/\/api.whatsapp.com\/send?phone=5579991715289\">Clique aqui<\/a><\/strong>.<\/em><\/p>\n\n\n\n<p><strong><em>Acompanhe tamb\u00e9m o SE Not\u00edcias no\u00a0<a rel=\"noreferrer noopener\" href=\"https:\/\/twitter.com\/Senoticias\" target=\"_blank\">Twitter<\/a>,\u00a0<a rel=\"noreferrer noopener\" href=\"https:\/\/www.facebook.com\/senoticias1\" target=\"_blank\">Facebook<\/a>\u00a0e no\u00a0<a rel=\"noreferrer noopener\" href=\"https:\/\/www.instagram.com\/senoticias\/\" target=\"_blank\">Instagram<\/a><\/em><\/strong><\/p>\n\n\n\n<p>Fonte: ascom\/Sesc<\/p>\n","protected":false},"excerpt":{"rendered":"<p>O Servi\u00e7o Social do Com\u00e9rcio (Sesc) vai abrir processo seletivo para est\u00e1gio de n\u00edvel superior em Geografia, Hist\u00f3ria, Letras, Matem\u00e1tica e Pedagogia. Poder\u00e3o se candidatar os alunos que est\u00e3o cursando a partir do 5\u00ba per\u00edodo de Licenciatura, em uma das institui\u00e7\u00f5es de ensino conveniadas. As inscri\u00e7\u00f5es dever\u00e3o ser feitas exclusivamente pela internet, no site do [&hellip;]<\/p>\n","protected":false},"author":6557,"featured_media":0,"comment_status":"closed","ping_status":"closed","sticky":false,"template":"","format":"standard","meta":{"footnotes":""},"categories":[15,10,1],"tags":[35307,35308,12242,35306],"class_list":{"0":"post-130461","1":"post","2":"type-post","3":"status-publish","4":"format-standard","6":"category-destaques","7":"category-empregos","8":"category-sem-categoria","9":"tag-estagio-de-nivel-superior","10":"tag-servico-social-do-comercio","11":"tag-sesc","12":"tag-sesc-sergipe"},"_links":{"self":[{"href":"https:\/\/senoticias.com.br\/se\/wp-json\/wp\/v2\/posts\/130461"}],"collection":[{"href":"https:\/\/senoticias.com.br\/se\/wp-json\/wp\/v2\/posts"}],"about":[{"href":"https:\/\/senoticias.com.br\/se\/wp-json\/wp\/v2\/types\/post"}],"author":[{"embeddable":true,"href":"https:\/\/senoticias.com.br\/se\/wp-json\/wp\/v2\/users\/6557"}],"replies":[{"embeddable":true,"href":"https:\/\/senoticias.com.br\/se\/wp-json\/wp\/v2\/comments?post=130461"}],"version-history":[{"count":0,"href":"https:\/\/senoticias.com.br\/se\/wp-json\/wp\/v2\/posts\/130461\/revisions"}],"wp:attachment":[{"href":"https:\/\/senoticias.com.br\/se\/wp-json\/wp\/v2\/media?parent=130461"}],"wp:term":[{"taxonomy":"category","embeddable":true,"href":"https:\/\/senoticias.com.br\/se\/wp-json\/wp\/v2\/categories?post=130461"},{"taxonomy":"post_tag","embeddable":true,"href":"https:\/\/senoticias.com.br\/se\/wp-json\/wp\/v2\/tags?post=130461"}],"curies":[{"name":"wp","href":"https:\/\/api.w.org\/{rel}","templated":true}]}}