{"id":130459,"date":"2021-11-10T08:10:30","date_gmt":"2021-11-10T11:10:30","guid":{"rendered":"https:\/\/senoticias.com.br\/se\/?p=130459"},"modified":"2021-11-10T08:37:28","modified_gmt":"2021-11-10T11:37:28","slug":"projeto-de-luciano-pimentel-e-sancionado-e-laudo-que-comprova-autismo-passa-a-ter-validade-indeterminada-em-sergipe","status":"publish","type":"post","link":"https:\/\/senoticias.com.br\/se\/projeto-de-luciano-pimentel-e-sancionado-e-laudo-que-comprova-autismo-passa-a-ter-validade-indeterminada-em-sergipe\/","title":{"rendered":"Projeto de Luciano Pimentel \u00e9 sancionado e laudo que comprova autismo passa a ter validade indeterminada em Sergipe"},"content":{"rendered":"\n<p><\/p>\n\n\n\n<p>O m\u00eas de novembro ficar\u00e1 marcado pela concretiza\u00e7\u00e3o de um sonho antigo das pessoas com o <strong>Transtorno do Espectro Autista<\/strong> (TEA) e de seus familiares. Isso porque, o Governo do Estado sancionou o Projeto de Lei n\u00ba 188\/2020, de autoria do deputado estadual Luciano Pimentel, que estabelece o prazo de validade indeterminado para o laudo m\u00e9dico pericial que atesta o TEA.<\/p>\n\n\n\n<figure class=\"wp-block-image size-large\"><img loading=\"lazy\" decoding=\"async\" width=\"589\" height=\"393\" src=\"https:\/\/senoticias.com.br\/se\/wp-content\/uploads\/2021\/11\/Deputado-Luciano-Pimentel-Se-Noticias.jpg\" alt=\"\" class=\"wp-image-130460\" srcset=\"https:\/\/senoticias.com.br\/se\/wp-content\/uploads\/2021\/11\/Deputado-Luciano-Pimentel-Se-Noticias.jpg 589w, https:\/\/senoticias.com.br\/se\/wp-content\/uploads\/2021\/11\/Deputado-Luciano-Pimentel-Se-Noticias-300x200.jpg 300w, https:\/\/senoticias.com.br\/se\/wp-content\/uploads\/2021\/11\/Deputado-Luciano-Pimentel-Se-Noticias-90x60.jpg 90w, https:\/\/senoticias.com.br\/se\/wp-content\/uploads\/2021\/11\/Deputado-Luciano-Pimentel-Se-Noticias-180x120.jpg 180w, https:\/\/senoticias.com.br\/se\/wp-content\/uploads\/2021\/11\/Deputado-Luciano-Pimentel-Se-Noticias-95x64.jpg 95w\" sizes=\"(max-width: 589px) 100vw, 589px\" \/><figcaption><strong>Projeto de Lei de Luciano Pimentel \u00e9 sancionado<\/strong> &#8211; Foto: Jadilson Sim\u00f5es<\/figcaption><\/figure>\n\n\n\n<p>Antes da <strong>Lei n\u00ba 8.916\/2021<\/strong>, esse documento precisava ser renovado ap\u00f3s um determinado per\u00edodo, gerando um desgaste desnecess\u00e1rio tanto para as fam\u00edlias quanto para os autistas, tendo em vista que n\u00e3o se trata de um transtorno passageiro ou intermitente. Para o parlamentar, essa era uma exig\u00eancia injustific\u00e1vel diante do car\u00e1ter permanente do TEA.<\/p>\n\n\n\n<p>&#8220;Estamos falando de um transtorno que acompanha a pessoa durante toda a sua vida, mesmo que sejam registradas altera\u00e7\u00f5es na intensidade com que ele se manifesta. Ainda assim, era exigido que, de ano em ano ou at\u00e9 mesmo de seis em seis meses, o laudo m\u00e9dico fosse renovado. Algo que, al\u00e9m de n\u00e3o fazer sentido, tornava mais dif\u00edcil a efetiva\u00e7\u00e3o dos direitos das pessoas com TEA, por demandar agendamento m\u00e9dico, perda de dia de trabalho ou atividade dos pais e do pr\u00f3prio autista, deslocamento e gastos muitas vezes insuport\u00e1veis&#8221;, explica Luciano Pimentel.<\/p>\n\n\n\n<p>Para ele, \u00e9 gratificante contribuir com uma causa t\u00e3o relevante que precisa de mais espa\u00e7o na sociedade. &#8220;Temos a honra de, atrav\u00e9s do nosso mandato, ter conhecido pais e m\u00e3es e a partir do di\u00e1logo com eles elaborar proposituras que possam promover melhorias na vida dessas pessoas. O autismo ainda \u00e9 um transtorno pouco conhecido e todas as vezes que evidenciamos esse assunto estamos quebrando barreiras, tanto para romper o preconceito quanto para garantir que os direitos dos autistas sejam realmente respeitados&#8221;, considera.<\/p>\n\n\n\n<p>De acordo com o deputado, a san\u00e7\u00e3o \u00e9 mais uma prova da seriedade e do cuidado com que o governador Belivaldo Chagas trata todas as demandas relacionadas ao TEA.&#8221;Estou exercendo o segundo mandato na Alese e a primeira vez que presenciei um governador sancionar uma Lei em ato p\u00fablico no Pal\u00e1cio dos Despachos foi quando apresentamos o projeto que assegurava o atendimento preferencial para autistas em estabelecimentos p\u00fablicos e privados do estado. Belivaldo Chagas sempre demonstrou aten\u00e7\u00e3o a todas as proposituras que buscam facilitar a vida das pessoas com TEA e n\u00f3s somos imensamente gratos por tamanha sensibilidade&#8221;, afirma Luciano Pimentel.<\/p>\n\n\n\n<p>Em outros estados, a exemplo do Acre, Goi\u00e1s, Rio Grande do Norte e Paran\u00e1, tamb\u00e9m existem leis que abordam essa quest\u00e3o.<\/p>\n\n\n\n<p><em><strong>Quer receber as principais not\u00edcias do<\/strong>&nbsp;<strong>SE Not\u00edcias<\/strong>&nbsp;<strong>no seu<\/strong>&nbsp;<strong>WhatsApp?<\/strong>&nbsp;<strong><a href=\"https:\/\/api.whatsapp.com\/send?phone=5579991715289\">Clique aqui<\/a><\/strong>.<\/em><\/p>\n\n\n\n<p><strong><em>Acompanhe tamb\u00e9m o SE Not\u00edcias no&nbsp;<a rel=\"noreferrer noopener\" href=\"https:\/\/twitter.com\/Senoticias\" target=\"_blank\">Twitter<\/a>,&nbsp;<a rel=\"noreferrer noopener\" href=\"https:\/\/www.facebook.com\/senoticias1\" target=\"_blank\">Facebook<\/a>&nbsp;e no&nbsp;<a rel=\"noreferrer noopener\" href=\"https:\/\/www.instagram.com\/senoticias\/\" target=\"_blank\">Instagram<\/a><\/em><\/strong><\/p>\n\n\n\n<p>Fonte: ascom\/Luciano Pimentel<\/p>\n","protected":false},"excerpt":{"rendered":"<p>O m\u00eas de novembro ficar\u00e1 marcado pela concretiza\u00e7\u00e3o de um sonho antigo das pessoas com o Transtorno do Espectro Autista (TEA) e de seus familiares. Isso porque, o Governo do Estado sancionou o Projeto de Lei n\u00ba 188\/2020, de autoria do deputado estadual Luciano Pimentel, que estabelece o prazo de validade indeterminado para o laudo [&hellip;]<\/p>\n","protected":false},"author":6557,"featured_media":0,"comment_status":"closed","ping_status":"closed","sticky":false,"template":"","format":"standard","meta":{"footnotes":""},"categories":[15,6],"tags":[35305,9297,9296,34212],"class_list":{"0":"post-130459","1":"post","2":"type-post","3":"status-publish","4":"format-standard","6":"category-destaques","7":"category-politica","8":"tag-autismo","9":"tag-deputado-luciano-pimentel","10":"tag-luciano-pimentel","11":"tag-transtorno-do-espectro-autista"},"_links":{"self":[{"href":"https:\/\/senoticias.com.br\/se\/wp-json\/wp\/v2\/posts\/130459"}],"collection":[{"href":"https:\/\/senoticias.com.br\/se\/wp-json\/wp\/v2\/posts"}],"about":[{"href":"https:\/\/senoticias.com.br\/se\/wp-json\/wp\/v2\/types\/post"}],"author":[{"embeddable":true,"href":"https:\/\/senoticias.com.br\/se\/wp-json\/wp\/v2\/users\/6557"}],"replies":[{"embeddable":true,"href":"https:\/\/senoticias.com.br\/se\/wp-json\/wp\/v2\/comments?post=130459"}],"version-history":[{"count":0,"href":"https:\/\/senoticias.com.br\/se\/wp-json\/wp\/v2\/posts\/130459\/revisions"}],"wp:attachment":[{"href":"https:\/\/senoticias.com.br\/se\/wp-json\/wp\/v2\/media?parent=130459"}],"wp:term":[{"taxonomy":"category","embeddable":true,"href":"https:\/\/senoticias.com.br\/se\/wp-json\/wp\/v2\/categories?post=130459"},{"taxonomy":"post_tag","embeddable":true,"href":"https:\/\/senoticias.com.br\/se\/wp-json\/wp\/v2\/tags?post=130459"}],"curies":[{"name":"wp","href":"https:\/\/api.w.org\/{rel}","templated":true}]}}