{"id":130451,"date":"2021-11-09T17:19:12","date_gmt":"2021-11-09T20:19:12","guid":{"rendered":"https:\/\/senoticias.com.br\/se\/?p=130451"},"modified":"2021-11-09T18:28:46","modified_gmt":"2021-11-09T21:28:46","slug":"em-aracaju-256-profissionais-rodoviarios-sao-demitidos","status":"publish","type":"post","link":"https:\/\/senoticias.com.br\/se\/em-aracaju-256-profissionais-rodoviarios-sao-demitidos\/","title":{"rendered":"Em Aracaju, 256 profissionais rodovi\u00e1rios s\u00e3o demitidos"},"content":{"rendered":"\n<p>Esta semana, 256 pessoas que trabalham em empresas do transporte coletivo, em Aracaju, foram demitidas. A oficializa\u00e7\u00e3o aconteceu ontem (08).<\/p>\n\n\n\n<p>Do total, 172 profissionais s\u00e3o do Grupo Progresso e 84 s\u00e3o do Grupo Modelo. Segundo o presidente do Sindicato dos Trabalhadores em Transporte Rodovi\u00e1rio de Aracaju (Sinttra), Miguel Belarmino, j\u00e1 havia uma suspeita dessa demiss\u00e3o em massa.<\/p>\n\n\n\n<p><strong>Nota do Setransp<\/strong><\/p>\n\n\n\n<p>Desde o in\u00edcio do per\u00edodo pand\u00eamico, o setor de transporte p\u00fablico coletivo vem movendo esfor\u00e7os para evitar redu\u00e7\u00e3o de postos de trabalho, inclusive, localmente, com o remanejamento das fun\u00e7\u00f5es, investindo em capacita\u00e7\u00f5es, que geraram diversas promo\u00e7\u00f5es entre os rodovi\u00e1rios do transporte de Aracaju e da Regi\u00e3o Metropolitana.<\/p>\n\n\n\n<figure class=\"wp-block-image size-large\"><img loading=\"lazy\" decoding=\"async\" width=\"576\" height=\"390\" src=\"https:\/\/senoticias.com.br\/se\/wp-content\/uploads\/2021\/11\/Onibus-Grande-Aracaju-SE-Noticias.jpg\" alt=\"\" class=\"wp-image-130452\" srcset=\"https:\/\/senoticias.com.br\/se\/wp-content\/uploads\/2021\/11\/Onibus-Grande-Aracaju-SE-Noticias.jpg 576w, https:\/\/senoticias.com.br\/se\/wp-content\/uploads\/2021\/11\/Onibus-Grande-Aracaju-SE-Noticias-300x203.jpg 300w, https:\/\/senoticias.com.br\/se\/wp-content\/uploads\/2021\/11\/Onibus-Grande-Aracaju-SE-Noticias-90x60.jpg 90w, https:\/\/senoticias.com.br\/se\/wp-content\/uploads\/2021\/11\/Onibus-Grande-Aracaju-SE-Noticias-95x64.jpg 95w\" sizes=\"(max-width: 576px) 100vw, 576px\" \/><figcaption>256 profissionais rodovi\u00e1rios s\u00e3o demitidos &#8211; Foto: TV Sergipe\/Arquivo<\/figcaption><\/figure>\n\n\n\n<p>Contudo, as medidas provis\u00f3rias do Governo Federal foram finalizadas sem restar nenhuma forma de se amenizar o desequil\u00edbrio financeiro para garantir a manuten\u00e7\u00e3o geral dos postos, como tamb\u00e9m sem definir fontes extra tarif\u00e1rio para garantir a sustentabilidade do transporte na pandemia. A situa\u00e7\u00e3o do setor se agravou ainda mais com o acr\u00e9scimo de mais de 60% do pre\u00e7o do combust\u00edvel s\u00f3 este ano, tem tornado inevit\u00e1vel a tomada de algumas medidas para assegurar a continuidade da presta\u00e7\u00e3o do servi\u00e7o regular para a popula\u00e7\u00e3o.<\/p>\n\n\n\n<p>As demiss\u00f5es atuais, ap\u00f3s um ano e meio do in\u00edcio da pandemia, infelizmente, foram necess\u00e1rias, para permitir a continuidade do servi\u00e7o e preserva\u00e7\u00e3o da maioria dos postos de trabalho. O Setransp tem acompanhado as tratativas das empresas de \u00f4nibus junto com os seus funcion\u00e1rios e espera que a\u00e7\u00f5es de socorro ao sistema cheguem o mais r\u00e1pido poss\u00edvel.<\/p>\n\n\n\n<p><em><strong>Quer receber as principais not\u00edcias do<\/strong>&nbsp;<strong>SE Not\u00edcias<\/strong>&nbsp;<strong>no seu<\/strong>&nbsp;<strong>WhatsApp?<\/strong>&nbsp;<strong><a href=\"https:\/\/api.whatsapp.com\/send?phone=5579991715289\">Clique aqui<\/a><\/strong>.<\/em><\/p>\n\n\n\n<p><strong><em>Acompanhe tamb\u00e9m o SE Not\u00edcias no\u00a0<a rel=\"noreferrer noopener\" href=\"https:\/\/twitter.com\/Senoticias\" target=\"_blank\">Twitter<\/a>,\u00a0<a rel=\"noreferrer noopener\" href=\"https:\/\/www.facebook.com\/senoticias1\" target=\"_blank\">Facebook<\/a>\u00a0e no\u00a0<a rel=\"noreferrer noopener\" href=\"https:\/\/www.instagram.com\/senoticias\/\" target=\"_blank\">Instagram<\/a><\/em><\/strong><\/p>\n\n\n\n<p><em>Fonte: A8SE e Setransp<\/em><\/p>\n","protected":false},"excerpt":{"rendered":"<p>Esta semana, 256 pessoas que trabalham em empresas do transporte coletivo, em Aracaju, foram demitidas. A oficializa\u00e7\u00e3o aconteceu ontem (08). Do total, 172 profissionais s\u00e3o do Grupo Progresso e 84 s\u00e3o do Grupo Modelo. Segundo o presidente do Sindicato dos Trabalhadores em Transporte Rodovi\u00e1rio de Aracaju (Sinttra), Miguel Belarmino, j\u00e1 havia uma suspeita dessa demiss\u00e3o [&hellip;]<\/p>\n","protected":false},"author":6557,"featured_media":0,"comment_status":"closed","ping_status":"closed","sticky":false,"template":"","format":"standard","meta":{"footnotes":""},"categories":[15,6,1],"tags":[35299,35128,35298,3246],"class_list":{"0":"post-130451","1":"post","2":"type-post","3":"status-publish","4":"format-standard","6":"category-destaques","7":"category-politica","8":"category-sem-categoria","9":"tag-grupo-modelo","10":"tag-grupo-progresso","11":"tag-rodoviarios-sao-demitidos","12":"tag-setransp"},"_links":{"self":[{"href":"https:\/\/senoticias.com.br\/se\/wp-json\/wp\/v2\/posts\/130451"}],"collection":[{"href":"https:\/\/senoticias.com.br\/se\/wp-json\/wp\/v2\/posts"}],"about":[{"href":"https:\/\/senoticias.com.br\/se\/wp-json\/wp\/v2\/types\/post"}],"author":[{"embeddable":true,"href":"https:\/\/senoticias.com.br\/se\/wp-json\/wp\/v2\/users\/6557"}],"replies":[{"embeddable":true,"href":"https:\/\/senoticias.com.br\/se\/wp-json\/wp\/v2\/comments?post=130451"}],"version-history":[{"count":0,"href":"https:\/\/senoticias.com.br\/se\/wp-json\/wp\/v2\/posts\/130451\/revisions"}],"wp:attachment":[{"href":"https:\/\/senoticias.com.br\/se\/wp-json\/wp\/v2\/media?parent=130451"}],"wp:term":[{"taxonomy":"category","embeddable":true,"href":"https:\/\/senoticias.com.br\/se\/wp-json\/wp\/v2\/categories?post=130451"},{"taxonomy":"post_tag","embeddable":true,"href":"https:\/\/senoticias.com.br\/se\/wp-json\/wp\/v2\/tags?post=130451"}],"curies":[{"name":"wp","href":"https:\/\/api.w.org\/{rel}","templated":true}]}}