{"id":130447,"date":"2021-11-09T11:55:37","date_gmt":"2021-11-09T14:55:37","guid":{"rendered":"https:\/\/senoticias.com.br\/se\/?p=130447"},"modified":"2021-11-09T11:55:43","modified_gmt":"2021-11-09T14:55:43","slug":"subtenente-da-policia-militar-de-sergipe-morre-durante-partida-de-futebol","status":"publish","type":"post","link":"https:\/\/senoticias.com.br\/se\/subtenente-da-policia-militar-de-sergipe-morre-durante-partida-de-futebol\/","title":{"rendered":"Subtenente da Pol\u00edcia Militar de Sergipe morre durante partida de futebol"},"content":{"rendered":"\n<p>\u00c9 com grande pesar que a Pol\u00edcia Militar de Sergipe comunica o falecimento do subtenente Osvaldo Cardoso Bittencourt, de 54 anos. O militar sofreu um infarto e n\u00e3o resistiu e foi a \u00f3bito nas primeiras horas desta <strong>ter\u00e7a-feira, 9<\/strong>, depois de ter participado de um jogo de futebol.<\/p>\n\n\n\n<figure class=\"wp-block-image size-large\"><img loading=\"lazy\" decoding=\"async\" width=\"532\" height=\"597\" src=\"https:\/\/senoticias.com.br\/se\/wp-content\/uploads\/2021\/11\/Policial-morre-apos-jogo-de-futebol-SE-Noticias.jpg\" alt=\"\" class=\"wp-image-130448\" srcset=\"https:\/\/senoticias.com.br\/se\/wp-content\/uploads\/2021\/11\/Policial-morre-apos-jogo-de-futebol-SE-Noticias.jpg 532w, https:\/\/senoticias.com.br\/se\/wp-content\/uploads\/2021\/11\/Policial-morre-apos-jogo-de-futebol-SE-Noticias-267x300.jpg 267w\" sizes=\"(max-width: 532px) 100vw, 532px\" \/><figcaption>O subtenente Bittencourt tinha mais de 30 anos na corpora\u00e7\u00e3o &#8211; Foto; arquivo\/`PMSE<\/figcaption><\/figure>\n\n\n\n<p>Com mais de 30 anos de servi\u00e7os prestados \u00e0 sociedade sergipana, por meio da seguran\u00e7a p\u00fablica, o subtenente Osvaldo Bittencourt ingressou na Corpora\u00e7\u00e3o em 1988. Atualmente ele desempenhava suas fun\u00e7\u00f5es no 11\u00b0 BPM, no munic\u00edpio de Tobias Barreto.<\/p>\n\n\n\n<p>O vel\u00f3rio acontece na manh\u00e3 de hoje, na Osaf da Rua Itaporanga, em Aracaju, e o sepultamento ser\u00e1 realizado \u00e0s 16h, tamb\u00e9m nesta capital.<\/p>\n\n\n\n<p>Neste momento de dor e lamenta\u00e7\u00e3o, a Pol\u00edcia Militar manifesta sua solidariedade com familiares e amigos, ao mesmo tempo em que se coloca \u00e0 disposi\u00e7\u00e3o.<\/p>\n\n\n\n<p><em><strong>Quer receber as principais not\u00edcias do<\/strong>&nbsp;<strong>SE Not\u00edcias<\/strong>&nbsp;<strong>no seu<\/strong>&nbsp;<strong>WhatsApp?<\/strong>&nbsp;<strong><a href=\"https:\/\/api.whatsapp.com\/send?phone=5579991715289\">Clique aqui<\/a><\/strong>.<\/em><\/p>\n\n\n\n<p><strong><em>Acompanhe tamb\u00e9m o SE Not\u00edcias no\u00a0<a rel=\"noreferrer noopener\" href=\"https:\/\/twitter.com\/Senoticias\" target=\"_blank\">Twitter<\/a>,\u00a0<a rel=\"noreferrer noopener\" href=\"https:\/\/www.facebook.com\/senoticias1\" target=\"_blank\">Facebook<\/a>\u00a0e no\u00a0<a rel=\"noreferrer noopener\" href=\"https:\/\/www.instagram.com\/senoticias\/\" target=\"_blank\">Instagram<\/a><\/em><\/strong><\/p>\n\n\n\n<p>Reda\u00e7\u00e3o com informa\u00e7\u00f5es da PMSE<\/p>\n","protected":false},"excerpt":{"rendered":"<p>\u00c9 com grande pesar que a Pol\u00edcia Militar de Sergipe comunica o falecimento do subtenente Osvaldo Cardoso Bittencourt, de 54 anos. O militar sofreu um infarto e n\u00e3o resistiu e foi a \u00f3bito nas primeiras horas desta ter\u00e7a-feira, 9, depois de ter participado de um jogo de futebol. Com mais de 30 anos de servi\u00e7os [&hellip;]<\/p>\n","protected":false},"author":6557,"featured_media":0,"comment_status":"closed","ping_status":"closed","sticky":false,"template":"","format":"standard","meta":{"footnotes":""},"categories":[15,7],"tags":[15888,5879,35294],"class_list":{"0":"post-130447","1":"post","2":"type-post","3":"status-publish","4":"format-standard","6":"category-destaques","7":"category-policia","8":"tag-luto","9":"tag-policia-militar-de-sergipe","10":"tag-subtenente-bittencourt"},"_links":{"self":[{"href":"https:\/\/senoticias.com.br\/se\/wp-json\/wp\/v2\/posts\/130447"}],"collection":[{"href":"https:\/\/senoticias.com.br\/se\/wp-json\/wp\/v2\/posts"}],"about":[{"href":"https:\/\/senoticias.com.br\/se\/wp-json\/wp\/v2\/types\/post"}],"author":[{"embeddable":true,"href":"https:\/\/senoticias.com.br\/se\/wp-json\/wp\/v2\/users\/6557"}],"replies":[{"embeddable":true,"href":"https:\/\/senoticias.com.br\/se\/wp-json\/wp\/v2\/comments?post=130447"}],"version-history":[{"count":0,"href":"https:\/\/senoticias.com.br\/se\/wp-json\/wp\/v2\/posts\/130447\/revisions"}],"wp:attachment":[{"href":"https:\/\/senoticias.com.br\/se\/wp-json\/wp\/v2\/media?parent=130447"}],"wp:term":[{"taxonomy":"category","embeddable":true,"href":"https:\/\/senoticias.com.br\/se\/wp-json\/wp\/v2\/categories?post=130447"},{"taxonomy":"post_tag","embeddable":true,"href":"https:\/\/senoticias.com.br\/se\/wp-json\/wp\/v2\/tags?post=130447"}],"curies":[{"name":"wp","href":"https:\/\/api.w.org\/{rel}","templated":true}]}}