{"id":130445,"date":"2021-11-09T11:27:21","date_gmt":"2021-11-09T14:27:21","guid":{"rendered":"https:\/\/senoticias.com.br\/se\/?p=130445"},"modified":"2021-11-09T11:27:27","modified_gmt":"2021-11-09T14:27:27","slug":"homem-e-baleado-na-regiao-central-de-aracaju","status":"publish","type":"post","link":"https:\/\/senoticias.com.br\/se\/homem-e-baleado-na-regiao-central-de-aracaju\/","title":{"rendered":"Homem \u00e9 baleado na Regi\u00e3o Central de Aracaju"},"content":{"rendered":"\n<p>Um homem foi baleado pr\u00f3ximo ao Terminal Rodovi\u00e1rio Governador Luiz Garcia, localizado na Regi\u00e3o Central de Aracaju, na manh\u00e3 desta ter\u00e7a-feira (9). A Pol\u00edcia Militar e a Guarda Municipal estiveram no local.<\/p>\n\n\n\n<figure class=\"wp-block-image size-large\"><img loading=\"lazy\" decoding=\"async\" width=\"512\" height=\"288\" src=\"https:\/\/senoticias.com.br\/se\/wp-content\/uploads\/2021\/11\/Homem-baleado-SE-Noticias.jpg\" alt=\"\" class=\"wp-image-130446\" srcset=\"https:\/\/senoticias.com.br\/se\/wp-content\/uploads\/2021\/11\/Homem-baleado-SE-Noticias.jpg 512w, https:\/\/senoticias.com.br\/se\/wp-content\/uploads\/2021\/11\/Homem-baleado-SE-Noticias-300x169.jpg 300w\" sizes=\"(max-width: 512px) 100vw, 512px\" \/><figcaption>Um homem foi baleado em frente ao Terminal Luiz Garcia (Rodovi\u00e1ria Velha), Centro de Aracaju &#8211; Foto: Anderson Barbosa\/TV Sergipe<\/figcaption><\/figure>\n\n\n\n<p>Populares informaram aos policiais que o autor do crime veio a p\u00e9 efetuando disparos contra a v\u00edtima e fugiu. Parte da muni\u00e7\u00e3o que o teria atingido foi encontrada no local.<\/p>\n\n\n\n<p>A v\u00edtima foi socorrida pelo Servi\u00e7o de Atendimento M\u00f3vel de Urg\u00eancia (Samu) e levada a um hospital.<\/p>\n\n\n\n<p>O caso ser\u00e1 investigado pela Pol\u00edcia Civil.<\/p>\n\n\n\n<p><em><strong>Quer receber as principais not\u00edcias do<\/strong>&nbsp;<strong>SE Not\u00edcias<\/strong>&nbsp;<strong>no seu<\/strong>&nbsp;<strong>WhatsApp?<\/strong>&nbsp;<strong><a href=\"https:\/\/api.whatsapp.com\/send?phone=5579991715289\">Clique aqui<\/a><\/strong>.<\/em><\/p>\n\n\n\n<p><strong><em>Acompanhe tamb\u00e9m o SE Not\u00edcias no\u00a0<a rel=\"noreferrer noopener\" href=\"https:\/\/twitter.com\/Senoticias\" target=\"_blank\">Twitter<\/a>,\u00a0<a rel=\"noreferrer noopener\" href=\"https:\/\/www.facebook.com\/senoticias1\" target=\"_blank\">Facebook<\/a>\u00a0e no\u00a0<a rel=\"noreferrer noopener\" href=\"https:\/\/www.instagram.com\/senoticias\/\" target=\"_blank\">Instagram<\/a><\/em><\/strong><\/p>\n\n\n\n<p>Fonte: <strong><a href=\"https:\/\/g1.globo.com\/se\/sergipe\/noticia\/2021\/11\/09\/homem-e-baleado-na-regiao-central-de-aracaju.ghtml\">G1 <\/a><\/strong>SE<\/p>\n","protected":false},"excerpt":{"rendered":"<p>Um homem foi baleado pr\u00f3ximo ao Terminal Rodovi\u00e1rio Governador Luiz Garcia, localizado na Regi\u00e3o Central de Aracaju, na manh\u00e3 desta ter\u00e7a-feira (9). A Pol\u00edcia Militar e a Guarda Municipal estiveram no local. Populares informaram aos policiais que o autor do crime veio a p\u00e9 efetuando disparos contra a v\u00edtima e fugiu. Parte da muni\u00e7\u00e3o que [&hellip;]<\/p>\n","protected":false},"author":6557,"featured_media":0,"comment_status":"closed","ping_status":"closed","sticky":false,"template":"","format":"standard","meta":{"footnotes":""},"categories":[15,7],"tags":[35293,7300,857],"class_list":{"0":"post-130445","1":"post","2":"type-post","3":"status-publish","4":"format-standard","6":"category-destaques","7":"category-policia","8":"tag-homem-baleado","9":"tag-rodoviaria-velha","10":"tag-violencia"},"_links":{"self":[{"href":"https:\/\/senoticias.com.br\/se\/wp-json\/wp\/v2\/posts\/130445"}],"collection":[{"href":"https:\/\/senoticias.com.br\/se\/wp-json\/wp\/v2\/posts"}],"about":[{"href":"https:\/\/senoticias.com.br\/se\/wp-json\/wp\/v2\/types\/post"}],"author":[{"embeddable":true,"href":"https:\/\/senoticias.com.br\/se\/wp-json\/wp\/v2\/users\/6557"}],"replies":[{"embeddable":true,"href":"https:\/\/senoticias.com.br\/se\/wp-json\/wp\/v2\/comments?post=130445"}],"version-history":[{"count":0,"href":"https:\/\/senoticias.com.br\/se\/wp-json\/wp\/v2\/posts\/130445\/revisions"}],"wp:attachment":[{"href":"https:\/\/senoticias.com.br\/se\/wp-json\/wp\/v2\/media?parent=130445"}],"wp:term":[{"taxonomy":"category","embeddable":true,"href":"https:\/\/senoticias.com.br\/se\/wp-json\/wp\/v2\/categories?post=130445"},{"taxonomy":"post_tag","embeddable":true,"href":"https:\/\/senoticias.com.br\/se\/wp-json\/wp\/v2\/tags?post=130445"}],"curies":[{"name":"wp","href":"https:\/\/api.w.org\/{rel}","templated":true}]}}