{"id":130441,"date":"2021-11-08T20:05:08","date_gmt":"2021-11-08T23:05:08","guid":{"rendered":"https:\/\/senoticias.com.br\/se\/?p=130441"},"modified":"2021-11-08T20:07:07","modified_gmt":"2021-11-08T23:07:07","slug":"prefeito-edvaldo-e-padre-inaldo-discutem-consorcio-metropolitano-do-transporte-publico","status":"publish","type":"post","link":"https:\/\/senoticias.com.br\/se\/prefeito-edvaldo-e-padre-inaldo-discutem-consorcio-metropolitano-do-transporte-publico\/","title":{"rendered":"Prefeito Edvaldo e Padre Inaldo discutem cons\u00f3rcio metropolitano do transporte p\u00fablico"},"content":{"rendered":"\n<p>O prefeito de Aracaju, Edvaldo Nogueira, recebeu, no in\u00edcio da tarde desta segunda-feira, 8, em seu gabinete, o prefeito de Nossa Senhora do Socorro, Padre Inaldo. Na pauta do encontro, o cons\u00f3rcio metropolitano do transporte p\u00fablico da Grande Aracaju. Na oportunidade, Edvaldo, que preside a Frente Nacional de Prefeitos (FNP), convidou Inaldo para participar da 81\u00aa reuni\u00e3o Geral da entidade, que ocorrer\u00e1 em Aracaju, nos dias 25 e 26 de novembro. O prefeito de Socorro \u00e9 membro da Frente.<\/p>\n\n\n\n<figure class=\"wp-block-image size-large is-resized\"><img loading=\"lazy\" decoding=\"async\" src=\"https:\/\/senoticias.com.br\/se\/wp-content\/uploads\/2021\/11\/Prefeitos-Edvaldo-e-Inaldo-SE-Noticias.jpg\" alt=\"\" class=\"wp-image-130442\" width=\"559\" height=\"403\" srcset=\"https:\/\/senoticias.com.br\/se\/wp-content\/uploads\/2021\/11\/Prefeitos-Edvaldo-e-Inaldo-SE-Noticias.jpg 559w, https:\/\/senoticias.com.br\/se\/wp-content\/uploads\/2021\/11\/Prefeitos-Edvaldo-e-Inaldo-SE-Noticias-300x216.jpg 300w, https:\/\/senoticias.com.br\/se\/wp-content\/uploads\/2021\/11\/Prefeitos-Edvaldo-e-Inaldo-SE-Noticias-373x270.jpg 373w, https:\/\/senoticias.com.br\/se\/wp-content\/uploads\/2021\/11\/Prefeitos-Edvaldo-e-Inaldo-SE-Noticias-475x342.jpg 475w\" sizes=\"(max-width: 559px) 100vw, 559px\" \/><figcaption>Edvaldo e Padre Inaldo &#8211; Foto: Ana L\u00edcia Menezes\/AAN <\/figcaption><\/figure>\n\n\n\n<p>\u201cTenho dialogado, constantemente, com o Padre Inaldo sobre o cons\u00f3rcio do transporte p\u00fablico e entendemos que, passado o per\u00edodo mais cr\u00edtico da pandemia, podemos reiniciar as discuss\u00f5es envolvendo esta pauta, t\u00e3o relevante para a regi\u00e3o metropolitana da Grande Aracaju. Nossa inten\u00e7\u00e3o \u00e9 realizar, at\u00e9 o in\u00edcio do pr\u00f3ximo ano, uma reuni\u00e3o com todos os membros do cons\u00f3rcio para debater o tema\u201d, destacou o prefeito de Aracaju.<\/p>\n\n\n\n<p>Edvaldo pontuou que aproveitou a oportunidade do encontro para convidar pessoalmente o prefeito de Nossa Senhora do Socorro para a Reuni\u00e3o Geral da FNP. \u201cPadre Inaldo \u00e9 membro da Frente, tem participado das nossas reuni\u00f5es e por isso n\u00e3o poderia deixar de convid\u00e1-lo para a nossa reuni\u00e3o geral\u201d, frisou o presidente da FNP. \u201cFiquei muito feliz com o convite e estarei presente para tratarmos do municipalismo brasileiro e as urg\u00eancias e necessidades das nossas cidades\u201d, ressaltou Inaldo.<\/p>\n\n\n\n<p><em><strong>Quer receber as principais not\u00edcias do<\/strong>&nbsp;<strong>SE Not\u00edcias<\/strong>&nbsp;<strong>no seu<\/strong>&nbsp;<strong>WhatsApp?<\/strong>&nbsp;<strong><a href=\"https:\/\/api.whatsapp.com\/send?phone=5579991715289\">Clique aqui<\/a><\/strong>.<\/em><\/p>\n\n\n\n<p><strong><em>Acompanhe tamb\u00e9m o SE Not\u00edcias no\u00a0<a rel=\"noreferrer noopener\" href=\"https:\/\/twitter.com\/Senoticias\" target=\"_blank\">Twitter<\/a>,\u00a0<a rel=\"noreferrer noopener\" href=\"https:\/\/www.facebook.com\/senoticias1\" target=\"_blank\">Facebook<\/a>\u00a0e no\u00a0<a rel=\"noreferrer noopener\" href=\"https:\/\/www.instagram.com\/senoticias\/\" target=\"_blank\">Instagram<\/a><\/em><\/strong><\/p>\n\n\n\n<p>Fonte: AAN<\/p>\n","protected":false},"excerpt":{"rendered":"<p>O prefeito de Aracaju, Edvaldo Nogueira, recebeu, no in\u00edcio da tarde desta segunda-feira, 8, em seu gabinete, o prefeito de Nossa Senhora do Socorro, Padre Inaldo. Na pauta do encontro, o cons\u00f3rcio metropolitano do transporte p\u00fablico da Grande Aracaju. Na oportunidade, Edvaldo, que preside a Frente Nacional de Prefeitos (FNP), convidou Inaldo para participar da [&hellip;]<\/p>\n","protected":false},"author":6557,"featured_media":0,"comment_status":"closed","ping_status":"closed","sticky":false,"template":"","format":"standard","meta":{"footnotes":""},"categories":[15,6],"tags":[698,1913,5167],"class_list":{"0":"post-130441","1":"post","2":"type-post","3":"status-publish","4":"format-standard","6":"category-destaques","7":"category-politica","8":"tag-edvaldo-nogueira","9":"tag-padre-inaldo","10":"tag-prefeito-edvaldo"},"_links":{"self":[{"href":"https:\/\/senoticias.com.br\/se\/wp-json\/wp\/v2\/posts\/130441"}],"collection":[{"href":"https:\/\/senoticias.com.br\/se\/wp-json\/wp\/v2\/posts"}],"about":[{"href":"https:\/\/senoticias.com.br\/se\/wp-json\/wp\/v2\/types\/post"}],"author":[{"embeddable":true,"href":"https:\/\/senoticias.com.br\/se\/wp-json\/wp\/v2\/users\/6557"}],"replies":[{"embeddable":true,"href":"https:\/\/senoticias.com.br\/se\/wp-json\/wp\/v2\/comments?post=130441"}],"version-history":[{"count":0,"href":"https:\/\/senoticias.com.br\/se\/wp-json\/wp\/v2\/posts\/130441\/revisions"}],"wp:attachment":[{"href":"https:\/\/senoticias.com.br\/se\/wp-json\/wp\/v2\/media?parent=130441"}],"wp:term":[{"taxonomy":"category","embeddable":true,"href":"https:\/\/senoticias.com.br\/se\/wp-json\/wp\/v2\/categories?post=130441"},{"taxonomy":"post_tag","embeddable":true,"href":"https:\/\/senoticias.com.br\/se\/wp-json\/wp\/v2\/tags?post=130441"}],"curies":[{"name":"wp","href":"https:\/\/api.w.org\/{rel}","templated":true}]}}