{"id":130437,"date":"2021-11-08T16:24:28","date_gmt":"2021-11-08T19:24:28","guid":{"rendered":"https:\/\/senoticias.com.br\/se\/?p=130437"},"modified":"2021-11-08T16:41:50","modified_gmt":"2021-11-08T19:41:50","slug":"sao-cristovao-passa-a-exigir-comprovante-de-vacinacao-contra-a-covid-19-em-locais-de-uso-coletivo","status":"publish","type":"post","link":"https:\/\/senoticias.com.br\/se\/sao-cristovao-passa-a-exigir-comprovante-de-vacinacao-contra-a-covid-19-em-locais-de-uso-coletivo\/","title":{"rendered":"S\u00e3o Crist\u00f3v\u00e3o passa a exigir comprovante de vacina\u00e7\u00e3o contra a Covid-19 em locais de uso coletivo"},"content":{"rendered":"\n<figure class=\"wp-block-image size-large\"><img loading=\"lazy\" decoding=\"async\" width=\"549\" height=\"367\" src=\"https:\/\/senoticias.com.br\/se\/wp-content\/uploads\/2021\/11\/prefeitura-decreta-comprovacao-de-vacinacao-em-espacos-publicos-2021-11-08-61894a12708ee.jpeg\" alt=\"\" class=\"wp-image-130439\" srcset=\"https:\/\/senoticias.com.br\/se\/wp-content\/uploads\/2021\/11\/prefeitura-decreta-comprovacao-de-vacinacao-em-espacos-publicos-2021-11-08-61894a12708ee.jpeg 549w, https:\/\/senoticias.com.br\/se\/wp-content\/uploads\/2021\/11\/prefeitura-decreta-comprovacao-de-vacinacao-em-espacos-publicos-2021-11-08-61894a12708ee-300x201.jpeg 300w, https:\/\/senoticias.com.br\/se\/wp-content\/uploads\/2021\/11\/prefeitura-decreta-comprovacao-de-vacinacao-em-espacos-publicos-2021-11-08-61894a12708ee-90x60.jpeg 90w, https:\/\/senoticias.com.br\/se\/wp-content\/uploads\/2021\/11\/prefeitura-decreta-comprovacao-de-vacinacao-em-espacos-publicos-2021-11-08-61894a12708ee-180x120.jpeg 180w, https:\/\/senoticias.com.br\/se\/wp-content\/uploads\/2021\/11\/prefeitura-decreta-comprovacao-de-vacinacao-em-espacos-publicos-2021-11-08-61894a12708ee-95x64.jpeg 95w\" sizes=\"(max-width: 549px) 100vw, 549px\" \/><figcaption>Prefeitura de S\u00e3o Crist\u00f3v\u00e3o passa a exigir comprovante de vacina\u00e7\u00e3o contra a Covid-19 em locais de uso coletivo &#8211; Foto: Dane Santos\/PMSC<\/figcaption><\/figure>\n\n\n\n<p>Devido \u00e0 atual retomada das atividades presenciais, foi decretada a medida de obrigatoriedade de comprova\u00e7\u00e3o da vacina\u00e7\u00e3o contra a COVID-19 para o acesso de locais p\u00fablicos. Seguindo o cronograma institu\u00eddo pela Secretaria Municipal da Sa\u00fade, a provid\u00eancia exige a comprova\u00e7\u00e3o da vacina\u00e7\u00e3o da 1\u00b0 e 2\u00b0 dose ou da dose \u00fanica.<br>\u00a0<br>Essa medida ser\u00e1 v\u00e1lida em estabelecimentos e locais de uso coletivo como academias, piscinas, est\u00e1dios e gin\u00e1sios esportivos, locais tur\u00edsticos como museus, exposi\u00e7\u00f5es de arte, apresenta\u00e7\u00f5es, feiras comerciais, entre outros. A participa\u00e7\u00e3o nesses espa\u00e7os ser\u00e1 mediante a apresenta\u00e7\u00e3o do cart\u00e3o de vacina\u00e7\u00e3o junto a documento de identidade com foto.<br>\u00a0<br>\u201cO estabelecimento da obrigatoriedade para garantir as condi\u00e7\u00f5es de seguran\u00e7a nos eventos que est\u00e3o sendo liberados, de certificar que cada vez mais pessoas sintam a necessidade de estarem imunizadas entre os que n\u00e3o est\u00e3o e tamb\u00e9m para os que est\u00e3o, de terem a possibilidade de estarem seguros e obter a certeza de que todos est\u00e3o bem, imunizados e sem o risco de serem contaminados\u201d, comenta o prefeito Marcos Santana.<br>\u00a0<br>E para a efetiva\u00e7\u00e3o dos protocolos de seguran\u00e7a, esse gerenciamento e fiscaliza\u00e7\u00e3o \u00e9 responsabilidade dos estabelecimentos e autoridades sanit\u00e1rias da prefeitura.<br>\u00a0<br><strong>Valida\u00e7\u00e3o p\u00fablica<\/strong><br>\u00a0<br>Para a entrada em espa\u00e7os coletivos ser\u00e3o considerados v\u00e1lidos o certificado de vacinas digital, dispon\u00edvel na plataforma\u00a0<a rel=\"noreferrer noopener\" href=\"https:\/\/conectesus.saude.gov.br\/home\" target=\"_blank\">Conecte SUS<\/a>, e a caderneta de vacina\u00e7\u00e3o impressa e emitida pela Secretaria Municipal da Sa\u00fade, cl\u00ednica ou por outras institui\u00e7\u00f5es governamentais.<br>\u00a0<br>Al\u00e9m disso, qualquer adultera\u00e7\u00e3o do documento para fins inv\u00e1lidos estar\u00e3o sujeitas a penalidades previstas na legisla\u00e7\u00e3o municipal.<\/p>\n\n\n\n<p>A medida est\u00e1 em vigor desde segunda-feira (1\u00ba).<\/p>\n\n\n\n<p><em><strong>Quer receber as principais not\u00edcias do<\/strong>&nbsp;<strong>SE Not\u00edcias<\/strong>&nbsp;<strong>no seu<\/strong>&nbsp;<strong>WhatsApp?<\/strong>&nbsp;<strong><a href=\"https:\/\/api.whatsapp.com\/send?phone=5579991715289\">Clique aqui<\/a><\/strong>.<\/em><\/p>\n\n\n\n<p><strong><em>Acompanhe tamb\u00e9m o SE Not\u00edcias no\u00a0<a rel=\"noreferrer noopener\" href=\"https:\/\/twitter.com\/Senoticias\" target=\"_blank\">Twitter<\/a>,\u00a0<a rel=\"noreferrer noopener\" href=\"https:\/\/www.facebook.com\/senoticias1\" target=\"_blank\">Facebook<\/a>\u00a0e no\u00a0<a rel=\"noreferrer noopener\" href=\"https:\/\/www.instagram.com\/senoticias\/\" target=\"_blank\">Instagram<\/a><\/em><\/strong><\/p>\n\n\n\n<p>Fonte: ascom\/PMSC<\/p>\n","protected":false},"excerpt":{"rendered":"<p>Devido \u00e0 atual retomada das atividades presenciais, foi decretada a medida de obrigatoriedade de comprova\u00e7\u00e3o da vacina\u00e7\u00e3o contra a COVID-19 para o acesso de locais p\u00fablicos. Seguindo o cronograma institu\u00eddo pela Secretaria Municipal da Sa\u00fade, a provid\u00eancia exige a comprova\u00e7\u00e3o da vacina\u00e7\u00e3o da 1\u00b0 e 2\u00b0 dose ou da dose \u00fanica.\u00a0Essa medida ser\u00e1 v\u00e1lida em [&hellip;]<\/p>\n","protected":false},"author":6557,"featured_media":0,"comment_status":"closed","ping_status":"closed","sticky":false,"template":"","format":"standard","meta":{"footnotes":""},"categories":[15,38,1],"tags":[35111,4589,16002,10799],"class_list":{"0":"post-130437","1":"post","2":"type-post","3":"status-publish","4":"format-standard","6":"category-destaques","7":"category-municipios","8":"category-sem-categoria","9":"tag-comprovante-de-vacinacao","10":"tag-prefeito-marcos-santana","11":"tag-prefeitura-de-sao-cristovao-2","12":"tag-secretaria-municipal-de-saude"},"_links":{"self":[{"href":"https:\/\/senoticias.com.br\/se\/wp-json\/wp\/v2\/posts\/130437"}],"collection":[{"href":"https:\/\/senoticias.com.br\/se\/wp-json\/wp\/v2\/posts"}],"about":[{"href":"https:\/\/senoticias.com.br\/se\/wp-json\/wp\/v2\/types\/post"}],"author":[{"embeddable":true,"href":"https:\/\/senoticias.com.br\/se\/wp-json\/wp\/v2\/users\/6557"}],"replies":[{"embeddable":true,"href":"https:\/\/senoticias.com.br\/se\/wp-json\/wp\/v2\/comments?post=130437"}],"version-history":[{"count":0,"href":"https:\/\/senoticias.com.br\/se\/wp-json\/wp\/v2\/posts\/130437\/revisions"}],"wp:attachment":[{"href":"https:\/\/senoticias.com.br\/se\/wp-json\/wp\/v2\/media?parent=130437"}],"wp:term":[{"taxonomy":"category","embeddable":true,"href":"https:\/\/senoticias.com.br\/se\/wp-json\/wp\/v2\/categories?post=130437"},{"taxonomy":"post_tag","embeddable":true,"href":"https:\/\/senoticias.com.br\/se\/wp-json\/wp\/v2\/tags?post=130437"}],"curies":[{"name":"wp","href":"https:\/\/api.w.org\/{rel}","templated":true}]}}