{"id":130433,"date":"2021-11-08T14:16:55","date_gmt":"2021-11-08T17:16:55","guid":{"rendered":"https:\/\/senoticias.com.br\/se\/?p=130433"},"modified":"2021-11-08T14:23:52","modified_gmt":"2021-11-08T17:23:52","slug":"escolas-da-rede-estadual-voltam-com-aulas-100-presenciais","status":"publish","type":"post","link":"https:\/\/senoticias.com.br\/se\/escolas-da-rede-estadual-voltam-com-aulas-100-presenciais\/","title":{"rendered":"Escolas da rede estadual voltam com aulas 100% presenciais"},"content":{"rendered":"\n<p>As aulas na rede estadual de ensino j\u00e1 est\u00e3o sendo ofertadas no modo 100% presencial em todos os n\u00edveis, etapas, anos\/s\u00e9ries e modalidades. A autoriza\u00e7\u00e3o veio por meio da publica\u00e7\u00e3o da portaria n\u00ba 4.507\/202, expedida pela Secretaria de Estado da Educa\u00e7\u00e3o, do Esporte e da Cultura (Seduc), a qual estabelece normas e diretrizes para a conclus\u00e3o do ano letivo de 2021 das escolas estaduais, em car\u00e1ter excepcional, em face da pandemia da covid-19. Nesta segunda-feira, 8, as unidades realizaram diversas a\u00e7\u00f5es de acolhimento, visando recepcionar o estudante para essa nova fase de retomada.&nbsp;<\/p>\n\n\n\n<figure class=\"wp-block-image size-large\"><img loading=\"lazy\" decoding=\"async\" width=\"512\" height=\"384\" src=\"https:\/\/senoticias.com.br\/se\/wp-content\/uploads\/2021\/11\/Aulas-SE-Noticias.jpeg\" alt=\"\" class=\"wp-image-130434\" srcset=\"https:\/\/senoticias.com.br\/se\/wp-content\/uploads\/2021\/11\/Aulas-SE-Noticias.jpeg 512w, https:\/\/senoticias.com.br\/se\/wp-content\/uploads\/2021\/11\/Aulas-SE-Noticias-300x225.jpeg 300w, https:\/\/senoticias.com.br\/se\/wp-content\/uploads\/2021\/11\/Aulas-SE-Noticias-45x35.jpeg 45w\" sizes=\"(max-width: 512px) 100vw, 512px\" \/><figcaption>Nesta segunda-feira, 8, as unidades realizaram diversas a\u00e7\u00f5es de acolhimento, visando recepcionar o estudante para essa nova fase de retomada &#8211; ascom\/Seduc<\/figcaption><\/figure>\n\n\n\n<p>O Col\u00e9gio Estadual Manoel Alcino do Nascimento, localizado no munic\u00edpio de Graccho Cardoso, est\u00e1 com todos os seus alunos em sala de aula. A diretora da unidade, professora Ana Carla Barros do Bonfim, declarou que as a\u00e7\u00f5es de retorno sempre foram muito bem aceitas pela comunidade escolar. \u201cA ades\u00e3o foi muito positiva porque era um desejo dos pais e dos estudantes. Essa mobiliza\u00e7\u00e3o come\u00e7ou no dia 17 de agosto, quando foi autorizada a retomada segura e gradativa das atividades. Agora, estamos 100% presencial\u201d. Ela ainda informou que a escola tem intensificado a busca ativa para identificar e reconduzir \u00e0 sala de aula o aluno que n\u00e3o est\u00e1 comparecendo \u00e0 escola.&nbsp;<\/p>\n\n\n\n<p>De acordo com a portaria da Seduc, as escolas p\u00fablicas estaduais j\u00e1 podem retomar as aulas 100% presenciais nos diferentes n\u00edveis, etapas, anos\/s\u00e9ries e modalidades, observando o protocolo sanit\u00e1rio estabelecido pelas autoridades locais, pela Seduc e institui\u00e7\u00f5es escolares. No entanto, aos estudantes que estiverem, comprovadamente, inseridos no grupo de risco ou amparados pela legisla\u00e7\u00e3o vigente, deve ser oferecido atendimento remoto integral, assegurando o direito \u00e0s atividades, sem preju\u00edzo nas avalia\u00e7\u00f5es de aprendizagem.&nbsp;<\/p>\n\n\n\n<p>Na Escola Estadual Rotary Clube, em Lagarto, as aulas desta semana iniciaram-se com acolhimento. &#8220;Hoje foi um dia maravilhoso e de muita alegria para nossa escola. Aguardamos com ansiedade esse momento de estarmos todos juntos novamente\u201d, frisou a diretora Eliete Cezar Pontes Prata, destacando a import\u00e2ncia da retomada. \u201cEsse retorno 100% presencial \u00e9 de suma relev\u00e2ncia para a parte social da vida escolar do estudante. \u00c9 na escola que ele aprende a conviver em grupo, conhece sobre rela\u00e7\u00f5es interpessoais, entre outros pontos que contribuem para o seu desenvolvimento\u201d.<\/p>\n\n\n\n<p><strong>O retorno<\/strong><\/p>\n\n\n\n<p>Segundo o superintendente executivo da Seduc, Jos\u00e9 Ricardo de Santana, os pontos de aten\u00e7\u00e3o deste novo momento para a comunidade escolar s\u00e3o o resgate dos estudantes que n\u00e3o conseguiram acompanhar as aulas remotas, por meio de uma busca ativa escolar, e, consequentemente, o refor\u00e7o de aprendizagem que ser\u00e1 empreendido em cada uma das escolas; e a prioriza\u00e7\u00e3o das reuni\u00f5es de conselho de classe.&nbsp;<\/p>\n\n\n\n<p>\u201cDiante do retorno presencial, \u00e9 importante realizar a busca ativa escolar para trazer de volta aquele estudante que n\u00e3o conseguiu participar das aulas remotas. N\u00f3s da Seduc temos de fazer um acompanhamento da aprendizagem, e a \u00eanfase nas escolas \u00e9 para que fa\u00e7am tamb\u00e9m o movimento de refor\u00e7o escolar. Para isso \u00e9 preciso que haja participa\u00e7\u00e3o dos estudantes no regime de progress\u00e3o continuada. Uma vez que as escolas est\u00e3o abertas, o aluno tem acesso. Com a participa\u00e7\u00e3o efetiva dos alunos \u00e9 poss\u00edvel ter a progress\u00e3o continuada ano a ano\u201d, relatou Jos\u00e9 Ricardo.<\/p>\n\n\n\n<p>Ainda sobre o acompanhamento da aprendizagem, o superintendente reafirma a import\u00e2ncia de, concomitantemente \u00e0s a\u00e7\u00f5es de refor\u00e7o escolar, as unidades de ensino dever\u00e3o priorizar as reuni\u00f5es do Conselho de Classe, cuja realiza\u00e7\u00e3o deve acontecer a cada bimestre, acompanhando o desempenho dos estudantes em sua integralidade, considerando as condi\u00e7\u00f5es para realiza\u00e7\u00e3o das atividades, bem como realizar a reuni\u00e3o do Conselho de Classe ao fim do ano letivo, analisando coletivamente a situa\u00e7\u00e3o de cada aluno.<\/p>\n\n\n\n<p>\u201c\u00c9 necess\u00e1rio que os alunos retornem presencialmente&nbsp; e que eles participem efetivamente para que garantam o seu aprendizado. \u00c9 fundamental tamb\u00e9m que a escola acompanhe com os conselhos de classe para que esse aproveitamento do aluno seja de fato um aproveitamento que consiga gerar um bom fluxo para a escola e para a rede\u201d, concluiu o superintendente Jos\u00e9 Ricardo de Santana.&nbsp;<\/p>\n\n\n\n<p>As unidades escolares que ofertam o Ensino Fundamental e o Ensino M\u00e9dio ficam dispensadas da obrigatoriedade do cumprimento dos 200 dias letivos, podendo finalizar o ano letivo em curso ap\u00f3s o cumprimento das 800 horas m\u00ednimas, conforme legisla\u00e7\u00e3o educacional vigente. J\u00e1 as escolas-piloto que implementaram o Novo Ensino M\u00e9dio dever\u00e3o cumprir a carga hor\u00e1ria m\u00ednima de 1.000 horas, e as unidades de ensino que ofertam o Ensino M\u00e9dio em Tempo Integral-EMTI dever\u00e3o cumprir no m\u00ednimo 1.400 horas.<\/p>\n\n\n\n<p><em><strong>Quer receber as principais not\u00edcias do<\/strong>&nbsp;<strong>SE Not\u00edcias<\/strong>&nbsp;<strong>no seu<\/strong>&nbsp;<strong>WhatsApp?<\/strong>&nbsp;<strong><a href=\"https:\/\/api.whatsapp.com\/send?phone=5579991715289\">Clique aqui<\/a><\/strong>.<\/em><\/p>\n\n\n\n<p><strong><em>Acompanhe tamb\u00e9m o SE Not\u00edcias no\u00a0<a rel=\"noreferrer noopener\" href=\"https:\/\/twitter.com\/Senoticias\" target=\"_blank\">Twitter<\/a>,\u00a0<a rel=\"noreferrer noopener\" href=\"https:\/\/www.facebook.com\/senoticias1\" target=\"_blank\">Facebook<\/a>\u00a0e no\u00a0<a rel=\"noreferrer noopener\" href=\"https:\/\/www.instagram.com\/senoticias\/\" target=\"_blank\">Instagram<\/a><\/em><\/strong><\/p>\n\n\n\n<p>Fonte: Ag\u00eancia Sergipe de Not\u00edcias<\/p>\n","protected":false},"excerpt":{"rendered":"<p>As aulas na rede estadual de ensino j\u00e1 est\u00e3o sendo ofertadas no modo 100% presencial em todos os n\u00edveis, etapas, anos\/s\u00e9ries e modalidades. A autoriza\u00e7\u00e3o veio por meio da publica\u00e7\u00e3o da portaria n\u00ba 4.507\/202, expedida pela Secretaria de Estado da Educa\u00e7\u00e3o, do Esporte e da Cultura (Seduc), a qual estabelece normas e diretrizes para a [&hellip;]<\/p>\n","protected":false},"author":6557,"featured_media":0,"comment_status":"closed","ping_status":"closed","sticky":false,"template":"","format":"standard","meta":{"footnotes":""},"categories":[15,6,1],"tags":[35291,15804,14222],"class_list":{"0":"post-130433","1":"post","2":"type-post","3":"status-publish","4":"format-standard","6":"category-destaques","7":"category-politica","8":"category-sem-categoria","9":"tag-100-por-cento-presencial","10":"tag-retorno-das-aulas","11":"tag-seduc"},"_links":{"self":[{"href":"https:\/\/senoticias.com.br\/se\/wp-json\/wp\/v2\/posts\/130433"}],"collection":[{"href":"https:\/\/senoticias.com.br\/se\/wp-json\/wp\/v2\/posts"}],"about":[{"href":"https:\/\/senoticias.com.br\/se\/wp-json\/wp\/v2\/types\/post"}],"author":[{"embeddable":true,"href":"https:\/\/senoticias.com.br\/se\/wp-json\/wp\/v2\/users\/6557"}],"replies":[{"embeddable":true,"href":"https:\/\/senoticias.com.br\/se\/wp-json\/wp\/v2\/comments?post=130433"}],"version-history":[{"count":0,"href":"https:\/\/senoticias.com.br\/se\/wp-json\/wp\/v2\/posts\/130433\/revisions"}],"wp:attachment":[{"href":"https:\/\/senoticias.com.br\/se\/wp-json\/wp\/v2\/media?parent=130433"}],"wp:term":[{"taxonomy":"category","embeddable":true,"href":"https:\/\/senoticias.com.br\/se\/wp-json\/wp\/v2\/categories?post=130433"},{"taxonomy":"post_tag","embeddable":true,"href":"https:\/\/senoticias.com.br\/se\/wp-json\/wp\/v2\/tags?post=130433"}],"curies":[{"name":"wp","href":"https:\/\/api.w.org\/{rel}","templated":true}]}}