{"id":130425,"date":"2021-11-08T07:01:46","date_gmt":"2021-11-08T10:01:46","guid":{"rendered":"https:\/\/senoticias.com.br\/se\/?p=130425"},"modified":"2021-11-08T07:10:00","modified_gmt":"2021-11-08T10:10:00","slug":"mdb-divulga-nota-publica-e-pede-definicao-para-nome-de-fabio-mitidieri-ao-governo","status":"publish","type":"post","link":"https:\/\/senoticias.com.br\/se\/mdb-divulga-nota-publica-e-pede-definicao-para-nome-de-fabio-mitidieri-ao-governo\/","title":{"rendered":"MDB divulga nota p\u00fablica e pede defini\u00e7\u00e3o para nome de F\u00e1bio Mitidieri ao governo"},"content":{"rendered":"\n<p>Atrav\u00e9s das suas redes sociais, o diret\u00f3rio estadual do MDB divulgou uma Nota P\u00fablica assinada pelo presidente interino, S\u00e9rgio Reis, na qual presta \u201cseu total apoio \u00e0 indica\u00e7\u00e3o do nome do deputado federal F\u00e1bio Mitidieri (PSD) como pr\u00e9-candidato a Governo pelo atual agrupamento liderado pelo governador Belivaldo Chagas (PSD).\u201d<\/p>\n\n\n\n<figure class=\"wp-block-image size-large\"><img loading=\"lazy\" decoding=\"async\" width=\"513\" height=\"350\" src=\"https:\/\/senoticias.com.br\/se\/wp-content\/uploads\/2021\/11\/Fabio-Mitidieri-SE-Noticias.jpg\" alt=\"\" class=\"wp-image-130426\" srcset=\"https:\/\/senoticias.com.br\/se\/wp-content\/uploads\/2021\/11\/Fabio-Mitidieri-SE-Noticias.jpg 513w, https:\/\/senoticias.com.br\/se\/wp-content\/uploads\/2021\/11\/Fabio-Mitidieri-SE-Noticias-300x205.jpg 300w, https:\/\/senoticias.com.br\/se\/wp-content\/uploads\/2021\/11\/Fabio-Mitidieri-SE-Noticias-90x60.jpg 90w, https:\/\/senoticias.com.br\/se\/wp-content\/uploads\/2021\/11\/Fabio-Mitidieri-SE-Noticias-95x64.jpg 95w\" sizes=\"(max-width: 513px) 100vw, 513px\" \/><figcaption>MDB pede defini\u00e7\u00e3o para nome de Mitidieri ao governo &#8211; Foto: ascom\/MSB<\/figcaption><\/figure>\n\n\n\n<p>Ainda segundo a nota, \u201co MDB compreende que F\u00e1bio Mitidieri re\u00fane todas as condi\u00e7\u00f5es para comandar o projeto de desenvolvimento e avan\u00e7os para Sergipe, com seguran\u00e7a, responsabilidade e di\u00e1logo com os mais diferentes setores do Estado\u201d.<\/p>\n\n\n\n<p>Segue o documento afirmando que \u201cNosso partido e seus filiados defendem o fortalecimento do grupo e a unidade de for\u00e7as em torno de um projeto que vem se mostrando s\u00f3lido e vitorioso desde 2006, com a elei\u00e7\u00e3o de Marcelo D\u00e9da, alternando e renovando lideran\u00e7as, consolidando um modelo de gest\u00e3o focado no desenvolvimento com responsabilidade\u201d.<\/p>\n\n\n\n<p><em><strong>Quer receber as principais not\u00edcias do<\/strong>&nbsp;<strong>SE Not\u00edcias<\/strong>&nbsp;<strong>no seu<\/strong>&nbsp;<strong>WhatsApp?<\/strong>&nbsp;<strong><a href=\"https:\/\/api.whatsapp.com\/send?phone=5579991715289\">Clique aqui<\/a><\/strong>.<\/em><\/p>\n\n\n\n<p><strong><em>Acompanhe tamb\u00e9m o SE Not\u00edcias no&nbsp;<a rel=\"noreferrer noopener\" href=\"https:\/\/twitter.com\/Senoticias\" target=\"_blank\">Twitter<\/a>,&nbsp;<a rel=\"noreferrer noopener\" href=\"https:\/\/www.facebook.com\/senoticias1\" target=\"_blank\">Facebook<\/a>&nbsp;e no&nbsp;<a rel=\"noreferrer noopener\" href=\"https:\/\/www.instagram.com\/senoticias\/\" target=\"_blank\">Instagram<\/a><\/em><\/strong><\/p>\n\n\n\n<p>POR ASCOM\/MDB<\/p>\n","protected":false},"excerpt":{"rendered":"<p>Atrav\u00e9s das suas redes sociais, o diret\u00f3rio estadual do MDB divulgou uma Nota P\u00fablica assinada pelo presidente interino, S\u00e9rgio Reis, na qual presta \u201cseu total apoio \u00e0 indica\u00e7\u00e3o do nome do deputado federal F\u00e1bio Mitidieri (PSD) como pr\u00e9-candidato a Governo pelo atual agrupamento liderado pelo governador Belivaldo Chagas (PSD).\u201d Ainda segundo a nota, \u201co MDB [&hellip;]<\/p>\n","protected":false},"author":6557,"featured_media":0,"comment_status":"closed","ping_status":"closed","sticky":false,"template":"","format":"standard","meta":{"footnotes":""},"categories":[15,6],"tags":[12125,7306,12035,7303],"class_list":{"0":"post-130425","1":"post","2":"type-post","3":"status-publish","4":"format-standard","6":"category-destaques","7":"category-politica","8":"tag-eleicoes-2022","9":"tag-fabio-mitidieri","10":"tag-mdb","11":"tag-psd"},"_links":{"self":[{"href":"https:\/\/senoticias.com.br\/se\/wp-json\/wp\/v2\/posts\/130425"}],"collection":[{"href":"https:\/\/senoticias.com.br\/se\/wp-json\/wp\/v2\/posts"}],"about":[{"href":"https:\/\/senoticias.com.br\/se\/wp-json\/wp\/v2\/types\/post"}],"author":[{"embeddable":true,"href":"https:\/\/senoticias.com.br\/se\/wp-json\/wp\/v2\/users\/6557"}],"replies":[{"embeddable":true,"href":"https:\/\/senoticias.com.br\/se\/wp-json\/wp\/v2\/comments?post=130425"}],"version-history":[{"count":0,"href":"https:\/\/senoticias.com.br\/se\/wp-json\/wp\/v2\/posts\/130425\/revisions"}],"wp:attachment":[{"href":"https:\/\/senoticias.com.br\/se\/wp-json\/wp\/v2\/media?parent=130425"}],"wp:term":[{"taxonomy":"category","embeddable":true,"href":"https:\/\/senoticias.com.br\/se\/wp-json\/wp\/v2\/categories?post=130425"},{"taxonomy":"post_tag","embeddable":true,"href":"https:\/\/senoticias.com.br\/se\/wp-json\/wp\/v2\/tags?post=130425"}],"curies":[{"name":"wp","href":"https:\/\/api.w.org\/{rel}","templated":true}]}}