{"id":130423,"date":"2021-11-07T12:45:56","date_gmt":"2021-11-07T15:45:56","guid":{"rendered":"https:\/\/senoticias.com.br\/se\/?p=130423"},"modified":"2021-11-07T19:41:52","modified_gmt":"2021-11-07T22:41:52","slug":"ex-juiz-sergio-moro-se-filiara-ao-podemos-nesta-quarta-feira-10","status":"publish","type":"post","link":"https:\/\/senoticias.com.br\/se\/ex-juiz-sergio-moro-se-filiara-ao-podemos-nesta-quarta-feira-10\/","title":{"rendered":"Ex-juiz Sergio Moro se filiar\u00e1 ao Podemos nesta quarta-feira, 10."},"content":{"rendered":"\n<p><\/p>\n\n\n\n<p>O ex-juiz federal e ex-ministro da Justi\u00e7a e Seguran\u00e7a P\u00fablica Sergio Moro ir\u00e1 se filiar, no dia 10 de novembro, ao Podemos, pensando nas elei\u00e7\u00f5es de 2022 e onde desponta como como candidato a presidente, enfrentando justamente seu ex-chefe Jair Bolsonaro. Para isso, escolheu uma legenda que se diz \u201cnem \u00e0 esquerda, nem \u00e0 direita, para a frente\u201d. O hist\u00f3rico do Podemos nos \u00faltimos tr\u00eas anos, no entanto, indica que o partido est\u00e1 mais pr\u00f3ximo de Bolsonaro do que pode desejar o ex-ministro.<\/p>\n\n\n\n<figure class=\"wp-block-image size-large\"><img loading=\"lazy\" decoding=\"async\" width=\"544\" height=\"363\" src=\"https:\/\/senoticias.com.br\/se\/wp-content\/uploads\/2021\/11\/Sergio-Moro-SE-noticias.jpg\" alt=\"\" class=\"wp-image-130424\" srcset=\"https:\/\/senoticias.com.br\/se\/wp-content\/uploads\/2021\/11\/Sergio-Moro-SE-noticias.jpg 544w, https:\/\/senoticias.com.br\/se\/wp-content\/uploads\/2021\/11\/Sergio-Moro-SE-noticias-300x200.jpg 300w, https:\/\/senoticias.com.br\/se\/wp-content\/uploads\/2021\/11\/Sergio-Moro-SE-noticias-90x60.jpg 90w, https:\/\/senoticias.com.br\/se\/wp-content\/uploads\/2021\/11\/Sergio-Moro-SE-noticias-180x120.jpg 180w, https:\/\/senoticias.com.br\/se\/wp-content\/uploads\/2021\/11\/Sergio-Moro-SE-noticias-95x64.jpg 95w\" sizes=\"(max-width: 544px) 100vw, 544px\" \/><figcaption>Pr\u00e9-candidato \u00e0 Presid\u00eancia, Sergio Moro vai se filiar ao Podemos\u00a0&#8211; Foto: Cristiano Mariz\/VEJA<\/figcaption><\/figure>\n\n\n\n<p>Dados do Radar do Congresso apontam que o partido j\u00e1 se alinhou \u00e0s pautas de Bolsonaro em 81% das vota\u00e7\u00f5es na C\u00e2mara dos deputados, e em 78% das vota\u00e7\u00f5es do Senado. Ambos os grupos s\u00e3o considerados base do governo, por votar com os interesses do Executivo em mais de 75% dos casos.<\/p>\n\n\n\n<p>O Radar \u2013 base de dados do Congresso em Foco que compila e organiza informa\u00e7\u00f5es do funcionamento do parlamento brasileiro \u2013 chegou ao n\u00famero comparando o alinhamento do partido em 1143 vota\u00e7\u00f5es na C\u00e2mara desde 2019, e 270 vota\u00e7\u00f5es no Senado Federal.<\/p>\n\n\n\n<p>Na C\u00e2mara, onde as discuss\u00f5es s\u00e3o mais acaloradas e h\u00e1 maior chance de diverg\u00eancias entre os parlamentares, a bancada de dez parlamentares se mant\u00e9m, quase em sua totalidade, com apoios superiores a 80% \u2013 o deputado e ex-senador Jos\u00e9 Medeiros (MT) votou com os interesses do governo em 97% das vezes; Igor Timo (MG) votou com o governo em 88% das vota\u00e7\u00f5es; e a presidente nacional do partido, Renata Abreu (SP), em 80%.<\/p>\n\n\n\n<p>Na C\u00e2mara, apenas Bacelar (BA) se apresenta com n\u00fameros similares \u00e0 oposi\u00e7\u00e3o ao governo na C\u00e2mara. O deputado baiano votou com o governo em apenas 29% das vezes.<\/p>\n\n\n\n<p>No Senado, o alinhamento do partido \u00e9 pouco abaixo da m\u00e9dia da Casa, que \u00e9 de 83%. O partido, que comanda uma das maiores bancadas desta legislatura, possui dois grupos distintos: um grupo de cinco parlamentares mant\u00e9m alinhamentos entre 79% (Styvenson Valentim) e 90% (Marcos do Val) , enquanto quatro senadores est\u00e3o entre 67% e 75%.<\/p>\n\n\n\n<p>Apesar da m\u00e9dia, a bancada no Senado conta com nomes d\u00edspares no apoio \u00e0s pautas do governo: o senador Eduardo Gir\u00e3o (CE) \u00e9 reconhecido nacionalmente por ter feito parte de um grupo de quatro senadores que atuaram como \u201cbase governista\u201d na CPI da Covid, encerrada semana passada (o senador alega independ\u00eancia, mas votou contra o relat\u00f3rio final).<\/p>\n\n\n\n<p>No mesmo partido tamb\u00e9m est\u00e1 Jorge Kajuru (GO), um dos respons\u00e1veis por cobrar a abertura da pr\u00f3pria CPI da Covid no Supremo Tribunal Federal (STF). Foi Kajuru quem tamb\u00e9m divulgou conversa gravada com o presidente Jair Bolsonaro, no auge das discuss\u00f5es da comiss\u00e3o parlamentar.<\/p>\n\n\n\n<p>Sergio Moro foi ministro de Bolsonaro nos primeiros 16 meses de seu governo \u2013 sendo junto a Paulo Guedes um dos dois \u201csuperministros\u201d do gabinete. Sua demiss\u00e3o, que causou um furor \u00e0 \u00e9poca, teria sido motivado por uma tentativa de Bolsonaro de interferir no comando da Pol\u00edcia Federal no Rio de Janeiro, respons\u00e1vel por investigar esquemas de corrup\u00e7\u00e3o que envolveriam seus filhos Fl\u00e1vio Bolsonaro (Patriota-RJ) e Carlos Bolsonaro pelos crimes de \u201crachadinha\u201d. Ap\u00f3s sua demiss\u00e3o, Moro ingressou com uma a\u00e7\u00e3o no Supremo Tribunal Federal (STF), que hoje investiga a quest\u00e3o.<\/p>\n\n\n\n<p><em><strong>Quer receber as principais not\u00edcias do<\/strong>&nbsp;<strong>SE Not\u00edcias<\/strong>&nbsp;<strong>no seu<\/strong>&nbsp;<strong>WhatsApp?<\/strong>&nbsp;<strong><a href=\"https:\/\/api.whatsapp.com\/send?phone=5579991715289\">Clique aqui<\/a><\/strong>.<\/em><\/p>\n\n\n\n<p><strong><em>Acompanhe tamb\u00e9m o SE Not\u00edcias no\u00a0<a rel=\"noreferrer noopener\" href=\"https:\/\/twitter.com\/Senoticias\" target=\"_blank\">Twitter<\/a>,\u00a0<a rel=\"noreferrer noopener\" href=\"https:\/\/www.facebook.com\/senoticias1\" target=\"_blank\">Facebook<\/a>\u00a0e no\u00a0<a rel=\"noreferrer noopener\" href=\"https:\/\/www.instagram.com\/senoticias\/\" target=\"_blank\">Instagram<\/a><\/em><\/strong><\/p>\n\n\n\n<p>Fonte: Congresso em Foco<\/p>\n","protected":false},"excerpt":{"rendered":"<p>O ex-juiz federal e ex-ministro da Justi\u00e7a e Seguran\u00e7a P\u00fablica Sergio Moro ir\u00e1 se filiar, no dia 10 de novembro, ao Podemos, pensando nas elei\u00e7\u00f5es de 2022 e onde desponta como como candidato a presidente, enfrentando justamente seu ex-chefe Jair Bolsonaro. Para isso, escolheu uma legenda que se diz \u201cnem \u00e0 esquerda, nem \u00e0 direita, [&hellip;]<\/p>\n","protected":false},"author":6557,"featured_media":0,"comment_status":"closed","ping_status":"closed","sticky":false,"template":"","format":"standard","meta":{"footnotes":""},"categories":[15,6],"tags":[12125,6601,16655],"class_list":{"0":"post-130423","1":"post","2":"type-post","3":"status-publish","4":"format-standard","6":"category-destaques","7":"category-politica","8":"tag-eleicoes-2022","9":"tag-podemos","10":"tag-sergio-moro-2"},"_links":{"self":[{"href":"https:\/\/senoticias.com.br\/se\/wp-json\/wp\/v2\/posts\/130423"}],"collection":[{"href":"https:\/\/senoticias.com.br\/se\/wp-json\/wp\/v2\/posts"}],"about":[{"href":"https:\/\/senoticias.com.br\/se\/wp-json\/wp\/v2\/types\/post"}],"author":[{"embeddable":true,"href":"https:\/\/senoticias.com.br\/se\/wp-json\/wp\/v2\/users\/6557"}],"replies":[{"embeddable":true,"href":"https:\/\/senoticias.com.br\/se\/wp-json\/wp\/v2\/comments?post=130423"}],"version-history":[{"count":0,"href":"https:\/\/senoticias.com.br\/se\/wp-json\/wp\/v2\/posts\/130423\/revisions"}],"wp:attachment":[{"href":"https:\/\/senoticias.com.br\/se\/wp-json\/wp\/v2\/media?parent=130423"}],"wp:term":[{"taxonomy":"category","embeddable":true,"href":"https:\/\/senoticias.com.br\/se\/wp-json\/wp\/v2\/categories?post=130423"},{"taxonomy":"post_tag","embeddable":true,"href":"https:\/\/senoticias.com.br\/se\/wp-json\/wp\/v2\/tags?post=130423"}],"curies":[{"name":"wp","href":"https:\/\/api.w.org\/{rel}","templated":true}]}}