{"id":130414,"date":"2021-11-05T18:03:37","date_gmt":"2021-11-05T21:03:37","guid":{"rendered":"https:\/\/senoticias.com.br\/se\/?p=130414"},"modified":"2021-11-05T21:27:32","modified_gmt":"2021-11-06T00:27:32","slug":"marilia-mendonca-morre-em-queda-de-aviao-em-minas-gerais","status":"publish","type":"post","link":"https:\/\/senoticias.com.br\/se\/marilia-mendonca-morre-em-queda-de-aviao-em-minas-gerais\/","title":{"rendered":"Mar\u00edlia Mendon\u00e7a morre em queda de avi\u00e3o em Minas Gerais"},"content":{"rendered":"\n<p>Mais quatro pessoas morreram na queda do avi\u00e3o: seu produtor Henrique Ribeiro, seu tio e assessor Abicieli Silveira Dias Filho, o piloto e o co-pilto do avi\u00e3o.<\/p>\n\n\n\n<figure class=\"wp-block-image size-large\"><img loading=\"lazy\" decoding=\"async\" width=\"599\" height=\"528\" src=\"https:\/\/senoticias.com.br\/se\/wp-content\/uploads\/2021\/11\/marilia-mendonca-aviao-e1636146072964.jpg\" alt=\"\" class=\"wp-image-130413\"\/><figcaption>\n\n\nMar\u00edlia Mendon\u00e7a publicou v\u00eddeo fora e dentro de um avi\u00e3o nesta sexta-feira (5) \u2014 Foto: Reprodu\u00e7\u00e3o\/Twitter\/MariliaMReal\n\n\n<\/figcaption><\/figure>\n\n\n\n<p>cantora Mar\u00edlia Mendon\u00e7a, de 26 anos, e mais quatro pessoas morreram na tarde nesta sexta-feira (5) ap\u00f3s a queda de um avi\u00e3o de pequeno porte perto de uma cachoeira na serra de Caratinga, interior de Minas Gerais.<\/p>\n\n\n\n<p>&#8220;Com imenso pesar, confirmamos a morte da cantora Mar\u00edlia Mendon\u00e7a, seu produtor Henrique Ribeiro, seu tio e assessor Abicieli Silveira Dias Filho, do piloto e co-pilto do avi\u00e3o, os quais iremos preservar os nomes neste momento. O avi\u00e3o decolou de Goi\u00e2nia com destino a Caratinga\/MG, onde Mar\u00edlia teria uma apresenta\u00e7\u00e3o esta noite. De momento, s\u00e3o estas as informa\u00e7\u00f5es que temos.&#8221;, informou em nota a assessoria da cantora.<\/p>\n\n\n\n<p>Os bombeiros tamb\u00e9m confirmaram a morte atrav\u00e9s da seguinte nota: &#8220;O Corpo de Bombeiros Militar de Minas Gerais informa que nesta sexta (5), ocorreu a queda de uma aeronave de pequeno porte, modelo Beech Aircraft, na zona rural de Piedade de Caratinga. O CBMMG confirma que a aeronave transportava a cantora Mar\u00edlia Mendon\u00e7a e que ela est\u00e1 entre as v\u00edtimas fatais.&#8221;<\/p>\n\n\n\n<p>A cantora nasceu em Cristian\u00f3polis (GO) em 22 de julho de 1995. Ela surgiu como \u00edcone do \u201cfeminejo\u201d em 2016, com sucessos como \u201cInfiel\u201d e \u201cEu sei de cor\u201d. Antes, ela j\u00e1 era compositora de sucessos do sertanejo.<\/p>\n\n\n\n<p>A aeronave era um bimotor Beech Aircraft, da PEC T\u00e1xi A\u00e9reo, de Goi\u00e1s, prefixo PT-ONJ, com capacidade para seis passageiros. Segundo a Anac, o avi\u00e3o est\u00e1 em situa\u00e7\u00e3o regular e tem autoriza\u00e7\u00e3o para fazer t\u00e1xi a\u00e9reo.<\/p>\n\n\n\n<p>Antes de embarcar fez um v\u00eddeo em que aparecia entrando no avi\u00e3o e publicou no Twitter.<\/p>\n\n\n\n<p>A Pol\u00edcia Civil de Minas Gerais tamb\u00e9m confirmou a morte em uma nota: &#8220;Assim que acionada, a Pol\u00edcia Civil de Minas Gerais (PCMG) deslocou equipes da per\u00edcia criminal, de investigadores e delegados ao local dos fatos, onde realizam os primeiros levantamentos. A PCMG identificou cinco corpos no avi\u00e3o, sendo tr\u00eas \u00f3bitos incluindo o da cantora. Um dos corpos j\u00e1 est\u00e1 sendo encaminhado para Caratinga, onde legista e auxiliar de necropsia aguardam para realiza\u00e7\u00e3o de exames. Os trabalhos de pol\u00edcia judici\u00e1ria est\u00e3o em andamento e a medida que avan\u00e7arem repassaremos mais informa\u00e7\u00f5es.&#8221;<\/p>\n\n\n\n<p><strong>Informa\u00e7\u00f5es da assessoria de imprensa<\/strong><br><br><strong>Por volta das 16h30, o g1<\/strong> procurou a assessora de imprensa de <strong>Mar\u00edlia Mendon\u00e7a<\/strong>, que confirmou o acidente mas informou que a cantora e todos que estavam no avi\u00e3o j\u00e1 teriam sido resgatados e que estavam bem.<\/p>\n\n\n\n<p>O Corpo de Bombeiros n\u00e3o confirmou a informa\u00e7\u00e3o da assessoria de que todos haviam sido resgatados. Por volta das 16h50, o g1 voltou a procurar a assessoria de imprensa, que reafirmou a informa\u00e7\u00e3o de que todos tinham sido resgatados e estavam bem.<\/p>\n\n\n\n<p>Por volta das 17h15, o g1 voltou a procurar a assessora da cantora. Neste momento, ela disse que n\u00e3o estava mais conseguindo falar com o empres\u00e1rio da cantora que havia passado as informa\u00e7\u00f5es iniciais. <strong>\u00c0s 17h45, a assessoria informou em nota oficial que a cantora havia morrido.<\/strong><\/p>\n\n\n\n<p><em><strong>Quer receber as principais not\u00edcias do<\/strong>&nbsp;<strong>SE Not\u00edcias<\/strong>&nbsp;<strong>no seu<\/strong>&nbsp;<strong>WhatsApp?<\/strong>&nbsp;<strong><a href=\"https:\/\/api.whatsapp.com\/send?phone=5579991715289\">Clique aqui<\/a><\/strong>.<\/em><\/p>\n\n\n\n<p><strong><em>Acompanhe tamb\u00e9m o SE Not\u00edcias no&nbsp;<a rel=\"noreferrer noopener\" href=\"https:\/\/twitter.com\/Senoticias\" target=\"_blank\">Twitter<\/a>,&nbsp;<a rel=\"noreferrer noopener\" href=\"https:\/\/www.facebook.com\/senoticias1\" target=\"_blank\">Facebook<\/a>&nbsp;e no&nbsp;<a rel=\"noreferrer noopener\" href=\"https:\/\/www.instagram.com\/senoticias\/\" target=\"_blank\">Instagram<\/a><\/em><\/strong><\/p>\n\n\n\n<p>Fonte: G1<\/p>\n","protected":false},"excerpt":{"rendered":"<p>Mais quatro pessoas morreram na queda do avi\u00e3o: seu produtor Henrique Ribeiro, seu tio e assessor Abicieli Silveira Dias Filho, o piloto e o co-pilto do avi\u00e3o. cantora Mar\u00edlia Mendon\u00e7a, de 26 anos, e mais quatro pessoas morreram na tarde nesta sexta-feira (5) ap\u00f3s a queda de um avi\u00e3o de pequeno porte perto de uma [&hellip;]<\/p>\n","protected":false},"author":6557,"featured_media":0,"comment_status":"closed","ping_status":"closed","sticky":false,"template":"","format":"standard","meta":{"footnotes":""},"categories":[15,2961],"tags":[4321,35284,34183],"class_list":{"0":"post-130414","1":"post","2":"type-post","3":"status-publish","4":"format-standard","6":"category-destaques","7":"category-nacional","8":"tag-marilia-mendonca","9":"tag-marilia-mendonca-morre-2","10":"tag-queda-de-aviao"},"_links":{"self":[{"href":"https:\/\/senoticias.com.br\/se\/wp-json\/wp\/v2\/posts\/130414"}],"collection":[{"href":"https:\/\/senoticias.com.br\/se\/wp-json\/wp\/v2\/posts"}],"about":[{"href":"https:\/\/senoticias.com.br\/se\/wp-json\/wp\/v2\/types\/post"}],"author":[{"embeddable":true,"href":"https:\/\/senoticias.com.br\/se\/wp-json\/wp\/v2\/users\/6557"}],"replies":[{"embeddable":true,"href":"https:\/\/senoticias.com.br\/se\/wp-json\/wp\/v2\/comments?post=130414"}],"version-history":[{"count":0,"href":"https:\/\/senoticias.com.br\/se\/wp-json\/wp\/v2\/posts\/130414\/revisions"}],"wp:attachment":[{"href":"https:\/\/senoticias.com.br\/se\/wp-json\/wp\/v2\/media?parent=130414"}],"wp:term":[{"taxonomy":"category","embeddable":true,"href":"https:\/\/senoticias.com.br\/se\/wp-json\/wp\/v2\/categories?post=130414"},{"taxonomy":"post_tag","embeddable":true,"href":"https:\/\/senoticias.com.br\/se\/wp-json\/wp\/v2\/tags?post=130414"}],"curies":[{"name":"wp","href":"https:\/\/api.w.org\/{rel}","templated":true}]}}