{"id":130410,"date":"2021-11-05T16:55:43","date_gmt":"2021-11-05T19:55:43","guid":{"rendered":"https:\/\/senoticias.com.br\/se\/?p=130410"},"modified":"2021-11-06T07:37:56","modified_gmt":"2021-11-06T10:37:56","slug":"aviao-que-levava-marilia-mendonca-cai-perto-de-cachoeira-no-interior-de-mg-cantora-esta-bem-diz-assessoria","status":"publish","type":"post","link":"https:\/\/senoticias.com.br\/se\/aviao-que-levava-marilia-mendonca-cai-perto-de-cachoeira-no-interior-de-mg-cantora-esta-bem-diz-assessoria\/","title":{"rendered":"Avi\u00e3o que levava Mar\u00edlia Mendon\u00e7a cai perto de cachoeira no interior de MG; cantora est\u00e1 bem, diz assessoria"},"content":{"rendered":"\n<p>A cantora Mar\u00edlia Mendon\u00e7a estava em um avi\u00e3o de pequeno porte que caiu em uma \u00e1rea perto de uma cachoeira na serra de Caratinga, interior de Minas Gerais, nesta sexta-feira (5). A cantora Mar\u00edlia Mendon\u00e7a estava no avi\u00e3o com mais duas pessoas e est\u00e1 bem, segundo a assessoria da cantora. Ela faria um show em Caratinga.<\/p>\n\n\n\n<figure class=\"wp-block-image size-large\"><img loading=\"lazy\" decoding=\"async\" width=\"552\" height=\"414\" src=\"https:\/\/senoticias.com.br\/se\/wp-content\/uploads\/2021\/11\/Aviao-Marilia-Mendonca-SE-noticias.jpeg\" alt=\"\" class=\"wp-image-130411\" srcset=\"https:\/\/senoticias.com.br\/se\/wp-content\/uploads\/2021\/11\/Aviao-Marilia-Mendonca-SE-noticias.jpeg 552w, https:\/\/senoticias.com.br\/se\/wp-content\/uploads\/2021\/11\/Aviao-Marilia-Mendonca-SE-noticias-300x225.jpeg 300w, https:\/\/senoticias.com.br\/se\/wp-content\/uploads\/2021\/11\/Aviao-Marilia-Mendonca-SE-noticias-45x35.jpeg 45w\" sizes=\"(max-width: 552px) 100vw, 552px\" \/><figcaption>O Corpo de Bombeiros informou, \u00e0s 16h20, que as informa\u00e7\u00f5es preliminares s\u00e3o de que a aeronave tinha duas pessoas dentro, o piloto e um passageiro, e que n\u00e3o houve v\u00edtimas &#8211; Foto: Redes Sociais<\/figcaption><\/figure>\n\n\n\n<p>O Corpo de Bombeiros informou, \u00e0s 16h20, que as informa\u00e7\u00f5es preliminares s\u00e3o de que a aeronave tinha duas pessoas dentro, o piloto e um passageiro, e que ningu\u00e9m morreu. O local, na zona rural de Caratinga, \u00e9 de dif\u00edcil acesso e os bombeiros ainda n\u00e3o haviam chegado ao local at\u00e9 as 16h25.<\/p>\n\n\n\n<p>H\u00e1 forte cheio de combust\u00edvel no local, segundo relatos.<\/p>\n\n\n\n<p>A aeronave \u00e9 um bimotor Beech Aircraft, da PEC T\u00e1xi A\u00e9reo, de Goi\u00e1s, prefixo PT-ONJ, com capacidade para seis passageiros. Segundo a Anac, o avi\u00e3o est\u00e1 em situa\u00e7\u00e3o regular e tem autoriza\u00e7\u00e3o para fazer t\u00e1xi a\u00e9reo.<\/p>\n\n\n\n<p>Um hospital de Caratinga disse \u00e0s 16h30 \u00e0 reportagem que, at\u00e9 esse momento, ningu\u00e9m havia sido socorrido para o local.<\/p>\n\n\n\n<p><em><strong>Quer receber as principais not\u00edcias do<\/strong>&nbsp;<strong>SE Not\u00edcias<\/strong>&nbsp;<strong>no seu<\/strong>&nbsp;<strong>WhatsApp?<\/strong>&nbsp;<strong><a href=\"https:\/\/api.whatsapp.com\/send?phone=5579991715289\">Clique aqui<\/a><\/strong>.<\/em><\/p>\n\n\n\n<p><strong><em>Acompanhe tamb\u00e9m o SE Not\u00edcias no&nbsp;<a rel=\"noreferrer noopener\" href=\"https:\/\/twitter.com\/Senoticias\" target=\"_blank\">Twitter<\/a>,&nbsp;<a rel=\"noreferrer noopener\" href=\"https:\/\/www.facebook.com\/senoticias1\" target=\"_blank\">Facebook<\/a>&nbsp;e no&nbsp;<a rel=\"noreferrer noopener\" href=\"https:\/\/www.instagram.com\/senoticias\/\" target=\"_blank\">Instagram<\/a><\/em><\/strong><\/p>\n\n\n\n<p>Fonte: <strong><a href=\"https:\/\/g1.globo.com\/mg\/vales-mg\/noticia\/2021\/11\/05\/aviao-de-pequeno-porte-cai-perto-de-cachoeira-no-interior-de-mg-ainda-nao-ha-informacoes-sobre-feridos.ghtml\">G1 MG<\/a><\/strong><\/p>\n","protected":false},"excerpt":{"rendered":"<p>A cantora Mar\u00edlia Mendon\u00e7a estava em um avi\u00e3o de pequeno porte que caiu em uma \u00e1rea perto de uma cachoeira na serra de Caratinga, interior de Minas Gerais, nesta sexta-feira (5). A cantora Mar\u00edlia Mendon\u00e7a estava no avi\u00e3o com mais duas pessoas e est\u00e1 bem, segundo a assessoria da cantora. Ela faria um show em [&hellip;]<\/p>\n","protected":false},"author":6557,"featured_media":0,"comment_status":"closed","ping_status":"closed","sticky":false,"template":"","format":"standard","meta":{"footnotes":""},"categories":[1],"tags":[35281,35282,35280,4321],"class_list":{"0":"post-130410","1":"post","2":"type-post","3":"status-publish","4":"format-standard","6":"category-sem-categoria","7":"tag-aviao-cai","8":"tag-aviao-de-marilia-mendonca-cai","9":"tag-cantora-marilia-mendonca","10":"tag-marilia-mendonca"},"_links":{"self":[{"href":"https:\/\/senoticias.com.br\/se\/wp-json\/wp\/v2\/posts\/130410"}],"collection":[{"href":"https:\/\/senoticias.com.br\/se\/wp-json\/wp\/v2\/posts"}],"about":[{"href":"https:\/\/senoticias.com.br\/se\/wp-json\/wp\/v2\/types\/post"}],"author":[{"embeddable":true,"href":"https:\/\/senoticias.com.br\/se\/wp-json\/wp\/v2\/users\/6557"}],"replies":[{"embeddable":true,"href":"https:\/\/senoticias.com.br\/se\/wp-json\/wp\/v2\/comments?post=130410"}],"version-history":[{"count":0,"href":"https:\/\/senoticias.com.br\/se\/wp-json\/wp\/v2\/posts\/130410\/revisions"}],"wp:attachment":[{"href":"https:\/\/senoticias.com.br\/se\/wp-json\/wp\/v2\/media?parent=130410"}],"wp:term":[{"taxonomy":"category","embeddable":true,"href":"https:\/\/senoticias.com.br\/se\/wp-json\/wp\/v2\/categories?post=130410"},{"taxonomy":"post_tag","embeddable":true,"href":"https:\/\/senoticias.com.br\/se\/wp-json\/wp\/v2\/tags?post=130410"}],"curies":[{"name":"wp","href":"https:\/\/api.w.org\/{rel}","templated":true}]}}