{"id":130406,"date":"2021-11-05T14:19:29","date_gmt":"2021-11-05T17:19:29","guid":{"rendered":"https:\/\/senoticias.com.br\/se\/?p=130406"},"modified":"2021-11-05T14:19:35","modified_gmt":"2021-11-05T17:19:35","slug":"parque-da-sementeira-reabre-ao-publico-a-partir-de-segunda-feira-8","status":"publish","type":"post","link":"https:\/\/senoticias.com.br\/se\/parque-da-sementeira-reabre-ao-publico-a-partir-de-segunda-feira-8\/","title":{"rendered":"Parque da Sementeira reabre ao p\u00fablico a partir de segunda-feira, 8"},"content":{"rendered":"\n<p>A Prefeitura de Aracaju reabre o parque Governador Augusto Franco (Sementeira), no bairro Jardins, para visitantes e pr\u00e1tica de atividades f\u00edsicas e de lazer, a partir da segunda-feira, dia 8.<\/p>\n\n\n\n<figure class=\"wp-block-image size-large\"><img loading=\"lazy\" decoding=\"async\" width=\"1024\" height=\"714\" src=\"https:\/\/senoticias.com.br\/se\/wp-content\/uploads\/2021\/11\/IMG_20200829_073031_null-1024x714.jpg\" alt=\"\" class=\"wp-image-130407\"\/><figcaption>\nFoto: Felipe Goettenauer\n<\/figcaption><\/figure>\n\n\n\n<p>O presidente da Empresa Municipal de Servi\u00e7os Urbanos (Emsurb), Luiz Roberto Dantas, reiterou que a medida atende solicita\u00e7\u00e3o da popula\u00e7\u00e3o e ser\u00e1 mantida at\u00e9 que seja desmobilizada toda a estrutura do drive thru.<\/p>\n\n\n\n<p>De acordo com as informa\u00e7\u00f5es da empresa, como o espa\u00e7o ainda funciona como posto volante da vacina\u00e7\u00e3o contra a covid-19, no sistema drive-thru, os hor\u00e1rios de atendimento ao p\u00fablico, neste per\u00edodo, passar\u00e3o por adequa\u00e7\u00f5es.<\/p>\n\n\n\n<p>&#8220;De 8 a 12 de novembro, de segunda a sexta-feira, o parque estar\u00e1 dispon\u00edvel das 17h30 \u00e0s 21h30, ap\u00f3s o encerramento dos procedimentos de vacina\u00e7\u00e3o, que ocorre das 8h \u00e0s 17h. J\u00e1 no s\u00e1bado, domingo e segunda, dias 13, 14 e 15 (feriado da Proclama\u00e7\u00e3o da Rep\u00fablica), o espa\u00e7o funcionar\u00e1 das 5h at\u00e9 as 21h30\u201d, voltando ao hor\u00e1rio anterior no dia 16 e assim respectivamente\u201d, detalhou o presidente.<\/p>\n\n\n\n<p><strong>CASACOR Sergipe<\/strong><\/p>\n\n\n\n<p>Al\u00e9m da libera\u00e7\u00e3o para atividades f\u00edsicas, de 8 a 17 de dezembro, o Parque da Sementeira vai sediar a maior e mais completa mostra de arquitetura, design de interiores e paisagismo das Am\u00e9ricas: a CASACOR Sergipe sob o tema \u201cEspa\u00e7os de Cura\u201d, com exposi\u00e7\u00e3o f\u00edsica e digital sobre as novas tend\u00eancias do morar.<\/p>\n\n\n\n<p>De acordo com informa\u00e7\u00f5es da assessoria da mostra, o evento vai acontecer no formato Janelas \u2013 criado em virtude da pandemia \u2013 evolu\u00eddo e com incrementos, como \u00e1reas de gastronomia, al\u00e9m das vitrines que levam assinatura de grandes nomes da arquitetura e da decora\u00e7\u00e3o.<\/p>\n\n\n\n<p><em><strong>Quer receber as principais not\u00edcias do<\/strong>&nbsp;<strong>SE Not\u00edcias<\/strong>&nbsp;<strong>no seu<\/strong>&nbsp;<strong>WhatsApp?<\/strong>&nbsp;<strong><a href=\"https:\/\/api.whatsapp.com\/send?phone=5579991715289\">Clique aqui<\/a><\/strong>.<\/em><\/p>\n\n\n\n<p><strong><em>Acompanhe tamb\u00e9m o SE Not\u00edcias no&nbsp;<a rel=\"noreferrer noopener\" href=\"https:\/\/twitter.com\/Senoticias\" target=\"_blank\">Twitter<\/a>,&nbsp;<a rel=\"noreferrer noopener\" href=\"https:\/\/www.facebook.com\/senoticias1\" target=\"_blank\">Facebook<\/a>&nbsp;e no&nbsp;<a rel=\"noreferrer noopener\" href=\"https:\/\/www.instagram.com\/senoticias\/\" target=\"_blank\">Instagram<\/a><\/em><\/strong><\/p>\n\n\n\n<p>Fonte: Assessoria de Rela\u00e7\u00f5es Institucionais e Comunica\u00e7\u00e3o da Emsurb<\/p>\n","protected":false},"excerpt":{"rendered":"<p>A Prefeitura de Aracaju reabre o parque Governador Augusto Franco (Sementeira), no bairro Jardins, para visitantes e pr\u00e1tica de atividades f\u00edsicas e de lazer, a partir da segunda-feira, dia 8. O presidente da Empresa Municipal de Servi\u00e7os Urbanos (Emsurb), Luiz Roberto Dantas, reiterou que a medida atende solicita\u00e7\u00e3o da popula\u00e7\u00e3o e ser\u00e1 mantida at\u00e9 que [&hellip;]<\/p>\n","protected":false},"author":6557,"featured_media":0,"comment_status":"closed","ping_status":"closed","sticky":false,"template":"","format":"standard","meta":{"footnotes":""},"categories":[15,21],"tags":[3078,3749,213],"class_list":{"0":"post-130406","1":"post","2":"type-post","3":"status-publish","4":"format-standard","6":"category-destaques","7":"category-entretenimento","8":"tag-emsurb","9":"tag-parque-da-sementeira","10":"tag-prefeitura-de-aracaju"},"_links":{"self":[{"href":"https:\/\/senoticias.com.br\/se\/wp-json\/wp\/v2\/posts\/130406"}],"collection":[{"href":"https:\/\/senoticias.com.br\/se\/wp-json\/wp\/v2\/posts"}],"about":[{"href":"https:\/\/senoticias.com.br\/se\/wp-json\/wp\/v2\/types\/post"}],"author":[{"embeddable":true,"href":"https:\/\/senoticias.com.br\/se\/wp-json\/wp\/v2\/users\/6557"}],"replies":[{"embeddable":true,"href":"https:\/\/senoticias.com.br\/se\/wp-json\/wp\/v2\/comments?post=130406"}],"version-history":[{"count":0,"href":"https:\/\/senoticias.com.br\/se\/wp-json\/wp\/v2\/posts\/130406\/revisions"}],"wp:attachment":[{"href":"https:\/\/senoticias.com.br\/se\/wp-json\/wp\/v2\/media?parent=130406"}],"wp:term":[{"taxonomy":"category","embeddable":true,"href":"https:\/\/senoticias.com.br\/se\/wp-json\/wp\/v2\/categories?post=130406"},{"taxonomy":"post_tag","embeddable":true,"href":"https:\/\/senoticias.com.br\/se\/wp-json\/wp\/v2\/tags?post=130406"}],"curies":[{"name":"wp","href":"https:\/\/api.w.org\/{rel}","templated":true}]}}