{"id":130392,"date":"2021-11-04T14:35:42","date_gmt":"2021-11-04T17:35:42","guid":{"rendered":"https:\/\/senoticias.com.br\/se\/?p=130392"},"modified":"2021-11-04T21:21:05","modified_gmt":"2021-11-05T00:21:05","slug":"policia-investiga-caso-em-que-gravida-teve-60-do-corpo-queimado-em-aracaju-companheiro-e-o-principal-suspeito","status":"publish","type":"post","link":"https:\/\/senoticias.com.br\/se\/policia-investiga-caso-em-que-gravida-teve-60-do-corpo-queimado-em-aracaju-companheiro-e-o-principal-suspeito\/","title":{"rendered":"Pol\u00edcia investiga caso em que gr\u00e1vida teve 60% do corpo queimado em Aracaju; companheiro \u00e9 o principal suspeito"},"content":{"rendered":"\n<p>A <strong>Pol\u00edcia Civil <\/strong>est\u00e1 investigando o caso de uma mulher de 18 anos, gr\u00e1vida de seis meses, que foi agredida e teve 60% do corpo queimado. O suspeito \u00e9 o companheiro. O caso ocorreu no dia 7 de outubro, no Bairro Coroa do Meio, em Aracaju, e gerou repercuss\u00e3o ap\u00f3s um perfil ser criado em uma rede social.<\/p>\n\n\n\n<p>De acordo com as informa\u00e7\u00f5es fornecidas pelo perfil virtual, Emilly Rione vivia num relacionado abuso h\u00e1 alguns meses, com casos de agress\u00f5es f\u00edsicas e psicol\u00f3gicas recorrentes.<\/p>\n\n\n\n<p>\u201cUm dia resolvi dar um basta na rela\u00e7\u00e3o e voltar a morar com os meus pais, por\u00e9m, mesmo estando gr\u00e1vida de 5 meses de uma filha que tamb\u00e9m \u00e9 dele, ele ateou fogo no meu corpo em uma covarde tentativa de me matar e matar a nossa filha\u201d, diz um trecho do que foi relatado.<\/p>\n\n\n\n<p>Ainda segundo a publica\u00e7\u00e3o, o objetivo de divulgar o caso \u00e9 para continuar a busca por justi\u00e7a. \u201cJ\u00e1 se passou quase um m\u00eas que sofri esse crime e nada foi feito. \u00c9 triste que al\u00e9m de passar por uma trag\u00e9dia t\u00e3o brutal como essa eu (v\u00edtima) precise me expor para que algo seja feito\u201d, destaca Emilly.<\/p>\n\n\n\n<p>Em nota, a Secretaria de Seguran\u00e7a P\u00fablica (SSP) informou que todas as medidas no \u00e2mbito da Delegacia Especial da Mulher j\u00e1 foram tomadas junto ao Minist\u00e9rio P\u00fablico e Poder Judici\u00e1rio. \u201cA partir do registro do boletim de ocorr\u00eancia, dilig\u00eancias foram realizadas, per\u00edcias requisitadas e v\u00e1rios depoimentos j\u00e1 foram colhidos\u201d, relata.<\/p>\n\n\n\n<p>As investiga\u00e7\u00f5es continuam em andamento no Departamento de Atendimento a Grupos Vulner\u00e1veis (DAGV).<\/p>\n\n\n\n<p><em><strong>Quer receber as principais not\u00edcias do<\/strong>&nbsp;<strong>SE Not\u00edcias<\/strong>&nbsp;<strong>no seu<\/strong>&nbsp;<strong>WhatsApp?<\/strong>&nbsp;<strong><a href=\"https:\/\/api.whatsapp.com\/send?phone=5579991715289\">Clique aqui<\/a><\/strong>.<\/em><\/p>\n\n\n\n<p><strong><em>Acompanhe tamb\u00e9m o SE Not\u00edcias no&nbsp;<a rel=\"noreferrer noopener\" href=\"https:\/\/twitter.com\/Senoticias\" target=\"_blank\">Twitter<\/a>,&nbsp;<a rel=\"noreferrer noopener\" href=\"https:\/\/www.facebook.com\/senoticias1\" target=\"_blank\">Facebook<\/a>&nbsp;e no&nbsp;<a rel=\"noreferrer noopener\" href=\"https:\/\/www.instagram.com\/senoticias\/\" target=\"_blank\">Instagram<\/a><\/em><\/strong><\/p>\n\n\n\n<p>Com informa\u00e7\u00f5es do jornalista Jo\u00e3o Paulo Schneider, do portal Infonet<\/p>\n","protected":false},"excerpt":{"rendered":"<p>A Pol\u00edcia Civil est\u00e1 investigando o caso de uma mulher de 18 anos, gr\u00e1vida de seis meses, que foi agredida e teve 60% do corpo queimado. O suspeito \u00e9 o companheiro. O caso ocorreu no dia 7 de outubro, no Bairro Coroa do Meio, em Aracaju, e gerou repercuss\u00e3o ap\u00f3s um perfil ser criado em [&hellip;]<\/p>\n","protected":false},"author":6557,"featured_media":130393,"comment_status":"closed","ping_status":"closed","sticky":false,"template":"","format":"standard","meta":{"footnotes":""},"categories":[15,7],"tags":[35270,35271,78],"class_list":{"0":"post-130392","1":"post","2":"type-post","3":"status-publish","4":"format-standard","5":"has-post-thumbnail","7":"category-destaques","8":"category-policia","9":"tag-corpo-queimado","10":"tag-o-suspeito-e-o-companheiro","11":"tag-policia-civil"},"_links":{"self":[{"href":"https:\/\/senoticias.com.br\/se\/wp-json\/wp\/v2\/posts\/130392"}],"collection":[{"href":"https:\/\/senoticias.com.br\/se\/wp-json\/wp\/v2\/posts"}],"about":[{"href":"https:\/\/senoticias.com.br\/se\/wp-json\/wp\/v2\/types\/post"}],"author":[{"embeddable":true,"href":"https:\/\/senoticias.com.br\/se\/wp-json\/wp\/v2\/users\/6557"}],"replies":[{"embeddable":true,"href":"https:\/\/senoticias.com.br\/se\/wp-json\/wp\/v2\/comments?post=130392"}],"version-history":[{"count":0,"href":"https:\/\/senoticias.com.br\/se\/wp-json\/wp\/v2\/posts\/130392\/revisions"}],"wp:featuredmedia":[{"embeddable":true,"href":"https:\/\/senoticias.com.br\/se\/wp-json\/wp\/v2\/media\/130393"}],"wp:attachment":[{"href":"https:\/\/senoticias.com.br\/se\/wp-json\/wp\/v2\/media?parent=130392"}],"wp:term":[{"taxonomy":"category","embeddable":true,"href":"https:\/\/senoticias.com.br\/se\/wp-json\/wp\/v2\/categories?post=130392"},{"taxonomy":"post_tag","embeddable":true,"href":"https:\/\/senoticias.com.br\/se\/wp-json\/wp\/v2\/tags?post=130392"}],"curies":[{"name":"wp","href":"https:\/\/api.w.org\/{rel}","templated":true}]}}