{"id":130377,"date":"2021-11-03T12:56:19","date_gmt":"2021-11-03T15:56:19","guid":{"rendered":"https:\/\/senoticias.com.br\/se\/?p=130377"},"modified":"2021-11-03T12:56:26","modified_gmt":"2021-11-03T15:56:26","slug":"aracaju-moto-fest-sera-realizado-de-12-a-15-de-novembro","status":"publish","type":"post","link":"https:\/\/senoticias.com.br\/se\/aracaju-moto-fest-sera-realizado-de-12-a-15-de-novembro\/","title":{"rendered":"Aracaju Moto Fest ser\u00e1 realizado de 12 a 15 de novembro"},"content":{"rendered":"\n<p>Ap\u00f3s dois anos, o Aracaju Moto Fest est\u00e1 de volta. De 12 a 15 de novembro na Orla da Atalaia e seguindo todas as normas sanit\u00e1rias do per\u00edodo, acontece a 19\u00aa edi\u00e7\u00e3o de um dos maiores encontros de motociclistas do nordeste. Ser\u00e3o quatro dias com estandes de motoclubes, lojistas, expositores, concession\u00e1rias, patrocinadores, food trucks e as tradicionais atra\u00e7\u00f5es musicais que embalam as noites do evento. A entrada ser\u00e1 a doa\u00e7\u00e3o de 1 kg de alimento n\u00e3o perec\u00edvel e o evento inicia a partir das 18 horas em todos os dias.<\/p>\n\n\n\n<figure class=\"wp-block-image size-large\"><img loading=\"lazy\" decoding=\"async\" width=\"599\" height=\"375\" src=\"https:\/\/senoticias.com.br\/se\/wp-content\/uploads\/2021\/11\/WhatsApp-Image-2021-11-03-at-11.30.13-e1635954935936.jpeg\" alt=\"\" class=\"wp-image-130378\"\/><figcaption>\nEvento acontece do dia 12 ao dia 15\/11 na Orla de Atalaia. &#8211; Foto: Divulga\u00e7\u00e3o\/evento\n\n<\/figcaption><\/figure>\n\n\n\n<p>O tradicional evento \u201cAracaju Moto Fest\u201d est\u00e1 no calend\u00e1rio sergipano h\u00e1 duas d\u00e9cadas e este ano comemora a marca de 20 anos reunindo os amantes praticantes do motociclismo e o p\u00fablico apaixonado por motos que pode conferir de perto belos exemplares do que h\u00e1 de melhor no mundo das duas rodas. Um evento de entretenimento para toda a fam\u00edlia que movimenta a economia e o turismo sergipano.<\/p>\n\n\n\n<p><em><strong>Quer receber as principais not\u00edcias do<\/strong>&nbsp;<strong>SE Not\u00edcias<\/strong>&nbsp;<strong>no seu<\/strong>&nbsp;<strong>WhatsApp?<\/strong>&nbsp;<strong><a href=\"https:\/\/api.whatsapp.com\/send?phone=5579991715289\">Clique aqui<\/a><\/strong>.<\/em><\/p>\n\n\n\n<p><strong><em>Acompanhe tamb\u00e9m o SE Not\u00edcias no&nbsp;<a rel=\"noreferrer noopener\" href=\"https:\/\/twitter.com\/Senoticias\" target=\"_blank\">Twitter<\/a>,&nbsp;<a rel=\"noreferrer noopener\" href=\"https:\/\/www.facebook.com\/senoticias1\" target=\"_blank\">Facebook<\/a>&nbsp;e no&nbsp;<a rel=\"noreferrer noopener\" href=\"https:\/\/www.instagram.com\/senoticias\/\" target=\"_blank\">Instagram<\/a><\/em><\/strong><\/p>\n\n\n\n<p>Fonte: Ascom\/Aracaju MotoFest<\/p>\n","protected":false},"excerpt":{"rendered":"<p>Ap\u00f3s dois anos, o Aracaju Moto Fest est\u00e1 de volta. De 12 a 15 de novembro na Orla da Atalaia e seguindo todas as normas sanit\u00e1rias do per\u00edodo, acontece a 19\u00aa edi\u00e7\u00e3o de um dos maiores encontros de motociclistas do nordeste. Ser\u00e3o quatro dias com estandes de motoclubes, lojistas, expositores, concession\u00e1rias, patrocinadores, food trucks e [&hellip;]<\/p>\n","protected":false},"author":6557,"featured_media":0,"comment_status":"closed","ping_status":"closed","sticky":false,"template":"","format":"standard","meta":{"footnotes":""},"categories":[15,21],"tags":[11090,6575,3707],"class_list":{"0":"post-130377","1":"post","2":"type-post","3":"status-publish","4":"format-standard","6":"category-destaques","7":"category-entretenimento","8":"tag-aracaju-moto-fest","9":"tag-eventos","10":"tag-motociclista"},"_links":{"self":[{"href":"https:\/\/senoticias.com.br\/se\/wp-json\/wp\/v2\/posts\/130377"}],"collection":[{"href":"https:\/\/senoticias.com.br\/se\/wp-json\/wp\/v2\/posts"}],"about":[{"href":"https:\/\/senoticias.com.br\/se\/wp-json\/wp\/v2\/types\/post"}],"author":[{"embeddable":true,"href":"https:\/\/senoticias.com.br\/se\/wp-json\/wp\/v2\/users\/6557"}],"replies":[{"embeddable":true,"href":"https:\/\/senoticias.com.br\/se\/wp-json\/wp\/v2\/comments?post=130377"}],"version-history":[{"count":0,"href":"https:\/\/senoticias.com.br\/se\/wp-json\/wp\/v2\/posts\/130377\/revisions"}],"wp:attachment":[{"href":"https:\/\/senoticias.com.br\/se\/wp-json\/wp\/v2\/media?parent=130377"}],"wp:term":[{"taxonomy":"category","embeddable":true,"href":"https:\/\/senoticias.com.br\/se\/wp-json\/wp\/v2\/categories?post=130377"},{"taxonomy":"post_tag","embeddable":true,"href":"https:\/\/senoticias.com.br\/se\/wp-json\/wp\/v2\/tags?post=130377"}],"curies":[{"name":"wp","href":"https:\/\/api.w.org\/{rel}","templated":true}]}}