{"id":130332,"date":"2021-10-28T09:17:38","date_gmt":"2021-10-28T12:17:38","guid":{"rendered":"https:\/\/senoticias.com.br\/se\/?p=130332"},"modified":"2021-10-28T10:42:02","modified_gmt":"2021-10-28T13:42:02","slug":"camara-dos-deputados-aprova-auxilio-gas-para-familias-carentes","status":"publish","type":"post","link":"https:\/\/senoticias.com.br\/se\/camara-dos-deputados-aprova-auxilio-gas-para-familias-carentes\/","title":{"rendered":"C\u00e2mara dos Deputados aprova aux\u00edlio g\u00e1s para fam\u00edlias carentes"},"content":{"rendered":"\n<p>A C\u00e2mara dos Deputados aprovou nesta quarta-feira (27) a proposta que cria o Programa G\u00e1s para os Brasileiros, o chamado aux\u00edlio g\u00e1s. A medida vai subsidiar o pre\u00e7o do g\u00e1s de cozinha para fam\u00edlias de baixa renda. O texto prev\u00ea que cada fam\u00edlia receba, a cada dois meses, o equivalente a 40% do pre\u00e7o do botij\u00e3o de g\u00e1s. A mat\u00e9ria segue para san\u00e7\u00e3o presidencial.<\/p>\n\n\n\n<figure class=\"wp-block-image size-large\"><img loading=\"lazy\" decoding=\"async\" width=\"1024\" height=\"613\" src=\"https:\/\/senoticias.com.br\/se\/wp-content\/uploads\/2021\/10\/gas-senoticias-1024x613.jpg\" alt=\"\" class=\"wp-image-130333\"\/><figcaption> Mat\u00e9ria segue para san\u00e7\u00e3o presidencial &#8211; Foto:  Marcello Casal\/Ag\u00eancia Brasil <\/figcaption><\/figure>\n\n\n\n<p>Ser\u00e3o beneficiadas fam\u00edlias inscritas no Cadastro \u00danico para Programas Sociais do Governo Federal (Cad\u00danico), com renda familiar mensal per capita menor ou igual a meio sal\u00e1rio-m\u00ednimo, ou que morem na mesma casa de benefici\u00e1rio do Benef\u00edcio de Presta\u00e7\u00e3o Continuada (BPC).<\/p>\n\n\n\n<p>O aux\u00edlio ser\u00e1 concedido preferencialmente \u00e0s fam\u00edlias com mulheres v\u00edtimas de viol\u00eancia dom\u00e9stica sob o monitoramento de medidas protetivas de urg\u00eancia. A prefer\u00eancia de pagamento ser\u00e1 para a mulher respons\u00e1vel pela fam\u00edlia.<\/p>\n\n\n\n<p>O programa ser\u00e1 financiado com recursos dos royalties pertencentes \u00e0 Uni\u00e3o na produ\u00e7\u00e3o de petr\u00f3leo e g\u00e1s natural sob o regime de partilha de produ\u00e7\u00e3o, de parte da venda do excedente em \u00f3leo da Uni\u00e3o e b\u00f4nus de assinatura nas licita\u00e7\u00f5es de \u00e1reas para a explora\u00e7\u00e3o de petr\u00f3leo e de g\u00e1s natural. Al\u00e9m disso, ser\u00e3o utilizados outros recursos que venham a ser previstos no Or\u00e7amento Geral da Uni\u00e3o e dividendos da Petrobras pagos ao Tesouro Nacional.<\/p>\n\n\n\n<p>A proposta mant\u00e9m como uma das fontes de financiamento dessa ajuda a parte do montante que cabe \u00e0 Uni\u00e3o da Contribui\u00e7\u00e3o de Interven\u00e7\u00e3o no Dom\u00ednio Econ\u00f4mico (Cide-combust\u00edveis), que passar\u00e1 a incidir sobre o botij\u00e3o de g\u00e1s de 13 quilos. O trecho havia sido retirado pelos senadores, mas foi retomado na vota\u00e7\u00e3o desta quarta-feira.<\/p>\n\n\n\n<p>Segundo o relator, deputado Christino Aureo (PP-RJ), o benef\u00edcio ter\u00e1 um custo de cerca de R$ 592 milh\u00f5es e poder\u00e1 atender dois milh\u00f5es de fam\u00edlias do Cad\u00danico. Os valores que ser\u00e3o usados da al\u00edquota adicional da Cide equivalem ao que o governo deixou de cobrar de PIS\/Cofins, desde mar\u00e7o deste ano. O pagamento ser\u00e1 bimestral, por cinco anos, contados a partir da abertura dos cr\u00e9ditos or\u00e7ament\u00e1rios necess\u00e1rios.<\/p>\n\n\n\n<p><em><strong>Quer receber as principais not\u00edcias do<\/strong>&nbsp;<strong>SE Not\u00edcias<\/strong>&nbsp;<strong>no seu<\/strong>&nbsp;<strong>WhatsApp?<\/strong>&nbsp;<strong><a href=\"https:\/\/api.whatsapp.com\/send?phone=5579991715289\">Clique aqui<\/a><\/strong>.<\/em><\/p>\n\n\n\n<p><strong><em>Acompanhe tamb\u00e9m o SE Not\u00edcias no&nbsp;<a rel=\"noreferrer noopener\" href=\"https:\/\/twitter.com\/Senoticias\" target=\"_blank\">Twitter<\/a>,&nbsp;<a rel=\"noreferrer noopener\" href=\"https:\/\/www.facebook.com\/senoticias1\" target=\"_blank\">Facebook<\/a>&nbsp;e no&nbsp;<a rel=\"noreferrer noopener\" href=\"https:\/\/www.instagram.com\/senoticias\/\" target=\"_blank\">Instagram<\/a><\/em><\/strong><\/p>\n\n\n\n<p>Fonte: Ag\u00eancia Brasil<\/p>\n","protected":false},"excerpt":{"rendered":"<p>A C\u00e2mara dos Deputados aprovou nesta quarta-feira (27) a proposta que cria o Programa G\u00e1s para os Brasileiros, o chamado aux\u00edlio g\u00e1s. A medida vai subsidiar o pre\u00e7o do g\u00e1s de cozinha para fam\u00edlias de baixa renda. O texto prev\u00ea que cada fam\u00edlia receba, a cada dois meses, o equivalente a 40% do pre\u00e7o do [&hellip;]<\/p>\n","protected":false},"author":6557,"featured_media":0,"comment_status":"closed","ping_status":"closed","sticky":false,"template":"","format":"standard","meta":{"footnotes":""},"categories":[15,2961],"tags":[35234,899,35235],"class_list":{"0":"post-130332","1":"post","2":"type-post","3":"status-publish","4":"format-standard","6":"category-destaques","7":"category-nacional","8":"tag-auxilio-gas","9":"tag-camara-dos-deputados","10":"tag-familias-carentes"},"_links":{"self":[{"href":"https:\/\/senoticias.com.br\/se\/wp-json\/wp\/v2\/posts\/130332"}],"collection":[{"href":"https:\/\/senoticias.com.br\/se\/wp-json\/wp\/v2\/posts"}],"about":[{"href":"https:\/\/senoticias.com.br\/se\/wp-json\/wp\/v2\/types\/post"}],"author":[{"embeddable":true,"href":"https:\/\/senoticias.com.br\/se\/wp-json\/wp\/v2\/users\/6557"}],"replies":[{"embeddable":true,"href":"https:\/\/senoticias.com.br\/se\/wp-json\/wp\/v2\/comments?post=130332"}],"version-history":[{"count":0,"href":"https:\/\/senoticias.com.br\/se\/wp-json\/wp\/v2\/posts\/130332\/revisions"}],"wp:attachment":[{"href":"https:\/\/senoticias.com.br\/se\/wp-json\/wp\/v2\/media?parent=130332"}],"wp:term":[{"taxonomy":"category","embeddable":true,"href":"https:\/\/senoticias.com.br\/se\/wp-json\/wp\/v2\/categories?post=130332"},{"taxonomy":"post_tag","embeddable":true,"href":"https:\/\/senoticias.com.br\/se\/wp-json\/wp\/v2\/tags?post=130332"}],"curies":[{"name":"wp","href":"https:\/\/api.w.org\/{rel}","templated":true}]}}