{"id":130265,"date":"2021-10-22T14:59:36","date_gmt":"2021-10-22T17:59:36","guid":{"rendered":"https:\/\/senoticias.com.br\/se\/?p=130265"},"modified":"2021-10-22T15:01:43","modified_gmt":"2021-10-22T18:01:43","slug":"tribunal-de-contas-do-estado-emite-parecer-pela-aprovacao-das-contas-da-prefeitura-de-sao-cristovao-referentes-a-2020","status":"publish","type":"post","link":"https:\/\/senoticias.com.br\/se\/tribunal-de-contas-do-estado-emite-parecer-pela-aprovacao-das-contas-da-prefeitura-de-sao-cristovao-referentes-a-2020\/","title":{"rendered":"Tribunal de Contas do Estado emite parecer pela aprova\u00e7\u00e3o das contas da Prefeitura de S\u00e3o Crist\u00f3v\u00e3o referentes a 2020"},"content":{"rendered":"\n<p>O Tribunal de Contas do Estado de Sergipe (TCE) realizou na manh\u00e3 da \u00faltima quinta-feira (21), a sess\u00e3o do Pleno em que foi emitido de parecer recomendando a aprova\u00e7\u00e3o das contas de governo da Prefeitura Municipal de S\u00e3o Crist\u00f3v\u00e3o, relativas ao exerc\u00edcio financeiro de 2020. A relatoria do processo foi realizada pelo conselheiro-substituto Alexandre Lessa, e a aprova\u00e7\u00e3o ocorreu sem ressalvas.<\/p>\n\n\n\n<figure class=\"wp-block-image size-large\"><img loading=\"lazy\" decoding=\"async\" width=\"599\" height=\"321\" src=\"https:\/\/senoticias.com.br\/se\/wp-content\/uploads\/2021\/10\/Marcos-Santana-prefeito-SE-Noticias.jpeg\" alt=\"\" class=\"wp-image-130266\" srcset=\"https:\/\/senoticias.com.br\/se\/wp-content\/uploads\/2021\/10\/Marcos-Santana-prefeito-SE-Noticias.jpeg 599w, https:\/\/senoticias.com.br\/se\/wp-content\/uploads\/2021\/10\/Marcos-Santana-prefeito-SE-Noticias-300x161.jpeg 300w\" sizes=\"(max-width: 599px) 100vw, 599px\" \/><figcaption>O prefeito de S\u00e3o Crist\u00f3v\u00e3o, Marcos Santana, recebeu com alegria a informa\u00e7\u00e3o da aprova\u00e7\u00e3o das contas &#8211; Foto: Cleverton Ribeiro\/TCE<\/figcaption><\/figure>\n\n\n\n<p>Com a emiss\u00e3o do parecer relativo a 2020, a gest\u00e3o municipal chega ao quarto ano com as contas bem avaliadas pelo TCE. Anteriormente o \u00f3rg\u00e3o j\u00e1 havia emitido parecer referente aos anos de 2017, 2018 e 2019, fechando assim o ciclo da primeira gest\u00e3o conduzida pelo prefeito Marcos Santana.<\/p>\n\n\n\n<p>O prefeito de S\u00e3o Crist\u00f3v\u00e3o, Marcos Santana, recebeu com alegria a informa\u00e7\u00e3o da aprova\u00e7\u00e3o das contas. \u201cFico muito feliz e tamb\u00e9m tranquilo, porque \u00e9 a minha vida que est\u00e1 em jogo. \u00c9 uma obriga\u00e7\u00e3o do gestor ter as contas aprovadas,elas s\u00e3o o resultado daquilo que fizemos, e isso mostra que fizemos de maneira correta\u201d, declarou o gestor do munic\u00edpio.<\/p>\n\n\n\n<p>Conforme explicou o secret\u00e1rio da Fazenda, Eldro Fran\u00e7a, o parecer emitido pelo TCE exprime se o Balan\u00e7o Geral do munic\u00edpio representa adequadamente as posi\u00e7\u00f5es financeira, or\u00e7ament\u00e1ria, cont\u00e1bil e patrimonial do ente federado no encerramento do exerc\u00edcio, bem como se a gest\u00e3o dos recursos p\u00fablicos observou os princ\u00edpios e normas constitucionais e legais que regem a administra\u00e7\u00e3o p\u00fablica municipal.<\/p>\n\n\n\n<p>\u201cEsse parecer pr\u00e9vio revela que o munic\u00edpio cumpriu o or\u00e7amento, o plano de governo, os programas governamentais, demonstram os n\u00edveis de endividamento, o atender aos limites de gasto m\u00ednimo e m\u00e1ximo previstos no ordenamento para sa\u00fade, educa\u00e7\u00e3o, gastos com pessoal\u201d, explicou o secret\u00e1rio da Fazenda.<\/p>\n\n\n\n<p>O secret\u00e1rio de controle interno, Su\u00eanio Walttemberg, detalhou que o exerc\u00edcio de 2020 de S\u00e3o Crist\u00f3v\u00e3o passou por uma avalia\u00e7\u00e3o diferente dos \u00faltimos anos em raz\u00e3o da pandemia da Covid-19. \u201cToda a gest\u00e3o teve que se adaptar \u00e0s atualiza\u00e7\u00f5es legislativas e as de gest\u00e3o por conta da Lei Complementar 173, que trata sobre o controle de gastos na pandemia. A an\u00e1lise do Tribunal de Contas neste ano foi feita analisando este aspecto e neste sentido todas as nossas contas foram aprovadas sem nenhuma ressalva\u201d, afirmou Su\u00eanio.<strong>\u00a0<\/strong><\/p>\n\n\n\n<p><em><strong>Quer receber as principais not\u00edcias do<\/strong>&nbsp;<strong>SE Not\u00edcias<\/strong>&nbsp;<strong>no seu<\/strong>&nbsp;<strong>WhatsApp?<\/strong>&nbsp;<strong><a href=\"https:\/\/api.whatsapp.com\/send?phone=5579991715289\">Clique aqui<\/a><\/strong>.<\/em><\/p>\n\n\n\n<p><strong><em>Acompanhe tamb\u00e9m o SE Not\u00edcias no\u00a0<a rel=\"noreferrer noopener\" href=\"https:\/\/twitter.com\/Senoticias\" target=\"_blank\">Twitter<\/a>,\u00a0<a rel=\"noreferrer noopener\" href=\"https:\/\/www.facebook.com\/senoticias1\" target=\"_blank\">Facebook<\/a>\u00a0e no\u00a0<a rel=\"noreferrer noopener\" href=\"https:\/\/www.instagram.com\/senoticias\/\" target=\"_blank\">Instagram<\/a><\/em><\/strong><\/p>\n\n\n\n<p>Fonte: ascom\/PMSC<\/p>\n","protected":false},"excerpt":{"rendered":"<p>O Tribunal de Contas do Estado de Sergipe (TCE) realizou na manh\u00e3 da \u00faltima quinta-feira (21), a sess\u00e3o do Pleno em que foi emitido de parecer recomendando a aprova\u00e7\u00e3o das contas de governo da Prefeitura Municipal de S\u00e3o Crist\u00f3v\u00e3o, relativas ao exerc\u00edcio financeiro de 2020. A relatoria do processo foi realizada pelo conselheiro-substituto Alexandre Lessa, [&hellip;]<\/p>\n","protected":false},"author":6557,"featured_media":0,"comment_status":"closed","ping_status":"closed","sticky":false,"template":"","format":"standard","meta":{"footnotes":""},"categories":[15,38],"tags":[9569,1498,4589,529,569],"class_list":{"0":"post-130265","1":"post","2":"type-post","3":"status-publish","4":"format-standard","6":"category-destaques","7":"category-municipios","8":"tag-cidade-mae-de-sergipe","9":"tag-marcos-santana","10":"tag-prefeito-marcos-santana","11":"tag-tce","12":"tag-tribunal-de-contas-do-estado-tce"},"_links":{"self":[{"href":"https:\/\/senoticias.com.br\/se\/wp-json\/wp\/v2\/posts\/130265"}],"collection":[{"href":"https:\/\/senoticias.com.br\/se\/wp-json\/wp\/v2\/posts"}],"about":[{"href":"https:\/\/senoticias.com.br\/se\/wp-json\/wp\/v2\/types\/post"}],"author":[{"embeddable":true,"href":"https:\/\/senoticias.com.br\/se\/wp-json\/wp\/v2\/users\/6557"}],"replies":[{"embeddable":true,"href":"https:\/\/senoticias.com.br\/se\/wp-json\/wp\/v2\/comments?post=130265"}],"version-history":[{"count":0,"href":"https:\/\/senoticias.com.br\/se\/wp-json\/wp\/v2\/posts\/130265\/revisions"}],"wp:attachment":[{"href":"https:\/\/senoticias.com.br\/se\/wp-json\/wp\/v2\/media?parent=130265"}],"wp:term":[{"taxonomy":"category","embeddable":true,"href":"https:\/\/senoticias.com.br\/se\/wp-json\/wp\/v2\/categories?post=130265"},{"taxonomy":"post_tag","embeddable":true,"href":"https:\/\/senoticias.com.br\/se\/wp-json\/wp\/v2\/tags?post=130265"}],"curies":[{"name":"wp","href":"https:\/\/api.w.org\/{rel}","templated":true}]}}