{"id":130254,"date":"2021-10-21T22:44:15","date_gmt":"2021-10-22T01:44:15","guid":{"rendered":"https:\/\/senoticias.com.br\/se\/?p=130254"},"modified":"2021-10-21T22:44:34","modified_gmt":"2021-10-22T01:44:34","slug":"sexta-feira-sera-de-chuvas-em-sergipe-informa-serhma","status":"publish","type":"post","link":"https:\/\/senoticias.com.br\/se\/sexta-feira-sera-de-chuvas-em-sergipe-informa-serhma\/","title":{"rendered":"Sexta-feira ser\u00e1 de chuvas em Sergipe, informa Serhma"},"content":{"rendered":"\n<p><\/p>\n\n\n\n<p>Como consequ\u00eancia de um escoamento de sistema frontal que, no momento, est\u00e1 sobre o estado da Bahia, chuvas semelhantes \u00e0s que ocorreram no \u00faltimo s\u00e1bado, 16, podem ocorrer a partir da madrugada desta sexta-feira, 22, em todo o estado, com predomin\u00e2ncia no Litoral Sul e Territ\u00f3rios Sul e Centro Sul sergipanos.<\/p>\n\n\n\n<figure class=\"wp-block-image size-large\"><img loading=\"lazy\" decoding=\"async\" width=\"586\" height=\"446\" src=\"https:\/\/senoticias.com.br\/se\/wp-content\/uploads\/2021\/07\/Chuvas-SE-Noticias.jpg\" alt=\"\" class=\"wp-image-128759\" srcset=\"https:\/\/senoticias.com.br\/se\/wp-content\/uploads\/2021\/07\/Chuvas-SE-Noticias.jpg 586w, https:\/\/senoticias.com.br\/se\/wp-content\/uploads\/2021\/07\/Chuvas-SE-Noticias-300x228.jpg 300w, https:\/\/senoticias.com.br\/se\/wp-content\/uploads\/2021\/07\/Chuvas-SE-Noticias-45x35.jpg 45w\" sizes=\"(max-width: 586px) 100vw, 586px\" \/><figcaption> Precipita\u00e7\u00f5es ser\u00e3o semelhantes \u00e0s ocorridas no \u00faltimo s\u00e1bado, 16 &#8211; Foto: arquivo\/SE Not\u00edcias<\/figcaption><\/figure>\n\n\n\n<p>Segundo informa\u00e7\u00f5es da Coordenadoria de Meteorologia e Mudan\u00e7as Clim\u00e1ticas (CMT), da Superintend\u00eancia Especial de Recursos H\u00eddricos e Meio Ambiente (Serhma), as precipita\u00e7\u00f5es ter\u00e3o in\u00edcio a partir da madrugada e perdurar\u00e3o durante os per\u00edodos da manh\u00e3 e tarde, podendo chegar de 10 a 15mm nas pr\u00f3ximas 48 horas.<\/p>\n\n\n\n<p>As temperaturas poder\u00e3o variar entre 24\u00baC m\u00ednima e 33\u00baC m\u00e1xima, e o ventos atingir\u00e3o 9 km\/h. Mais informa\u00e7\u00f5es sobre a previs\u00e3o do tempo, podem ser encontradas no portal de Recursos H\u00eddricos da Sedurbs\/SE, no campo \u2018Seguran\u00e7a H\u00eddrica\u2019.<\/p>\n\n\n\n<p><em><strong>Quer receber as principais not\u00edcias do<\/strong>&nbsp;<strong>SE Not\u00edcias<\/strong>&nbsp;<strong>no seu<\/strong>&nbsp;<strong>WhatsApp?<\/strong>&nbsp;<strong><a href=\"https:\/\/api.whatsapp.com\/send?phone=5579991715289\">Clique aqui<\/a><\/strong>.<\/em><\/p>\n\n\n\n<p><strong><em>Acompanhe tamb\u00e9m o SE Not\u00edcias no\u00a0<a rel=\"noreferrer noopener\" href=\"https:\/\/twitter.com\/Senoticias\" target=\"_blank\">Twitter<\/a>,\u00a0<a rel=\"noreferrer noopener\" href=\"https:\/\/www.facebook.com\/senoticias1\" target=\"_blank\">Facebook<\/a>\u00a0e no\u00a0<a rel=\"noreferrer noopener\" href=\"https:\/\/www.instagram.com\/senoticias\/\" target=\"_blank\">Instagram<\/a><\/em><\/strong><\/p>\n\n\n\n<p>Fonte: Ag\u00eancia Sergipe de Not\u00edcias<\/p>\n","protected":false},"excerpt":{"rendered":"<p>Como consequ\u00eancia de um escoamento de sistema frontal que, no momento, est\u00e1 sobre o estado da Bahia, chuvas semelhantes \u00e0s que ocorreram no \u00faltimo s\u00e1bado, 16, podem ocorrer a partir da madrugada desta sexta-feira, 22, em todo o estado, com predomin\u00e2ncia no Litoral Sul e Territ\u00f3rios Sul e Centro Sul sergipanos. Segundo informa\u00e7\u00f5es da Coordenadoria [&hellip;]<\/p>\n","protected":false},"author":6557,"featured_media":0,"comment_status":"closed","ping_status":"closed","sticky":false,"template":"","format":"standard","meta":{"footnotes":""},"categories":[15,38],"tags":[119,8023,11416],"class_list":{"0":"post-130254","1":"post","2":"type-post","3":"status-publish","4":"format-standard","6":"category-destaques","7":"category-municipios","8":"tag-chuvas","9":"tag-chuvas-em-sergipe","10":"tag-mudancas-climaticas"},"_links":{"self":[{"href":"https:\/\/senoticias.com.br\/se\/wp-json\/wp\/v2\/posts\/130254"}],"collection":[{"href":"https:\/\/senoticias.com.br\/se\/wp-json\/wp\/v2\/posts"}],"about":[{"href":"https:\/\/senoticias.com.br\/se\/wp-json\/wp\/v2\/types\/post"}],"author":[{"embeddable":true,"href":"https:\/\/senoticias.com.br\/se\/wp-json\/wp\/v2\/users\/6557"}],"replies":[{"embeddable":true,"href":"https:\/\/senoticias.com.br\/se\/wp-json\/wp\/v2\/comments?post=130254"}],"version-history":[{"count":0,"href":"https:\/\/senoticias.com.br\/se\/wp-json\/wp\/v2\/posts\/130254\/revisions"}],"wp:attachment":[{"href":"https:\/\/senoticias.com.br\/se\/wp-json\/wp\/v2\/media?parent=130254"}],"wp:term":[{"taxonomy":"category","embeddable":true,"href":"https:\/\/senoticias.com.br\/se\/wp-json\/wp\/v2\/categories?post=130254"},{"taxonomy":"post_tag","embeddable":true,"href":"https:\/\/senoticias.com.br\/se\/wp-json\/wp\/v2\/tags?post=130254"}],"curies":[{"name":"wp","href":"https:\/\/api.w.org\/{rel}","templated":true}]}}