{"id":130185,"date":"2021-10-16T16:30:07","date_gmt":"2021-10-16T19:30:07","guid":{"rendered":"https:\/\/senoticias.com.br\/se\/?p=130185"},"modified":"2021-10-16T16:30:12","modified_gmt":"2021-10-16T19:30:12","slug":"feirinha-da-gambiarra-realiza-edicao-kids-no-shopping-jardins","status":"publish","type":"post","link":"https:\/\/senoticias.com.br\/se\/feirinha-da-gambiarra-realiza-edicao-kids-no-shopping-jardins\/","title":{"rendered":"Feirinha da Gambiarra realiza Edi\u00e7\u00e3o Kids no Shopping Jardins"},"content":{"rendered":"\n<p>At\u00e9 o dia 20 de outubro, o Shopping Jardins acolhe a Edi\u00e7\u00e3o Kids da Feirinha da Gambiarra, evento que h\u00e1 nove anos movimenta a economia criativa em Sergipe. Na Pra\u00e7a de Eventos Ip\u00ea, em frente \u00e0 loja Riachuelo, as fam\u00edlias encontram acess\u00f3rios em prata, bijouterias, terr\u00e1rios, plantas diversas, artigos de moda infantojuvenil, pipocas gourmet, tortas e outras del\u00edcias comercializados por pequenos empreendedores.<\/p>\n\n\n\n<figure class=\"wp-block-image size-large\"><img loading=\"lazy\" decoding=\"async\" width=\"552\" height=\"322\" src=\"https:\/\/senoticias.com.br\/se\/wp-content\/uploads\/2021\/10\/Feirinha-da-Gambiarra-Kids-no-Shopping-Jardins.jpg\" alt=\"\" class=\"wp-image-130186\" srcset=\"https:\/\/senoticias.com.br\/se\/wp-content\/uploads\/2021\/10\/Feirinha-da-Gambiarra-Kids-no-Shopping-Jardins.jpg 552w, https:\/\/senoticias.com.br\/se\/wp-content\/uploads\/2021\/10\/Feirinha-da-Gambiarra-Kids-no-Shopping-Jardins-300x175.jpg 300w\" sizes=\"(max-width: 552px) 100vw, 552px\" \/><figcaption>At\u00e9 o dia 20 de outubro, o Shopping Jardins acolhe a Edi\u00e7\u00e3o Kids da Feirinha da Gambiarra -Foto: divulga\u00e7\u00e3o<\/figcaption><\/figure>\n\n\n\n<p>A Feirinha da Gambiarra Kids funciona de segunda a s\u00e1bado, das 10h \u00e0s 22h e, no domingo, das 14h \u00e0s 20h.<\/p>\n\n\n\n<p><strong>Jardins da Divers\u00e3o<\/strong><\/p>\n\n\n\n<p>At\u00e9 o dia 17 de outubro, a Pra\u00e7a de Eventos Ip\u00ea, acolhe tamb\u00e9m o espet\u00e1culo infantil \u2018Hist\u00f3rias da Narizinho\u2019. As sess\u00f5es s\u00e3o gratuitas e acontecem \u00e0s 15h, 16h e 17h. Para participar, basta o adulto respons\u00e1vel pela crian\u00e7a retirar a pulseira de acesso nas lojas infantis antecipadamente.<\/p>\n\n\n\n<p><strong>Confira a programa\u00e7\u00e3o:<\/strong><\/p>\n\n\n\n<p>15 de outubro (sexta-feira) \u2013 Narizinho em Uma Aventura na Terra do Nunca<br>Sess\u00f5es: 15h (retirar a pulseira na loja Bibi) | 16h (Lilica&amp;Tigor) | 17h (Malwee Kids);<\/p>\n\n\n\n<p>16 de outubro (s\u00e1bado) \u2013Narizinho no Reino das \u00c1guas Claras<br>Sess\u00f5es: 15h (Piticas) | 16h (Ri Happy) | 17h (Panda Pool);<\/p>\n\n\n\n<p>17 de outubro (domingo) &#8211; Narizinho em Uma Aventura na Terra do Nunca<br>Sess\u00f5es: 15h (Puket) | 16h (Jess\u00e9 Variedades) | 17h (Escariz).<\/p>\n\n\n\n<p><em><strong>Quer receber as principais not\u00edcias do<\/strong>&nbsp;<strong>SE Not\u00edcias<\/strong>&nbsp;<strong>no seu<\/strong>&nbsp;<strong>WhatsApp?<\/strong>&nbsp;<strong><a href=\"https:\/\/api.whatsapp.com\/send?phone=5579991715289\">Clique aqui<\/a><\/strong>.<\/em><\/p>\n\n\n\n<p><strong><em>Acompanhe tamb\u00e9m o SE Not\u00edcias no\u00a0<a rel=\"noreferrer noopener\" href=\"https:\/\/twitter.com\/Senoticias\" target=\"_blank\">Twitter<\/a>,\u00a0<a rel=\"noreferrer noopener\" href=\"https:\/\/www.facebook.com\/senoticias1\" target=\"_blank\">Facebook<\/a>\u00a0e no\u00a0<a rel=\"noreferrer noopener\" href=\"https:\/\/www.instagram.com\/senoticias\/\" target=\"_blank\">Instagram<\/a><\/em><\/strong><br><\/p>\n\n\n\n<p>Fonte: Lotti+Caldas Comunica\u00e7\u00e3o<\/p>\n","protected":false},"excerpt":{"rendered":"<p>At\u00e9 o dia 20 de outubro, o Shopping Jardins acolhe a Edi\u00e7\u00e3o Kids da Feirinha da Gambiarra, evento que h\u00e1 nove anos movimenta a economia criativa em Sergipe. Na Pra\u00e7a de Eventos Ip\u00ea, em frente \u00e0 loja Riachuelo, as fam\u00edlias encontram acess\u00f3rios em prata, bijouterias, terr\u00e1rios, plantas diversas, artigos de moda infantojuvenil, pipocas gourmet, tortas [&hellip;]<\/p>\n","protected":false},"author":6557,"featured_media":0,"comment_status":"closed","ping_status":"closed","sticky":false,"template":"","format":"standard","meta":{"footnotes":""},"categories":[15,21],"tags":[35156,14008,35155],"class_list":{"0":"post-130185","1":"post","2":"type-post","3":"status-publish","4":"format-standard","6":"category-destaques","7":"category-entretenimento","8":"tag-edicao-kids-no-shopping-jardins","9":"tag-feirinha-da-gambiarra","10":"tag-feirinha-da-gambiarra-kids"},"_links":{"self":[{"href":"https:\/\/senoticias.com.br\/se\/wp-json\/wp\/v2\/posts\/130185"}],"collection":[{"href":"https:\/\/senoticias.com.br\/se\/wp-json\/wp\/v2\/posts"}],"about":[{"href":"https:\/\/senoticias.com.br\/se\/wp-json\/wp\/v2\/types\/post"}],"author":[{"embeddable":true,"href":"https:\/\/senoticias.com.br\/se\/wp-json\/wp\/v2\/users\/6557"}],"replies":[{"embeddable":true,"href":"https:\/\/senoticias.com.br\/se\/wp-json\/wp\/v2\/comments?post=130185"}],"version-history":[{"count":0,"href":"https:\/\/senoticias.com.br\/se\/wp-json\/wp\/v2\/posts\/130185\/revisions"}],"wp:attachment":[{"href":"https:\/\/senoticias.com.br\/se\/wp-json\/wp\/v2\/media?parent=130185"}],"wp:term":[{"taxonomy":"category","embeddable":true,"href":"https:\/\/senoticias.com.br\/se\/wp-json\/wp\/v2\/categories?post=130185"},{"taxonomy":"post_tag","embeddable":true,"href":"https:\/\/senoticias.com.br\/se\/wp-json\/wp\/v2\/tags?post=130185"}],"curies":[{"name":"wp","href":"https:\/\/api.w.org\/{rel}","templated":true}]}}