{"id":130164,"date":"2021-10-14T21:42:22","date_gmt":"2021-10-15T00:42:22","guid":{"rendered":"https:\/\/senoticias.com.br\/se\/?p=130164"},"modified":"2021-10-14T21:49:36","modified_gmt":"2021-10-15T00:49:36","slug":"caso-ana-paula-marido-e-condenado-a-21-anos-de-prisao","status":"publish","type":"post","link":"https:\/\/senoticias.com.br\/se\/caso-ana-paula-marido-e-condenado-a-21-anos-de-prisao\/","title":{"rendered":"Justi\u00e7a de Sergipe condena homem pela morte de esposa v\u00edtima de golpes de marreta"},"content":{"rendered":"\n<p>Foi encerrado nesta quinta-feira, 14, o julgamento de Vitor Arag\u00e3o da Silva, acusado de matar a esposa, Ana Paula de Jesus Santos, com golpes de marretada. Vitor foi condenado a 21 anos de pris\u00e3o em regime fechado.<\/p>\n\n\n\n<figure class=\"wp-block-image size-large\"><img loading=\"lazy\" decoding=\"async\" width=\"550\" height=\"453\" src=\"https:\/\/senoticias.com.br\/se\/wp-content\/uploads\/2021\/10\/Caso-Ana-Paula-SE-Noticias.jpg\" alt=\"\" class=\"wp-image-130165\" srcset=\"https:\/\/senoticias.com.br\/se\/wp-content\/uploads\/2021\/10\/Caso-Ana-Paula-SE-Noticias.jpg 550w, https:\/\/senoticias.com.br\/se\/wp-content\/uploads\/2021\/10\/Caso-Ana-Paula-SE-Noticias-300x247.jpg 300w\" sizes=\"(max-width: 550px) 100vw, 550px\" \/><figcaption>Victor Arag\u00e3o foi condenado pelo crime de feminic\u00eddio (Foto: Facebook\/arquivo pessoal)<\/figcaption><\/figure>\n\n\n\n<p>O julgamento come\u00e7ou na quarta-feira, 13, na 8\u00aa Vara Criminal de Aracaju, e foi encerrado hoje. Os jurados decidiram pela condena\u00e7\u00e3o do r\u00e9u por feminic\u00eddio.<\/p>\n\n\n\n<p>O crime aconteceu em maio de 2019 no conjunto Dom Pedro, em Aracaju. Ana Paula foi morta enquanto dormia com golpes de marreta na cabe\u00e7a. Na \u00e9poca, Vitor informou a pol\u00edcia que algu\u00e9m tinha entrado na resid\u00eancia, matado a esposa e o agredido com um tijolo.<\/p>\n\n\n\n<p>Tr\u00eas dias ap\u00f3s o crime, a pol\u00edcia prendeu Vitor alegando contradi\u00e7\u00f5es no depoimento dele, e ao contr\u00e1rio do que ele havia relatado, os laudos e provas n\u00e3o apontaram a presen\u00e7a de uma terceira pessoa no local do crime.<\/p>\n\n\n\n<p>Mat\u00e9ria produzida pela jornalista <strong><a href=\"https:\/\/infonet.com.br\/noticias\/cidade\/caso-ana-paula-marido-e-condenado-a-21-anos-de-prisao\/\">Karla Pinheiro<\/a><\/strong>, do portal Infonet<\/p>\n","protected":false},"excerpt":{"rendered":"<p>Foi encerrado nesta quinta-feira, 14, o julgamento de Vitor Arag\u00e3o da Silva, acusado de matar a esposa, Ana Paula de Jesus Santos, com golpes de marretada. Vitor foi condenado a 21 anos de pris\u00e3o em regime fechado. O julgamento come\u00e7ou na quarta-feira, 13, na 8\u00aa Vara Criminal de Aracaju, e foi encerrado hoje. Os jurados [&hellip;]<\/p>\n","protected":false},"author":6557,"featured_media":0,"comment_status":"closed","ping_status":"closed","sticky":false,"template":"","format":"standard","meta":{"footnotes":""},"categories":[15,7,1],"tags":[35133,5690,35134],"class_list":{"0":"post-130164","1":"post","2":"type-post","3":"status-publish","4":"format-standard","6":"category-destaques","7":"category-policia","8":"category-sem-categoria","9":"tag-caso-ana-paula","10":"tag-feminicidio","11":"tag-golpes-de-marretada"},"_links":{"self":[{"href":"https:\/\/senoticias.com.br\/se\/wp-json\/wp\/v2\/posts\/130164"}],"collection":[{"href":"https:\/\/senoticias.com.br\/se\/wp-json\/wp\/v2\/posts"}],"about":[{"href":"https:\/\/senoticias.com.br\/se\/wp-json\/wp\/v2\/types\/post"}],"author":[{"embeddable":true,"href":"https:\/\/senoticias.com.br\/se\/wp-json\/wp\/v2\/users\/6557"}],"replies":[{"embeddable":true,"href":"https:\/\/senoticias.com.br\/se\/wp-json\/wp\/v2\/comments?post=130164"}],"version-history":[{"count":0,"href":"https:\/\/senoticias.com.br\/se\/wp-json\/wp\/v2\/posts\/130164\/revisions"}],"wp:attachment":[{"href":"https:\/\/senoticias.com.br\/se\/wp-json\/wp\/v2\/media?parent=130164"}],"wp:term":[{"taxonomy":"category","embeddable":true,"href":"https:\/\/senoticias.com.br\/se\/wp-json\/wp\/v2\/categories?post=130164"},{"taxonomy":"post_tag","embeddable":true,"href":"https:\/\/senoticias.com.br\/se\/wp-json\/wp\/v2\/tags?post=130164"}],"curies":[{"name":"wp","href":"https:\/\/api.w.org\/{rel}","templated":true}]}}