{"id":130133,"date":"2021-10-12T21:05:12","date_gmt":"2021-10-13T00:05:12","guid":{"rendered":"https:\/\/senoticias.com.br\/se\/?p=130133"},"modified":"2021-10-12T21:07:26","modified_gmt":"2021-10-13T00:07:26","slug":"idosa-morre-carbonizada-dentro-de-casa-no-municipio-de-sao-cristovao","status":"publish","type":"post","link":"https:\/\/senoticias.com.br\/se\/idosa-morre-carbonizada-dentro-de-casa-no-municipio-de-sao-cristovao\/","title":{"rendered":"Idosa morre carbonizada dentro de casa no munic\u00edpio de S\u00e3o Crist\u00f3v\u00e3o"},"content":{"rendered":"\n<p><\/p>\n\n\n\n<p>A tarde do feriado desta ter\u00e7a-feira, 12, foi de tristeza no munic\u00edpio de S\u00e3o Crist\u00f3v\u00e3o. O Corpo de Bombeiros foi acionado para atender a uma ocorr\u00eancia de inc\u00eandio em uma resid\u00eancia localizada no Areial do Alto da Divin\u00e9ia.<\/p>\n\n\n\n<figure class=\"wp-block-image size-large\"><img loading=\"lazy\" decoding=\"async\" width=\"551\" height=\"345\" src=\"https:\/\/senoticias.com.br\/se\/wp-content\/uploads\/2021\/10\/Idosa-morre-carbonizada-se-noticias.jpg\" alt=\"\" class=\"wp-image-130134\" srcset=\"https:\/\/senoticias.com.br\/se\/wp-content\/uploads\/2021\/10\/Idosa-morre-carbonizada-se-noticias.jpg 551w, https:\/\/senoticias.com.br\/se\/wp-content\/uploads\/2021\/10\/Idosa-morre-carbonizada-se-noticias-300x188.jpg 300w, https:\/\/senoticias.com.br\/se\/wp-content\/uploads\/2021\/10\/Idosa-morre-carbonizada-se-noticias-120x76.jpg 120w, https:\/\/senoticias.com.br\/se\/wp-content\/uploads\/2021\/10\/Idosa-morre-carbonizada-se-noticias-274x173.jpg 274w, https:\/\/senoticias.com.br\/se\/wp-content\/uploads\/2021\/10\/Idosa-morre-carbonizada-se-noticias-308x192.jpg 308w\" sizes=\"(max-width: 551px) 100vw, 551px\" \/><figcaption>Casa da idosa ap\u00f3s inc\u00eandio em S\u00e3o Crist\u00f3v\u00e3o \u2014 Foto: CBMSE<\/figcaption><\/figure>\n\n\n\n<p>Ao chegar ao local, a equipe se deparou com muita fuma\u00e7a e um corpo carbonizado na sala da resid\u00eancia. As primeiras informa\u00e7\u00f5es deram conta de que o corpo seria da idosa Maria Cec\u00edlia dos Santos Sales, de 91 anos. Ela teria acendido um cachimbo e o fogo acabou tendo in\u00edcio no sof\u00e1 onde ela estava. Vizinhos relataram que um cuidador ficava com ela, por\u00e9m no momento do acidente ele teria sa\u00eddo.<\/p>\n\n\n\n<p>Uma equipe do Instituto de Criminal\u00edstica esteve no local para levantar vest\u00edgios sobre o que teria provocado o inc\u00eandio.<\/p>\n\n\n\n<p><em><strong>Quer receber as principais not\u00edcias do<\/strong>&nbsp;<strong>SE Not\u00edcias<\/strong>&nbsp;<strong>no seu<\/strong>&nbsp;<strong>WhatsApp?<\/strong>&nbsp;<strong><a href=\"https:\/\/api.whatsapp.com\/send?phone=5579991715289\">Clique aqui<\/a><\/strong>.<\/em><\/p>\n\n\n\n<p><strong><em>Acompanhe tamb\u00e9m o SE Not\u00edcias no\u00a0<a rel=\"noreferrer noopener\" href=\"https:\/\/twitter.com\/Senoticias\" target=\"_blank\">Twitter<\/a>,\u00a0<a rel=\"noreferrer noopener\" href=\"https:\/\/www.facebook.com\/senoticias1\" target=\"_blank\">Facebook<\/a>\u00a0e no\u00a0<a rel=\"noreferrer noopener\" href=\"https:\/\/www.instagram.com\/senoticias\/\" target=\"_blank\">Instagram<\/a><\/em><\/strong><\/p>\n\n\n\n<p>Fonte: <strong><a href=\"https:\/\/fanf1.com.br\/cidades\/2021\/10\/23434\/idosa-morre-carbonizada-dentro-de-casa-no-municipio-de-sao-c.html\">FANF1<\/a><\/strong><\/p>\n","protected":false},"excerpt":{"rendered":"<p>A tarde do feriado desta ter\u00e7a-feira, 12, foi de tristeza no munic\u00edpio de S\u00e3o Crist\u00f3v\u00e3o. O Corpo de Bombeiros foi acionado para atender a uma ocorr\u00eancia de inc\u00eandio em uma resid\u00eancia localizada no Areial do Alto da Divin\u00e9ia. Ao chegar ao local, a equipe se deparou com muita fuma\u00e7a e um corpo carbonizado na sala [&hellip;]<\/p>\n","protected":false},"author":6557,"featured_media":0,"comment_status":"closed","ping_status":"closed","sticky":false,"template":"","format":"standard","meta":{"footnotes":""},"categories":[15,7,1],"tags":[7426,35119,335],"class_list":{"0":"post-130133","1":"post","2":"type-post","3":"status-publish","4":"format-standard","6":"category-destaques","7":"category-policia","8":"category-sem-categoria","9":"tag-idosa-morre","10":"tag-idosa-morre-carbonizada","11":"tag-sao-cristovao"},"_links":{"self":[{"href":"https:\/\/senoticias.com.br\/se\/wp-json\/wp\/v2\/posts\/130133"}],"collection":[{"href":"https:\/\/senoticias.com.br\/se\/wp-json\/wp\/v2\/posts"}],"about":[{"href":"https:\/\/senoticias.com.br\/se\/wp-json\/wp\/v2\/types\/post"}],"author":[{"embeddable":true,"href":"https:\/\/senoticias.com.br\/se\/wp-json\/wp\/v2\/users\/6557"}],"replies":[{"embeddable":true,"href":"https:\/\/senoticias.com.br\/se\/wp-json\/wp\/v2\/comments?post=130133"}],"version-history":[{"count":0,"href":"https:\/\/senoticias.com.br\/se\/wp-json\/wp\/v2\/posts\/130133\/revisions"}],"wp:attachment":[{"href":"https:\/\/senoticias.com.br\/se\/wp-json\/wp\/v2\/media?parent=130133"}],"wp:term":[{"taxonomy":"category","embeddable":true,"href":"https:\/\/senoticias.com.br\/se\/wp-json\/wp\/v2\/categories?post=130133"},{"taxonomy":"post_tag","embeddable":true,"href":"https:\/\/senoticias.com.br\/se\/wp-json\/wp\/v2\/tags?post=130133"}],"curies":[{"name":"wp","href":"https:\/\/api.w.org\/{rel}","templated":true}]}}